{"id":1983,"date":"2018-02-24T10:00:41","date_gmt":"2018-02-24T13:00:41","guid":{"rendered":"https:\/\/blogs.correiobraziliense.com.br\/denise\/?p=1983"},"modified":"2018-02-25T23:50:46","modified_gmt":"2018-02-26T02:50:46","slug":"facam-o-que-eu-faco","status":"publish","type":"post","link":"https:\/\/blogs.correiobraziliense.com.br\/denise\/facam-o-que-eu-faco\/","title":{"rendered":"Fa\u00e7am o que eu fa\u00e7o"},"content":{"rendered":"<p>Bras\u00edlia-DF<\/p>\n<p>Quem trabalha no governo federal e completou um ano de recebimento do aux\u00edlio-moradia em janeiro e fevereiro tomou um susto este m\u00eas. \u00c9 que a folha de pagamento traz o desconto de 25% no valor do benef\u00edcio, conforme previsto na Medida Provis\u00f3ria n\u00ba 805. No ano que vem, vir\u00e3o mais 25%, at\u00e9 zerar em quatro anos. Se o servidor comprovar que n\u00e3o tem im\u00f3vel no DF nem mora com algu\u00e9m que j\u00e1 receba o benef\u00edcio, voltar\u00e1 a ter direito ao aux\u00edlio.<\/p>\n<p>\u00bb \u00bb \u00bb <\/p>\n<p>A nova regra foi colocada em destaque na mensagem presidencial encaminhada ao Congresso este ano. Tudo para mostrar que, se dependesse do Poder Executivo, estaria liquidada essa mamata de aux\u00edlio-moradia para quem tem im\u00f3vel pr\u00f3prio ou mora com quem j\u00e1 recebe o benef\u00edcio. Ali\u00e1s, reza a norma: no Executivo, o aux\u00edlio s\u00f3 vale para quem veio de fora e n\u00e3o tem im\u00f3vel no DF.<\/p>\n<p>Vem mais<\/p>\n<p>Depois de a Fitch rebaixar a nota do Brasil, o mercado aposta que a Moody\u2019s vir\u00e1 na mesma batida. Por\u00e9m, n\u00e3o haver\u00e1 tanto estresse. Esses movimentos n\u00e3o v\u00e3o afetar muito os investidores, porque o cen\u00e1rio externo \u00e9 favor\u00e1vel e j\u00e1 s\u00e3o esperados em fun\u00e7\u00e3o do p\u00e9 no freio em rela\u00e7\u00e3o \u00e0 reforma da Previd\u00eancia.<\/p>\n<p>L\u00e1 e c\u00e1<\/p>\n<p>Outro fator que ajuda o Brasil em rela\u00e7\u00e3o aos investidores \u00e9 o favoritismo de Andr\u00e9s Manuel Lopez Obrador, no M\u00e9xico. O ex-prefeito da Cidade do M\u00e9xico lidera as pesquisas para a elei\u00e7\u00e3o presidencial de julho e, se vencer, aumenta a incerteza no pa\u00eds, fazendo com que muitos operadores voltem seus olhos ao mercado brasileiro.<\/p>\n<p>O perigo \u00e9 outro<\/p>\n<p>Os investidores est\u00e3o de olho mesmo \u00e9 na elei\u00e7\u00e3o presidencial. Dizem que, enquanto um candidato reformista se apresentar com chances de vencer a elei\u00e7\u00e3o, o pa\u00eds estar\u00e1 seguro. Para 2019, entretanto, a previs\u00e3o \u00e9 de nervosismo total: o Brasil ter\u00e1 que decidir se far\u00e1 a reforma para evitar virar uma Gr\u00e9cia ou se viver\u00e1 um cen\u00e1rio grego para, depois, fazer uma PEC da Previd\u00eancia muito mais dura.<\/p>\n<p>Mau come\u00e7o<\/p>\n<p>A forma como o prefeito de Manaus, Arthur Virg\u00edlio, desistiu da pr\u00e9via para presidente da Rep\u00fablica pode at\u00e9 parecer um al\u00edvio para os aliados do governador de S\u00e3o Paulo, Geraldo Alckmin, mas arrisca ser um grande problema no m\u00e9dio prazo. Os amazonenses t\u00eam problemas em apoiar paulistas por causa da disputa em torno da Zona Franca de Manaus. Para completar, nenhum dos partidos com assento por l\u00e1 se colocou na linha pr\u00f3-Geraldo.<\/p>\n<p>Revival?\/ Ex-ministro da Casa Civil do governo Dilma Rousseff, Aloizio Mercadante (foto) sugeriu dia desses, numa reuni\u00e3o fechada do partido, que, se fosse para o PT ter um plano B, esse nome deveria ser o da ex-presidente. Os presentes, em sua maioria do grupo Construindo um Novo Brasil (CNB), fizeram ouvidos de mercador para a proposta.<\/p>\n<p>Por falar em plano B&#8230;\/ Lula, avaliam seus amigos, n\u00e3o est\u00e1 t\u00e3o animado quanto parece. Sua maior preocupa\u00e7\u00e3o hoje s\u00e3o os processos envolvendo os filhos.<\/p>\n<p>Enquanto isso, em Minas&#8230;\/ Tem gente no PT defendendo a seguinte conversa com os tucanos: o PSDB lan\u00e7a o nome que for mais fraco para o governo estadual, deixando Fernando Pimentel navegar com bons ventos. Em troca, os petistas p\u00f5em um nome mais fraco para o Senado, de forma a dar uma ajuda a A\u00e9cio Neves. Pode parecer maluquice, mas, quando se trata de pol\u00edtica, e, ainda mais nesta era de incertezas, ningu\u00e9m est\u00e1 descartando nada.<\/p>\n<p>O \u201cquadradinho\u201d tem seu charme\/ O comando nacional do PDT quer o presidente da C\u00e2mara Legislativa, Joe Valle, candidato a governador do Distrito Federal para dar a Ciro Gomes um palanque na capital federal. O eleitorado \u00e9 pequeno, 2 milh\u00f5es, mas \u00e9 caixa de resson\u00e2ncia para todo o Brasil.<\/p>\n<p>E o Temer, hein?\/ Entre os aliados dele, a hist\u00f3ria de dizer que n\u00e3o \u00e9 candidato em entrevista na Bandeirantes n\u00e3o colou. Eles continuam apostando na candidatura.<\/p>\n","protected":false},"excerpt":{"rendered":"<p>Bras\u00edlia-DF Quem trabalha no governo federal e completou um ano de recebimento do aux\u00edlio-moradia em janeiro e fevereiro tomou um susto este m\u00eas. \u00c9 que a folha de pagamento traz o desconto de 25% no valor do benef\u00edcio, conforme previsto na Medida Provis\u00f3ria n\u00ba 805. No ano que vem, vir\u00e3o mais 25%, at\u00e9 zerar em quatro anos. Se o servidor [&hellip;]<\/p>\n","protected":false},"author":29,"featured_media":0,"comment_status":"closed","ping_status":"closed","sticky":false,"template":"","format":"standard","meta":{"footnotes":""},"categories":[4],"tags":[],"class_list":["post-1983","post","type-post","status-publish","format-standard","hentry","category-coluna-brasilia-df"],"_links":{"self":[{"href":"https:\/\/blogs.correiobraziliense.com.br\/denise\/wp-json\/wp\/v2\/posts\/1983","targetHints":{"allow":["GET"]}}],"collection":[{"href":"https:\/\/blogs.correiobraziliense.com.br\/denise\/wp-json\/wp\/v2\/posts"}],"about":[{"href":"https:\/\/blogs.correiobraziliense.com.br\/denise\/wp-json\/wp\/v2\/types\/post"}],"author":[{"embeddable":true,"href":"https:\/\/blogs.correiobraziliense.com.br\/denise\/wp-json\/wp\/v2\/users\/29"}],"replies":[{"embeddable":true,"href":"https:\/\/blogs.correiobraziliense.com.br\/denise\/wp-json\/wp\/v2\/comments?post=1983"}],"version-history":[{"count":1,"href":"https:\/\/blogs.correiobraziliense.com.br\/denise\/wp-json\/wp\/v2\/posts\/1983\/revisions"}],"predecessor-version":[{"id":1984,"href":"https:\/\/blogs.correiobraziliense.com.br\/denise\/wp-json\/wp\/v2\/posts\/1983\/revisions\/1984"}],"wp:attachment":[{"href":"https:\/\/blogs.correiobraziliense.com.br\/denise\/wp-json\/wp\/v2\/media?parent=1983"}],"wp:term":[{"taxonomy":"category","embeddable":true,"href":"https:\/\/blogs.correiobraziliense.com.br\/denise\/wp-json\/wp\/v2\/categories?post=1983"},{"taxonomy":"post_tag","embeddable":true,"href":"https:\/\/blogs.correiobraziliense.com.br\/denise\/wp-json\/wp\/v2\/tags?post=1983"}],"curies":[{"name":"wp","href":"https:\/\/api.w.org\/{rel}","templated":true}]}}