{"id":1979,"date":"2018-02-22T09:00:50","date_gmt":"2018-02-22T12:00:50","guid":{"rendered":"https:\/\/blogs.correiobraziliense.com.br\/denise\/?p=1979"},"modified":"2018-02-23T17:50:28","modified_gmt":"2018-02-23T20:50:28","slug":"um-candidato-dois-objetivos","status":"publish","type":"post","link":"https:\/\/blogs.correiobraziliense.com.br\/denise\/um-candidato-dois-objetivos\/","title":{"rendered":"Um candidato,  dois objetivos"},"content":{"rendered":"<p>Com o governador de S\u00e3o Paulo, Geraldo Alckmin, disposto a manter uma certa dist\u00e2ncia do presidente Michel Temer, e o presidente da C\u00e2mara, Rodrigo Maia, delimitando espa\u00e7o na tentativa de n\u00e3o se misturar com o governo, os aliados do Planalto come\u00e7am a querer impulsionar uma candidatura de Temer para deixar o MDB ser PMDB: ficar com um p\u00e9 em cada canoa para, num segundo turno, negociar um lugar ao sol com o candidato de centro que passar \u00e0 segunda rodada.<\/p>\n<p>\u00bb \u00bb \u00bb <\/p>\n<p>A candidatura ajuda o partido em duas frentes: a primeira, evitar que aconte\u00e7a com o governo Temer o que houve com o ent\u00e3o presidente Jos\u00e9 Sarney, em 1989. Naquele ano, a elei\u00e7\u00e3o foi \u201csolteira\u201d, ou seja, sem disputa para governador, senador e deputados federais e estaduais. Sarney apanhou de todos os candidatos e ficou sem ningu\u00e9m que defendesse o governo. Diante desse racioc\u00ednio, os emedebistas consideram que n\u00e3o t\u00eam nada a perder: Temer teria, enquanto candidato, condi\u00e7\u00f5es de defender o seu legado e, de quebra, em caso de derrota, aumentaria o cacife para o segundo turno. Mais MDB do que isso, imposs\u00edvel.<\/p>\n<p>O toma l\u00e1 d\u00e1 c\u00e1 parlamentar<\/p>\n<p>Come\u00e7ou um movimento de bastidores no plen\u00e1rio da C\u00e2mara para antecipar a janela partid\u00e1ria. \u00c9 que algumas excel\u00eancias est\u00e3o interessadas em leiloar a<br \/>\ncandidatura. Funciona mais ou menos assim: o deputado se filiaria ao partido que lhe garantir mais dinheiro para a campanha eleitoral. Os lances est\u00e3o variando<br \/>\nde R$ 1 milh\u00e3o a R$ 2 milh\u00f5es.<\/p>\n<p>Muita calma nessa hora<\/p>\n<p>O assunto foi levado em tese, sem nomes aos bois, \u00e0 reuni\u00e3o do PSDB com Geraldo Alckmin ontem. O comandante tucano pediu paci\u00eancia aos seus filiados. Haver\u00e1 dinheiro para a campanha. Dentro do PSDB, muitos deputados receberam convites, propostas de financiamento de campanha em outras legendas, mas temem comprar gato por lebre. Geraldo Alckmin escutou todas as queixas e garantiu a todos que haver\u00e1 dinheiro para a campanha. A maioria dos tucanos gostou do que ouviu.<\/p>\n<p>Enquanto isso, nos<br \/>\npartidos de esquerda\u2026<\/p>\n<p>O encontro entre o ex-prefeito Fernando Haddad e Ciro Gomes traz \u00e0 tona a ideia de que n\u00e3o se deve manter a tese da imola\u00e7\u00e3o, ou seja, da manuten\u00e7\u00e3o unicamente da candidatura de Lula at\u00e9 agosto ou setembro. Essa \u00e9 uma nova linha de atua\u00e7\u00e3o dentro do PT e do leque de partidos que gravitam em seu entorno: PDT, PCdoB e um peda\u00e7o do PSB. A ordem para unir \u00e9 buscar um programa de governo e uma frente com esses partidos. Falta, entretanto, combinar. A c\u00fapula do PSB, por exemplo, tem resist\u00eancias em seguir com o PT no plano nacional.<\/p>\n<p>O p\u00e9riplo da Eletrobr\u00e1s<\/p>\n<p>Rodrigo Maia pode at\u00e9 reclamar do pacote das 15 medidas anunciadas pelo governo para tentar segurar a melhoria do ambiente econ\u00f4mico, mas j\u00e1 recebeu alerta de que algo precisa ser feito. O presidente da Eletrobr\u00e1s, Wilson Ferreira J\u00fanior, por exemplo, foi dizer a ele que, sem privatiza\u00e7\u00e3o e sem dinheiro, a tend\u00eancia \u00e9 a empresa encolher. O n\u00famero mais explorado por Ferreira J\u00fanior \u00e9 o de que a empresa ter\u00e1 que investir<br \/>\nR$ 50 bilh\u00f5es nos pr\u00f3ximos cinco anos apenas para manter sua posi\u00e7\u00e3o no mercado.<\/p>\n<p>PP dividido\/ Enquanto o presidente do PP, Ciro Nogueira (foto), joga em favor de Rodrigo Maia (DEM-RJ) nesta temporada de pr\u00e9-campanha presidencial, o ministro da Agricultura, Blairo Maggi, diz para uma plateia com os pesos pesados do campo nacional que Geraldo Alckmin saber\u00e1 cuidar do Brasil.<\/p>\n<p>Dois na roda\/ Blairo fez o afago a Alckmin em discurso, na festa da posse da nova presidente da Frente Parlamentar de Agricultura, deputada Teresa Cristina (DEM-MS), na noite de ter\u00e7a-feira. No palco, estavam o governador, o presidente da C\u00e2mara, Rodrigo Maia, o ministro da Secretaria de Governo, Carlos Marun, entre outros.<\/p>\n<p>Um jogando parado\/ Nas conversas que teve, Geraldo Alckmin avisou que, nos pr\u00f3ximos 40 dias, estar\u00e1 mais focado em inaugura\u00e7\u00f5es e entrega de servi\u00e7os no estado. Depois \u00e9 que ter\u00e1 mais liberdade para caminhar.<\/p>\n<p>Um palanque, dois candidatos\/ Geraldo, ali\u00e1s, tem dito tamb\u00e9m que dificilmente ter\u00e1 apenas um candidato ao governo de S\u00e3o Paulo. O PSDB quer ter um nome para chamar de seu, e o PSB j\u00e1 tem o vice-governador M\u00e1rcio Fran\u00e7a. Se houver uni\u00e3o, s\u00f3 mais \u00e0 frente. N\u00e3o por acaso, Michel Temer diz que s\u00f3 trata de candidatura em maio. \u00c9 quando o jogo passar\u00e1 a ficar mais claro.<\/p>\n","protected":false},"excerpt":{"rendered":"<p>Com o governador de S\u00e3o Paulo, Geraldo Alckmin, disposto a manter uma certa dist\u00e2ncia do presidente Michel Temer, e o presidente da C\u00e2mara, Rodrigo Maia, delimitando espa\u00e7o na tentativa de n\u00e3o se misturar com o governo, os aliados do Planalto come\u00e7am a querer impulsionar uma candidatura de Temer para deixar o MDB ser PMDB: ficar com um p\u00e9 em cada [&hellip;]<\/p>\n","protected":false},"author":29,"featured_media":0,"comment_status":"closed","ping_status":"closed","sticky":false,"template":"","format":"standard","meta":{"footnotes":""},"categories":[4],"tags":[],"class_list":["post-1979","post","type-post","status-publish","format-standard","hentry","category-coluna-brasilia-df"],"_links":{"self":[{"href":"https:\/\/blogs.correiobraziliense.com.br\/denise\/wp-json\/wp\/v2\/posts\/1979","targetHints":{"allow":["GET"]}}],"collection":[{"href":"https:\/\/blogs.correiobraziliense.com.br\/denise\/wp-json\/wp\/v2\/posts"}],"about":[{"href":"https:\/\/blogs.correiobraziliense.com.br\/denise\/wp-json\/wp\/v2\/types\/post"}],"author":[{"embeddable":true,"href":"https:\/\/blogs.correiobraziliense.com.br\/denise\/wp-json\/wp\/v2\/users\/29"}],"replies":[{"embeddable":true,"href":"https:\/\/blogs.correiobraziliense.com.br\/denise\/wp-json\/wp\/v2\/comments?post=1979"}],"version-history":[{"count":1,"href":"https:\/\/blogs.correiobraziliense.com.br\/denise\/wp-json\/wp\/v2\/posts\/1979\/revisions"}],"predecessor-version":[{"id":1980,"href":"https:\/\/blogs.correiobraziliense.com.br\/denise\/wp-json\/wp\/v2\/posts\/1979\/revisions\/1980"}],"wp:attachment":[{"href":"https:\/\/blogs.correiobraziliense.com.br\/denise\/wp-json\/wp\/v2\/media?parent=1979"}],"wp:term":[{"taxonomy":"category","embeddable":true,"href":"https:\/\/blogs.correiobraziliense.com.br\/denise\/wp-json\/wp\/v2\/categories?post=1979"},{"taxonomy":"post_tag","embeddable":true,"href":"https:\/\/blogs.correiobraziliense.com.br\/denise\/wp-json\/wp\/v2\/tags?post=1979"}],"curies":[{"name":"wp","href":"https:\/\/api.w.org\/{rel}","templated":true}]}}