{"id":1976,"date":"2018-02-23T07:19:54","date_gmt":"2018-02-23T10:19:54","guid":{"rendered":"https:\/\/blogs.correiobraziliense.com.br\/denise\/?p=1976"},"modified":"2018-02-23T08:32:11","modified_gmt":"2018-02-23T11:32:11","slug":"o-posto-ipiranga-do-brasil","status":"publish","type":"post","link":"https:\/\/blogs.correiobraziliense.com.br\/denise\/o-posto-ipiranga-do-brasil\/","title":{"rendered":"O &#8220;posto Ipiranga&#8221; do Brasil"},"content":{"rendered":"<p>A ida do presidente Michel Temer \u00e0 reuni\u00e3o do Conselho Militar de  Defesa n\u00e3o foi um mero convescote, como quis fazer crer o governo, e sim uma tentativa de acalmar as For\u00e7as Armadas. H\u00e1 um desconforto<br \/>\ngeneralizado entre os militares com o fato de o Ex\u00e9rcito ser usado para tudo, de constru\u00e7\u00e3o de rodovias, pacifica\u00e7\u00e3o de morros e at\u00e9 acolhimento aos venezuelanos. O pessoal da ativa \u00e9 mais fechado ao se referir a esse tema. Por\u00e9m, consideram que n\u00e3o d\u00e1 para desvirtuar o papel das For\u00e7as Armadas, como foi desvirtuado. Na avalia\u00e7\u00e3o de alguns, o Ex\u00e9rcito acabou virando \u201cposto Ipiranga\u201d, uma refer\u00eancia ao premiado an\u00fancio que faz sucesso na tev\u00ea.<\/p>\n<p>Os militares da reserva, que t\u00eam mais liberdade para dizer o que pensam, n\u00e3o escondem as preocupa\u00e7\u00f5es. Do alto de quem comandou o Estado-maior Conjunto das For\u00e7as Armadas nos tempos da ocupa\u00e7\u00e3o das favelas do Alem\u00e3o, em 2010, e, mais tarde, do complexo da Mar\u00e9, o general Jos\u00e9 Carlos De Nardi, alerta: \u201cEst\u00e3o desvirtuando o emprego do Ex\u00e9rcito. Para o momento, a interven\u00e7\u00e3o foi um mal necess\u00e1rio, mas n\u00e3o<br \/>\n\u00e9 a solu\u00e7\u00e3o definitiva. E tem que dar os meios para atuar, sociais e jur\u00eddicos\u201d, disse o general \u00e0 coluna.<\/p>\n<p>A receita do general I<br \/>\nO ex-comandante do EMCFA general Jos\u00e9 Carlos De Nardi lembra que, no per\u00edodo em que for\u00e7as militares ocuparam as favelas do Alem\u00e3o, o ent\u00e3o ministro da Defesa, Nelson Jobim, montou um local na base do morro com delegado e juiz de plant\u00e3o, apoiando as a\u00e7\u00f5es. \u201cO apoio pol\u00edtico o presidente j\u00e1 deu, que foi decretar a interven\u00e7\u00e3o. Agora, falta o jur\u00eddico\u201d, diz De Nardi.<\/p>\n<p>A receita do general II<br \/>\nO ex-comandante De Nardi lembra que \u201cpara dar certo \u00e9 preciso algo mais. No Alem\u00e3o, em 2010, ficamos um ano e pouco, depois, ficamos mais tempo na Mar\u00e9. Sa\u00edmos e, com o tempo, voltou ao que era. Sem a<br \/>\npresen\u00e7a do Estado, apoio da Justi\u00e7a e do governo do estado, elaborando projetos sociais, dentro de um ano, seis meses, h\u00e1 o risco de voltar a ser o que era antes da interven\u00e7\u00e3o\u201d, alerta o general<br \/>\nga\u00facho, que hoje acompanha a interven\u00e7\u00e3o \u00e0 dist\u00e2ncia, de seu estado natal.<\/p>\n<p>E Roraima, hein?<br \/>\nDe Nardi n\u00e3o esconde sua insatisfa\u00e7\u00e3o com o uso do Ex\u00e9rcito no apoio aos venezuelanos: \u201cO que o ex\u00e9rcito tem a ver com isso? Ser\u00e1 que os servi\u00e7os sociais e Rela\u00e7\u00f5es Exteriores n\u00e3o poderiam cuidar dos<br \/>\nvenezuelanos?\u201d<\/p>\n<p>A novela da ira<br \/>\nDepois de Rodrigo Maia ficar irado com os cortes no Or\u00e7amento das Cidades, foi a vez do Planalto fechar a cara para o ministro Alexandre Baldy. Hoje, Baldy vai ao Cear\u00e1 para an\u00fancio de investimentos ao lado do governador Camilo Santana e do presidente do Senado Eun\u00edcio Oliveira. Camilo \u00e9 do PT e Eun\u00edcio j\u00e1 tem dito que prefere apoiar Lula. Os ministros palacianos avisam que, se Michel for mesmo<br \/>\ncandidato, Baldy ter\u00e1 que rever suas companhias, ou, pelo menos,<br \/>\naproveitar os discursos para ressaltar o presidente da Rep\u00fablica.<\/p>\n<p>Requi\u00e3o e o PT I\/ Ao encontrar com o colega Renan Calheiros (MDB-AL) no Congresso, ontem, o senador Roberto Requi\u00e3o (MDB-PR), saiu-se com esta: \u201cRenan, eu vou sair do PT. Botar a nova carta aos brasileiros para ser escrita por (Fernando) Haddad, Paulo Bernardo, e (Aloizio) Mercadante n\u00e3o tem a menor chance de dar certo\u201d.<\/p>\n<p>Requi\u00e3o e o PT II\/ Os emedebistas n\u00e3o esquecem que Haddad perdeu a prefeitura de S\u00e3o Paulo, Paulo Bernardo est\u00e1 sob investiga\u00e7\u00e3o e Mercadante fracassou na tentativa de montar uma engenharia pol\u00edtica<br \/>\nque garantisse os votos para perman\u00eancia de Dilma Rousseff no poder.<\/p>\n<p>Por falar em Haddad&#8230;\/ Hoje, com as novas declara\u00e7\u00f5es de Pedro Corr\u00eaa, sobre o s\u00edtio de Lula, e os e-mails de Marcelo Odebrecht sobre o terreno para o instituto do ex-presidente, Haddad voltou a ocupar o posto de plano B do PT. \u00c9 que o PT da Bahia n\u00e3o abre m\u00e3o de Jaques Wagner (foto) para o Senado. Os baianos petistas dizem que n\u00e3o d\u00e1 para contar com a incerteza de uma campanha presidencial, sendo que uma vaga de senador para Wagner hoje estaria \u201cgarantida\u201d.<\/p>\n<p>Enquanto isso, no Planalto&#8230;\/ Deputados que passam por l\u00e1 quase que diariamente para despachar com o ministro da secretaria de Governo, Carlos Marun, t\u00eam dito que, se Rodrigo Maia continuar nessa rota de<br \/>\ncr\u00edticas ao presidente Michel Temer, v\u00e3o \u201cjogar o Marun pra cima dele na campanha\u201d, como candidato em nome do MDB. O ministro ouve e apenas sorri. Sabe como \u00e9, quem cala, consente.<\/p>\n","protected":false},"excerpt":{"rendered":"<p>A ida do presidente Michel Temer \u00e0 reuni\u00e3o do Conselho Militar de Defesa n\u00e3o foi um mero convescote, como quis fazer crer o governo, e sim uma tentativa de acalmar as For\u00e7as Armadas. H\u00e1 um desconforto generalizado entre os militares com o fato de o Ex\u00e9rcito ser usado para tudo, de constru\u00e7\u00e3o de rodovias, pacifica\u00e7\u00e3o de morros e at\u00e9 acolhimento [&hellip;]<\/p>\n","protected":false},"author":29,"featured_media":0,"comment_status":"closed","ping_status":"closed","sticky":false,"template":"","format":"standard","meta":{"footnotes":""},"categories":[4],"tags":[],"class_list":["post-1976","post","type-post","status-publish","format-standard","hentry","category-coluna-brasilia-df"],"_links":{"self":[{"href":"https:\/\/blogs.correiobraziliense.com.br\/denise\/wp-json\/wp\/v2\/posts\/1976","targetHints":{"allow":["GET"]}}],"collection":[{"href":"https:\/\/blogs.correiobraziliense.com.br\/denise\/wp-json\/wp\/v2\/posts"}],"about":[{"href":"https:\/\/blogs.correiobraziliense.com.br\/denise\/wp-json\/wp\/v2\/types\/post"}],"author":[{"embeddable":true,"href":"https:\/\/blogs.correiobraziliense.com.br\/denise\/wp-json\/wp\/v2\/users\/29"}],"replies":[{"embeddable":true,"href":"https:\/\/blogs.correiobraziliense.com.br\/denise\/wp-json\/wp\/v2\/comments?post=1976"}],"version-history":[{"count":2,"href":"https:\/\/blogs.correiobraziliense.com.br\/denise\/wp-json\/wp\/v2\/posts\/1976\/revisions"}],"predecessor-version":[{"id":1978,"href":"https:\/\/blogs.correiobraziliense.com.br\/denise\/wp-json\/wp\/v2\/posts\/1976\/revisions\/1978"}],"wp:attachment":[{"href":"https:\/\/blogs.correiobraziliense.com.br\/denise\/wp-json\/wp\/v2\/media?parent=1976"}],"wp:term":[{"taxonomy":"category","embeddable":true,"href":"https:\/\/blogs.correiobraziliense.com.br\/denise\/wp-json\/wp\/v2\/categories?post=1976"},{"taxonomy":"post_tag","embeddable":true,"href":"https:\/\/blogs.correiobraziliense.com.br\/denise\/wp-json\/wp\/v2\/tags?post=1976"}],"curies":[{"name":"wp","href":"https:\/\/api.w.org\/{rel}","templated":true}]}}