{"id":1974,"date":"2018-02-21T04:41:44","date_gmt":"2018-02-21T07:41:44","guid":{"rendered":"https:\/\/blogs.correiobraziliense.com.br\/denise\/?p=1974"},"modified":"2018-02-21T01:46:49","modified_gmt":"2018-02-21T04:46:49","slug":"vida-como-ela-e","status":"publish","type":"post","link":"https:\/\/blogs.correiobraziliense.com.br\/denise\/vida-como-ela-e\/","title":{"rendered":"A vida como ela \u00e9"},"content":{"rendered":"<p>Enterrada a reforma da Previd\u00eancia, o governo vai jogar no seguinte campo para n\u00e3o passar a ideia de que a proposta zera desnecess\u00e1ria: quem quiser um recurso extra ter\u00e1 de dizer de onde vai tirar a verba. S\u00f3 tem um probleminha. O remanejamento de recursos, at\u00e9 agora, tem irritado e muito os aliados de Michel Temer. Ontem, por exemplo, foi aprovada na C\u00e2mara a destina\u00e7\u00e3o de R$ 2 bilh\u00f5es para administra\u00e7\u00f5es municipais. Parte do dinheiro saiu dos minist\u00e9rios da Educa\u00e7\u00e3o (R$ 650 milh\u00f5es) e das Cidades (R$ 600 milh\u00f5es), o que provocou a ira do presidente da Casa, Rodrigo Maia.<br \/>\nE tem mais: os aliados de Maia descobriram que n\u00e3o saiu um centavo dos minist\u00e9rios da Integra\u00e7\u00e3o e do Turismo, comandados, respectivamente, pelos emedebistas Helder Barbalho (PA), filho de Jader Barbalho, e Max Beltr\u00e3o (AL). Em tempos de aprova\u00e7\u00e3o de medidas provis\u00f3rias no Congresso, n\u00e3o d\u00e1 para fazer cortes seletivos beneficiando ministros do MDB.<\/p>\n<p>C\u00e2mara vai chamar Dallagnol<\/p>\n<p>O procurador Deltan Dallagnol ser\u00e1 convocado ao Congresso para explicar por que mencionou que em vez de mandados coletivos de busca nas \u00e1reas controladas pelo tr\u00e1fico no Rio a a\u00e7\u00e3o deveria ser feita \u201cnos gabinetes do Congresso\u201d. Quem vai chamar \u00e9 o vice-presidente da C\u00e2mara, F\u00e1bio Ramalho (MDB-MG): \u201cEle que respeite esta Casa. Chegamos aqui pelo voto popular. Esta Casa tem muita gente honrada\u201d, diz o deputado.<\/p>\n<p>Lavou a alma<\/p>\n<p>A rea\u00e7\u00e3o de F\u00e1bio Ramalho veio em boa hora. N\u00e3o foram poucos os deputados e senadores que reclamaram da falta de uma boa chamada em Dallagnol por parte dos comandantes das duas Casas. Houve quem dissesse que seria bom cobrar busca e apreens\u00e3o tamb\u00e9m em gabinetes como o de Marcelo Miller, o ex-procurador que ajudava a JBS enquanto ainda trabalhava com Rodrigo Janot.<\/p>\n<p>Maia caminha&#8230;<\/p>\n<p>Ciente da m\u00e1xima \u201c\u00e9 caminhando que se faz o caminho\u201d, o presidente da C\u00e2mara, Rodrigo Maia, j\u00e1 se reuniu com o presidente do Solidariedade, deputado Paulinho da For\u00e7a, e com o presidente do PP, Ciro Nogueira, que acenaram com apoio a um projeto presidencial encabe\u00e7ado pelo deputado.<\/p>\n<p>&#8230; e tenta juntar<\/p>\n<p>Paulinho saiu da conversa t\u00e3o animado que foi atr\u00e1s de Aldo Rebelo. Quer convencer o ex-comunista a assumir o papel de vice numa chapa do DEM. Aldo, que hoje est\u00e1 no PSB, n\u00e3o disse nem que sim nem que n\u00e3o.<\/p>\n<p>Aposta fina\/ J\u00e1 era alta madrugada quando o deputado F\u00e1bio Ramalho (foto) comentou, numa roda, que ia para casa tomar um Blue Label, presente do ministro da Secretaria de Governo, Carlos Marun. \u201cApostei com ele que a reforma n\u00e3o seria votada este ano. E ganhei!\u201d<\/p>\n<p>Jungmann pop star\/ O ministro da Defesa, Raul Jungmann, perdeu a conta das selfies que fez ontem, especialmente com deputados do Rio de Janeiro. Sabe como \u00e9: depois da not\u00edcia de que a interven\u00e7\u00e3o fez sucesso na popula\u00e7\u00e3o, muita gente que tirar uma casquinha.<\/p>\n<p>Nem vem!\/ Hoje, deputado n\u00e3o pode elogiar a performance eleitoral de outro que o sujeito j\u00e1 desconfia. Silvio Costa (Avante-PE) encontrou o deputado Tadeu Alencar (PSB-PE) sentado ao lado do deputado Miro Teixeira (Rede-RJ) e comentou: \u201cEsse Tadeu \u00e9 o rei de Ouricuri. Tem um caminh\u00e3o de votos por l\u00e1!\u201d<\/p>\n<p>Que n\u00e3o t\u00e1 sobrando!!\/ Tadeu, r\u00e1pido no gatilho, respondeu: \u201cVoc\u00ea pare de cobi\u00e7ar a mulher do pr\u00f3ximo! Deixe meus votos quietos l\u00e1\u201d. \u00c9 bem por a\u00ed. Em ano eleitoral, prevalece a m\u00e1xima de que ci\u00fame de pol\u00edtico \u00e9 pior do que ci\u00fame de mulher. <\/p>\n","protected":false},"excerpt":{"rendered":"<p>Enterrada a reforma da Previd\u00eancia, o governo vai jogar no seguinte campo para n\u00e3o passar a ideia de que a proposta zera desnecess\u00e1ria: quem quiser um recurso extra ter\u00e1 de dizer de onde vai tirar a verba. S\u00f3 tem um probleminha. O remanejamento de recursos, at\u00e9 agora, tem irritado e muito os aliados de Michel Temer. Ontem, por exemplo, foi [&hellip;]<\/p>\n","protected":false},"author":29,"featured_media":0,"comment_status":"closed","ping_status":"closed","sticky":false,"template":"","format":"standard","meta":{"footnotes":""},"categories":[4],"tags":[],"class_list":["post-1974","post","type-post","status-publish","format-standard","hentry","category-coluna-brasilia-df"],"_links":{"self":[{"href":"https:\/\/blogs.correiobraziliense.com.br\/denise\/wp-json\/wp\/v2\/posts\/1974","targetHints":{"allow":["GET"]}}],"collection":[{"href":"https:\/\/blogs.correiobraziliense.com.br\/denise\/wp-json\/wp\/v2\/posts"}],"about":[{"href":"https:\/\/blogs.correiobraziliense.com.br\/denise\/wp-json\/wp\/v2\/types\/post"}],"author":[{"embeddable":true,"href":"https:\/\/blogs.correiobraziliense.com.br\/denise\/wp-json\/wp\/v2\/users\/29"}],"replies":[{"embeddable":true,"href":"https:\/\/blogs.correiobraziliense.com.br\/denise\/wp-json\/wp\/v2\/comments?post=1974"}],"version-history":[{"count":1,"href":"https:\/\/blogs.correiobraziliense.com.br\/denise\/wp-json\/wp\/v2\/posts\/1974\/revisions"}],"predecessor-version":[{"id":1975,"href":"https:\/\/blogs.correiobraziliense.com.br\/denise\/wp-json\/wp\/v2\/posts\/1974\/revisions\/1975"}],"wp:attachment":[{"href":"https:\/\/blogs.correiobraziliense.com.br\/denise\/wp-json\/wp\/v2\/media?parent=1974"}],"wp:term":[{"taxonomy":"category","embeddable":true,"href":"https:\/\/blogs.correiobraziliense.com.br\/denise\/wp-json\/wp\/v2\/categories?post=1974"},{"taxonomy":"post_tag","embeddable":true,"href":"https:\/\/blogs.correiobraziliense.com.br\/denise\/wp-json\/wp\/v2\/tags?post=1974"}],"curies":[{"name":"wp","href":"https:\/\/api.w.org\/{rel}","templated":true}]}}