{"id":1936,"date":"2018-02-09T09:27:58","date_gmt":"2018-02-09T11:27:58","guid":{"rendered":"https:\/\/blogs.correiobraziliense.com.br\/denise\/?p=1936"},"modified":"2018-02-09T11:28:33","modified_gmt":"2018-02-09T13:28:33","slug":"mudancas-no-stf","status":"publish","type":"post","link":"https:\/\/blogs.correiobraziliense.com.br\/denise\/mudancas-no-stf\/","title":{"rendered":"Mudan\u00e7as no STF"},"content":{"rendered":"<p>Que ningu\u00e9m se surpreenda se, em breve, o decano do Supremo Tribunal Federal, ministro Celso de Mello, pedir aposentadoria antes da compuls\u00f3ria, em 2020. Ele tem dito a amigos que est\u00e1 cansado e gostaria de se dedicar a outros projetos. A hip\u00f3tese abre caminho para o presidente Michel Temer indicar para a vaga o presidente do Tribunal Superior do Trabalho, Ives Gandra Martins Filho, que j\u00e1 esteve cotado no ano passado, mas perdeu a indica\u00e7\u00e3o para o ent\u00e3o ministro da Justi\u00e7a, Alexandre Moraes. De quebra, ainda abre um espa\u00e7o no TST.<\/p>\n<p>A moda pegou&#8230;<\/p>\n<p>Depois da quase ministra Cristiane Brasil, agora \u00e9 a vez de Yorann da Costa, filho do deputado Wladimir Costa (SD-PA), penar na Justi\u00e7a para garantir o cargo. Yorann \u00e9 estudante de direito e gest\u00e3o p\u00fablica. Tem 22 anos. Foi indicado pelo Solidariedade paraense, presidido por seu pai, para o cargo de delegado federal do Desenvolvimento Agr\u00e1rio no estado. Agora, um despacho da 5\u00aa Vara da Justi\u00e7a Federal pede que o jovem apresente informa\u00e7\u00f5es que comprovem sua qualifica\u00e7\u00e3o para o cargo.<\/p>\n<p>\u2026E irritou<\/p>\n<p>Assim como no caso de Cristiane Brasil, foi um popular que deflagrou o processo. Parlamentares que conversaram com o pai do rapaz dizem que o deputado est\u00e1 t\u00e3o bravo quanto Roberto Jefferson, pai de Cristiane.<\/p>\n<p>N\u00e3o \u00e9 inven\u00e7\u00e3o do Fux<\/p>\n<p>Existe hoje, no Tribunal Superior Eleitoral (TSE), uma maioria de ministros interessada em n\u00e3o dar registro a candidato ficha suja. O partido pode at\u00e9 pedir, mas haver\u00e1 a negativa. Em conversas reservadas, n\u00e3o s\u00e3o poucos os ministros que se dizem incomodados com o tal jeitinho que sempre se deu para aliviar a aplica\u00e7\u00e3o da Lei da Ficha Limpa.<\/p>\n<p>Jeitinho complicado<\/p>\n<p>Os insatisfeitos sempre poder\u00e3o recorrer ao Supremo Tribunal Federal.<br \/>\nMas v\u00e3o perder um tempo de campanha at\u00e9 obter o direito de concorrer.<br \/>\nE, sabe como \u00e9, numa campanha curta, horas sem tempo de tev\u00ea<br \/>\ne sem poder arrecadar recursos<br \/>\npodem fazer a diferen\u00e7a.<\/p>\n<p>A crise tucana<\/p>\n<p>A insist\u00eancia do ex-presidente Fernando Henrique Cardoso em torno da candidatura de Luciano Huck fez soar o alerta vermelho entre os potenciais aliados do governador Geraldo Alckmin. Para bons entendedores, o problema n\u00e3o \u00e9 Huck, que j\u00e1 disse e escreveu que n\u00e3o pretende ser candidato.<br \/>\nO problema \u00e9 o PSDB, que continua procurando alternativas ao governador paulista.<\/p>\n<p>Os legados de Pertence \/ Amigos do advogado Sep\u00falveda Pertence (foto) t\u00eam dito que ele j\u00e1 tem um legado como ex-ministro e ex-presidente do Supremo Tribunal Federal, outro como ex-procurador-geral da Rep\u00fablica, e ainda como presidente da Comiss\u00e3o de \u00c9tica P\u00fablica. Por onde passou, deixou sua marca com compet\u00eancia e seriedade.<\/p>\n<p>Resta um\/ Falta apenas o legado da advocacia, que, para muitos, poder\u00e1 ser o processo nos tribunais superiores sobre a condena\u00e7\u00e3o, com pris\u00e3o do ex-presidente Lula assim que esgotados os recursos na segunda inst\u00e2ncia, conforme determinou o TRF-4. Ontem, segundo relatos, Pertence ouviu do deputado Miro Teixeira (Rede-RJ), num tradicional restaurante da cidade: \u201cVoc\u00ea n\u00e3o tem um processo. Tem uma causa\u201d. Faz sentido.<\/p>\n<p>Gato escaldado\/ No caf\u00e9 ontem com jornalistas, o presidente do Senado, Eun\u00edcio Oliveira, quase pulou da cadeira quando algu\u00e9m quis saber se ele havia sugerido que a reforma previdenci\u00e1ria deveria ficar para novembro: \u201cN\u00e3o quis dizer isso. N\u00e3o fiz o caf\u00e9 para matar a reforma da Previd\u00eancia!\u201d.<\/p>\n<p>Por falar em Previd\u00eancia&#8230;\/ Vale a pergunta: se um ministro do Supremo Tribunal Federal pode ficar no cargo at\u00e9 os 75 anos, por que outras carreiras de Estado querem se aposentar na faixa dos 50?<\/p>\n<p>Colaborou Bernardo Bittar<\/p>\n","protected":false},"excerpt":{"rendered":"<p>Que ningu\u00e9m se surpreenda se, em breve, o decano do Supremo Tribunal Federal, ministro Celso de Mello, pedir aposentadoria antes da compuls\u00f3ria, em 2020. Ele tem dito a amigos que est\u00e1 cansado e gostaria de se dedicar a outros projetos. A hip\u00f3tese abre caminho para o presidente Michel Temer indicar para a vaga o presidente do Tribunal Superior do Trabalho, [&hellip;]<\/p>\n","protected":false},"author":29,"featured_media":0,"comment_status":"closed","ping_status":"closed","sticky":false,"template":"","format":"standard","meta":{"footnotes":""},"categories":[4],"tags":[],"class_list":["post-1936","post","type-post","status-publish","format-standard","hentry","category-coluna-brasilia-df"],"_links":{"self":[{"href":"https:\/\/blogs.correiobraziliense.com.br\/denise\/wp-json\/wp\/v2\/posts\/1936","targetHints":{"allow":["GET"]}}],"collection":[{"href":"https:\/\/blogs.correiobraziliense.com.br\/denise\/wp-json\/wp\/v2\/posts"}],"about":[{"href":"https:\/\/blogs.correiobraziliense.com.br\/denise\/wp-json\/wp\/v2\/types\/post"}],"author":[{"embeddable":true,"href":"https:\/\/blogs.correiobraziliense.com.br\/denise\/wp-json\/wp\/v2\/users\/29"}],"replies":[{"embeddable":true,"href":"https:\/\/blogs.correiobraziliense.com.br\/denise\/wp-json\/wp\/v2\/comments?post=1936"}],"version-history":[{"count":1,"href":"https:\/\/blogs.correiobraziliense.com.br\/denise\/wp-json\/wp\/v2\/posts\/1936\/revisions"}],"predecessor-version":[{"id":1937,"href":"https:\/\/blogs.correiobraziliense.com.br\/denise\/wp-json\/wp\/v2\/posts\/1936\/revisions\/1937"}],"wp:attachment":[{"href":"https:\/\/blogs.correiobraziliense.com.br\/denise\/wp-json\/wp\/v2\/media?parent=1936"}],"wp:term":[{"taxonomy":"category","embeddable":true,"href":"https:\/\/blogs.correiobraziliense.com.br\/denise\/wp-json\/wp\/v2\/categories?post=1936"},{"taxonomy":"post_tag","embeddable":true,"href":"https:\/\/blogs.correiobraziliense.com.br\/denise\/wp-json\/wp\/v2\/tags?post=1936"}],"curies":[{"name":"wp","href":"https:\/\/api.w.org\/{rel}","templated":true}]}}