{"id":1920,"date":"2018-02-04T06:37:32","date_gmt":"2018-02-04T08:37:32","guid":{"rendered":"https:\/\/blogs.correiobraziliense.com.br\/denise\/?p=1920"},"modified":"2018-02-04T17:51:09","modified_gmt":"2018-02-04T19:51:09","slug":"campanha-mais-importante","status":"publish","type":"post","link":"https:\/\/blogs.correiobraziliense.com.br\/denise\/campanha-mais-importante\/","title":{"rendered":"A campanha mais importante"},"content":{"rendered":"<p>  Os presidentes dos partidos m\u00e9dios decidiram colocar a elei\u00e7\u00e3o de governadores e presidente da Rep\u00fablica em segundo plano. A prioridade de partidos como o PP, o PR, o PTB e o PRB \u00e9 a elei\u00e7\u00e3o de deputados federais. S\u00e3o os congressistas que v\u00e3o ditar o jogo na disputa de poder em quase todos os n\u00edveis, seja na correla\u00e7\u00e3o de for\u00e7as para composi\u00e7\u00e3o de governo no futuro, seja na quantidade de recursos que cada partido ter\u00e1 \u00e0 disposi\u00e7\u00e3o para se financiar, quando sa\u00edrem de cena as coliga\u00e7\u00f5es partid\u00e1rias.<\/p>\n<p>Nas \u00faltimas campanhas eleitorais, esse per\u00edodo de janeiro e fevereiro era usado basicamente no sentido de contactar as maiores empresas para cobrar as promessas de doa\u00e7\u00f5es capazes de financiar os candidatos a presidente e governador. Agora, buscam quem possa puxar votos e garantir um plantel de deputados. O processo se inverteu e o jogo do poder, tamb\u00e9m. Quanto ao financiamento das campanhas, o dinheiro est\u00e1 definido. \u00c9 o fundo eleitoral, aprovado pelos congressistas. Quanto ao jogo dos poderosos, os dois presidentes que n\u00e3o negociaram com o Congresso no passado ca\u00edram, Fernando Collor e Dilma Rousseff. Por isso, \u00e9 no Congresso e, em especial, na C\u00e2mara, que todos os partidos est\u00e3o de olho.<\/p>\n<p>A conta chegou<\/p>\n<p>A pauta da segunda turma do Tribunal de Contas da Uni\u00e3o para a semana que vem traz uma penca de tomadas de contas especiais em munic\u00edpios do Nordeste, em especial, Pernambuco. S\u00e3o recursos do Minist\u00e9rio do Turismo destinados a promo\u00e7\u00e3o de festas. Os valores gastos variam de R$ 100 mil a R$ 350 mil por munic\u00edpio e os prefeitos simplesmente n\u00e3o prestaram contas.<\/p>\n<p>Quando o tarde\u2026<\/p>\n<p>\u2026 vira nunca. Alguns desses processos tratam de libera\u00e7\u00f5es entre 2008 e 2009, ou seja, h\u00e1 quase dez anos. T\u00e9cnicos que conhecem o tra\u00e7ado dizem que esses recursos pulverizados, desviados nas prefeituras, s\u00e3o os mais dif\u00edceis de recuperar.<\/p>\n<p>Por falar em<br \/>\nprocessos antigos\u2026<\/p>\n<p>Tamb\u00e9m est\u00e1 na pauta o julgamento das contas da Ag\u00eancia Nacional do Petr\u00f3leo (ANP) de 2004, quando Lula era presidente da Rep\u00fablica e Haroldo Lima comandava a ag\u00eancia.<\/p>\n<p>Decep\u00e7\u00e3o tucana<\/p>\n<p>O PSDB de um modo geral est\u00e1 meio frustrado com o prefeito de Manaus, Arthur Virg\u00edlio. Inicialmente, achavam que ele faria um debate de projetos partid\u00e1rios, mas, at\u00e9 o momento, Virg\u00edlio s\u00f3 fez atacar o advers\u00e1rio interno. Por isso, as apostas s\u00e3o as de que o prefeito ficar\u00e1 cada vez mais isolado.<\/p>\n<p>Na boca do povo\/ O governo come\u00e7a esta semana a campanha \u201cpol\u00edticos, ju\u00edzes, empres\u00e1rios, todos aposentando igual a voc\u00ea\u201d. E, abaixo, uma logomarca, \u201ctodos pela reforma da Previd\u00eancia para o Brasil n\u00e3o quebrar\u201d. S\u00e3o v\u00e1rias pessoas do povo, com alertas sobre o risco de acontecer no Brasil o que houve em estados como o Rio de Janeiro.<\/p>\n<p>Na boca do presidente\/ No embalo da campanha publicit\u00e1ria, o presidente Michel Temer aproveitar\u00e1 a mensagem de abertura do ano Legislativo. nesta segunda-feira, para convocar os congressistas a aprovarem a reforma. Algo do tipo: chegou a hora, n\u00e3o d\u00e1 para mais esperar.<\/p>\n<p>\u201cSupimpa\u201d\/ Apontado como um ensaio para a campanha presidencial, o discurso do governador de S\u00e3o Paulo, Geraldo Alckmin (foto), n\u00e3o poder\u00e1 se restringir \u00e0 gest\u00e3o em S\u00e3o Paulo. Seus aliados alertam que, se n\u00e3o tomar cuidado, ele corre o risco de refor\u00e7ar a imagem dos paulistas em detrimento do resto do pa\u00eds.<\/p>\n<p>Sai pra l\u00e1\/ H\u00e1 o receio de que Geraldo Alckmin acabe deixando na cabe\u00e7a do eleitor a mensagem: \u201cl\u00e1 vem esse paulista dizer que nada aqui presta e s\u00f3 S\u00e3o Paulo que \u00e9 bom\u201d.<\/p>\n","protected":false},"excerpt":{"rendered":"<p>Os presidentes dos partidos m\u00e9dios decidiram colocar a elei\u00e7\u00e3o de governadores e presidente da Rep\u00fablica em segundo plano. A prioridade de partidos como o PP, o PR, o PTB e o PRB \u00e9 a elei\u00e7\u00e3o de deputados federais. S\u00e3o os congressistas que v\u00e3o ditar o jogo na disputa de poder em quase todos os n\u00edveis, seja na correla\u00e7\u00e3o de for\u00e7as [&hellip;]<\/p>\n","protected":false},"author":29,"featured_media":0,"comment_status":"closed","ping_status":"closed","sticky":false,"template":"","format":"standard","meta":{"footnotes":""},"categories":[4],"tags":[],"class_list":["post-1920","post","type-post","status-publish","format-standard","hentry","category-coluna-brasilia-df"],"_links":{"self":[{"href":"https:\/\/blogs.correiobraziliense.com.br\/denise\/wp-json\/wp\/v2\/posts\/1920","targetHints":{"allow":["GET"]}}],"collection":[{"href":"https:\/\/blogs.correiobraziliense.com.br\/denise\/wp-json\/wp\/v2\/posts"}],"about":[{"href":"https:\/\/blogs.correiobraziliense.com.br\/denise\/wp-json\/wp\/v2\/types\/post"}],"author":[{"embeddable":true,"href":"https:\/\/blogs.correiobraziliense.com.br\/denise\/wp-json\/wp\/v2\/users\/29"}],"replies":[{"embeddable":true,"href":"https:\/\/blogs.correiobraziliense.com.br\/denise\/wp-json\/wp\/v2\/comments?post=1920"}],"version-history":[{"count":1,"href":"https:\/\/blogs.correiobraziliense.com.br\/denise\/wp-json\/wp\/v2\/posts\/1920\/revisions"}],"predecessor-version":[{"id":1921,"href":"https:\/\/blogs.correiobraziliense.com.br\/denise\/wp-json\/wp\/v2\/posts\/1920\/revisions\/1921"}],"wp:attachment":[{"href":"https:\/\/blogs.correiobraziliense.com.br\/denise\/wp-json\/wp\/v2\/media?parent=1920"}],"wp:term":[{"taxonomy":"category","embeddable":true,"href":"https:\/\/blogs.correiobraziliense.com.br\/denise\/wp-json\/wp\/v2\/categories?post=1920"},{"taxonomy":"post_tag","embeddable":true,"href":"https:\/\/blogs.correiobraziliense.com.br\/denise\/wp-json\/wp\/v2\/tags?post=1920"}],"curies":[{"name":"wp","href":"https:\/\/api.w.org\/{rel}","templated":true}]}}