{"id":1877,"date":"2018-01-21T09:49:29","date_gmt":"2018-01-21T11:49:29","guid":{"rendered":"https:\/\/blogs.correiobraziliense.com.br\/denise\/?p=1877"},"modified":"2018-01-22T13:00:18","modified_gmt":"2018-01-22T15:00:18","slug":"sossega-leao","status":"publish","type":"post","link":"https:\/\/blogs.correiobraziliense.com.br\/denise\/sossega-leao\/","title":{"rendered":"Sossega, le\u00e3o!"},"content":{"rendered":"<p>   Aos poucos o presidente Michel Temer vai apagando os holofotes em torno do ministro da Fazenda, Henrique Meirelles. O primeiro movimento est\u00e1 nas entrevistas a programas de audit\u00f3rio em S\u00e3o Paulo. As imagens exibidas por S\u00edlvio Santos, antes de chamar Temer ao palco n\u00e3o deixam d\u00favidas. Em 1990, coube \u00e0 ent\u00e3o ministra da Fazenda, Z\u00e9lia Cardoso de Melo __e n\u00e3o ao presidente Fernando Collor __ defender o plano econ\u00f4mico no programa S\u00edlvio Santos. Nos tempos de lan\u00e7amento do Plano Real, foi Fernando Henrique Cardoso, ainda no papel de ministro, o entrevistado<br \/>\nsobre as mudan\u00e7as na economia e n\u00e3o o presidente Itamar Franco. No Programa S\u00edlvio Santos, quem estar\u00e1 nos lares dos telespectadores apresentando os bons indicadores econ\u00f4micos e a reforma previdenci\u00e1ria \u00e9 o presidente Michel Temer, e n\u00e3o o ministro Henrique Meirelles.<\/p>\n<p>                            *******************<br \/>\n  Para muitos, esse protagonismo do presidente refor\u00e7a o que ele j\u00e1 havia dito na conversa com a colunista Eliane Cantanhede, publicada no jornal O Estado de S.Paulo, onde deixou claro que prefere Meirelles no Minist\u00e9rio. O gesto de defender pessoalmente a economia vai mais al\u00e9m. Mostra que Temer n\u00e3o dar\u00e1 a Meirelles o mesmo tratamento que FHC recebeu de Itamar Franco num tempo em que n\u00e3o havia reelei\u00e7\u00e3o.<\/p>\n<p>                      *********************************************<\/p>\n<p>   N\u00e3o \u00e9 a primeira vez que Meirelles e Temer concorrem por visibilidade na pol\u00edtica. O peemedebista foi escolhido candidato a vice-presidente na chapa de Dilma numa vaga em que o PT, inicialmente, cogitava colocar o ex-presidente do Banco Central de Lula. L\u00e1 atr\u00e1s, Temer venceu.  Agora, ao que tudo indica, mais uma vez, Temer sutilmente fecha a porta da esperan\u00e7a para Meirelles.<\/p>\n<p>Vulc\u00e3o ativo<br \/>\n   Muitos pol\u00edticos come\u00e7am a desfilar como candidatos felizes da vida, como se a Lava Jato estivesse extinta. Na verdade, a equipe da procuradora Raquel Dodge apenas tirou de cena os efeitos especiais. Rodrigo Janot preparava armadilhas e n\u00e3o evitava o vazamento de apura\u00e7\u00f5es pela metade. Dodge estancou esse sistema, mas o trabalho interno est\u00e1 a mil por hora. Mais lava sair\u00e1 de l\u00e1 em breve. \u00c9 ilus\u00e3o achar que acabou.<\/p>\n<p>Por falar em candidatos\u2026<br \/>\n    A candidatura presidencial de Fernando Collor de Mello periga n\u00e3o vingar. Isso porque, se Renan Calheiros, quando presidente do Senado, n\u00e3o poderia assumir a Presid\u00eancia da Rep\u00fablica porque era r\u00e9u num processo, Collor, outro r\u00e9u, tamb\u00e9m n\u00e3o poder\u00e1, conforme avalia\u00e7\u00e3o de muitos juristas. E quem deu a primeira liminar tirando Renan da linha sucess\u00f3ria foi Marco Aur\u00e9lio Mello, primo de Collor. Depois, o plen\u00e1rio do STF decidiu por 6 a 3 que Renan poderia presidir o Senado. Por\u00e9m, o senador n\u00e3o estaria mais na linha sucess\u00f3ria do Planalto.<\/p>\n<p>Agora vai<br \/>\n    Mal o Superior Tribunal de Justi\u00e7a liberou a posse de Cristiane Brasil no Minist\u00e9rio do Trabalho, o PTB se mobilizou para que ela assumisse antes que Michel Temer embarcasse para o forum econ\u00f4mico mundial, em Davos, Su\u00ed\u00e7a. Sabe como \u00e9, Rodrigo Maia, pr\u00e9-candidato ao Planalto e no exerc\u00edcio da Presid\u00eancia, \u00e9 visto com um certo desconforto, em especial, entre os petebistas, que o enfrentaram na disputa pela Presid\u00eancia da C\u00e2mara.<em> (Atualiza\u00e7\u00e3o: Nessa madrugada, os planos do governo e do PTB foram por \u00e1gua abaixo. A presidente do STF, Carmem L\u00facia, concedeu liminar suspendendo a posse. Detalhes no site do Correio)<br \/>\n<\/em><\/p>\n<p>CURTIDAS<\/p>\n<p>Cen\u00e1rio perfeito\u2026\/ \u2026 Para eles. Muitos investigados torcem pela condena\u00e7\u00e3o de Lula s\u00f3 para ter discurso na campanha. Entre as excel\u00eancias sob a mira da Justi\u00e7a, vale o seguinte: \u201cSe Lula est\u00e1<br \/>\ncondenado e pode ser candidato, quem dir\u00e1 eu, que estou \u2018s\u00f3\u2019 sob investiga\u00e7\u00e3o\u201d.<\/p>\n<p>O n\u00famero s\u00f3 vai crescer\/ Prepare-se, leitor, para um desfile de pr\u00e9-candidatos a presidente da Rep\u00fablica daqui at\u00e9 final de mar\u00e7o. \u00c9 que, com a janela partid\u00e1ria de 30 dias em mar\u00e7o, muitos candidatos v\u00e3o aparecer a fim de tentar segurar deputados federais.<\/p>\n<p>Ele inclusive\/ Rodrigo Maia, por enquanto, \u00e9 visto como um desses candidatos, que se apresenta na tentativa de aumentar o poder de atra\u00e7\u00e3o do DEM. Por\u00e9m, se a candidatura ganhar corpo, ele concorrer\u00e1.<\/p>\n<p>Dif\u00edcil\/ O governador de Pernambuco, Paulo C\u00e2mara, disputar\u00e1 a reelei\u00e7\u00e3o sem o apoio de tr\u00eas ex-ministros de Temer, Bruno Ara\u00fajo (Cidades), que j\u00e1 saiu do governo, e, ainda, Fernando Filho (Minas e Energia) e Mendon\u00e7a Filho (Educa\u00e7\u00e3o), que saem em abril.<\/p>\n","protected":false},"excerpt":{"rendered":"<p>Aos poucos o presidente Michel Temer vai apagando os holofotes em torno do ministro da Fazenda, Henrique Meirelles. O primeiro movimento est\u00e1 nas entrevistas a programas de audit\u00f3rio em S\u00e3o Paulo. As imagens exibidas por S\u00edlvio Santos, antes de chamar Temer ao palco n\u00e3o deixam d\u00favidas. Em 1990, coube \u00e0 ent\u00e3o ministra da Fazenda, Z\u00e9lia Cardoso de Melo __e n\u00e3o [&hellip;]<\/p>\n","protected":false},"author":29,"featured_media":0,"comment_status":"closed","ping_status":"closed","sticky":false,"template":"","format":"standard","meta":{"footnotes":""},"categories":[4],"tags":[],"class_list":["post-1877","post","type-post","status-publish","format-standard","hentry","category-coluna-brasilia-df"],"_links":{"self":[{"href":"https:\/\/blogs.correiobraziliense.com.br\/denise\/wp-json\/wp\/v2\/posts\/1877","targetHints":{"allow":["GET"]}}],"collection":[{"href":"https:\/\/blogs.correiobraziliense.com.br\/denise\/wp-json\/wp\/v2\/posts"}],"about":[{"href":"https:\/\/blogs.correiobraziliense.com.br\/denise\/wp-json\/wp\/v2\/types\/post"}],"author":[{"embeddable":true,"href":"https:\/\/blogs.correiobraziliense.com.br\/denise\/wp-json\/wp\/v2\/users\/29"}],"replies":[{"embeddable":true,"href":"https:\/\/blogs.correiobraziliense.com.br\/denise\/wp-json\/wp\/v2\/comments?post=1877"}],"version-history":[{"count":3,"href":"https:\/\/blogs.correiobraziliense.com.br\/denise\/wp-json\/wp\/v2\/posts\/1877\/revisions"}],"predecessor-version":[{"id":1884,"href":"https:\/\/blogs.correiobraziliense.com.br\/denise\/wp-json\/wp\/v2\/posts\/1877\/revisions\/1884"}],"wp:attachment":[{"href":"https:\/\/blogs.correiobraziliense.com.br\/denise\/wp-json\/wp\/v2\/media?parent=1877"}],"wp:term":[{"taxonomy":"category","embeddable":true,"href":"https:\/\/blogs.correiobraziliense.com.br\/denise\/wp-json\/wp\/v2\/categories?post=1877"},{"taxonomy":"post_tag","embeddable":true,"href":"https:\/\/blogs.correiobraziliense.com.br\/denise\/wp-json\/wp\/v2\/tags?post=1877"}],"curies":[{"name":"wp","href":"https:\/\/api.w.org\/{rel}","templated":true}]}}