{"id":1848,"date":"2018-01-17T06:09:40","date_gmt":"2018-01-17T08:09:40","guid":{"rendered":"https:\/\/blogs.correiobraziliense.com.br\/denise\/?p=1848"},"modified":"2018-01-17T01:12:51","modified_gmt":"2018-01-17T03:12:51","slug":"cardapio-eleitoral","status":"publish","type":"post","link":"https:\/\/blogs.correiobraziliense.com.br\/denise\/cardapio-eleitoral\/","title":{"rendered":"Card\u00e1pio eleitoral"},"content":{"rendered":"<p>O presidente Michel Temer pode at\u00e9 n\u00e3o conseguir angariar uma popularidade que o fa\u00e7a candidato. Mas \u00e9 fato que deseja ver a elei\u00e7\u00e3o disputada em cima da agenda e dos resultados de seu governo: \u201climite de gastos, queda dos juros, safra recorde, redu\u00e7\u00e3o do pre\u00e7o dos alimentos, recupera\u00e7\u00e3o das estatais e repactua\u00e7\u00e3o das d\u00edvidas dos estados\u201d, citados pelo pr\u00f3prio presidente no primeiro artigo em que ele trata de pol\u00edtica. O texto publicado pela revista Veja, \u201cO candidato de oposi\u00e7\u00e3o\u201d, diz que um nome oposicionista ao governo ter\u00e1 que se colocar contra tudo isso e mais um pouco. Fala ainda das reformas e do crescimento econ\u00f4mico. \u00c9 por a\u00ed que a agenda eleitoral deve caminhar, conforme avalia\u00e7\u00e3o de ministros.<br \/>\nPara muitos, Temer colocou a receita para qualquer candidato que queira o tempo de tev\u00ea do PMDB, o \u00fanico dos grandes partidos que continua na muda no quesito \u201csucess\u00e3o presidencial\u201d. O partido de Temer n\u00e3o tem pressa em entrar nessa avenida. Mas apresentou no artigo seus primeiros acordes.<\/p>\n<p>Reclama\u00e7\u00f5es no BC<\/p>\n<p>A recomenda\u00e7\u00e3o do Banco Central para afastamento dos vice-presidentes da Caixa Econ\u00f4mica Federal (CEF) deixou o presidente Michel Temer sem alternativa, sen\u00e3o acolher o que sugeriu o BC. Os pedidos de afastamento come\u00e7aram em dezembro por parte de procuradores, por\u00e9m, o governo segurou para n\u00e3o melindrar os partidos.<\/p>\n<p>Joga para escanteio<\/p>\n<p>Os pedidos de afastamento come\u00e7aram a ganhar tanta visibilidade e aumentariam ainda mais com a recomenda\u00e7\u00e3o do Banco Central. Agora, ao cumprir no mesmo dia, ministros esperam tirar f\u00f4lego desse tema desgastante pelo menos por uns dias. Assim, quando voltar, o governo j\u00e1 estar\u00e1 mais preparado para tratar do assunto e haver\u00e1 outros em pauta para dividir as aten\u00e7\u00f5es.<\/p>\n<p>Pote de m\u00e1goas<\/p>\n<p>Petistas que amargaram tempos de cadeia por causa do mensal\u00e3o defendem Lula hoje meio empurrados. Alguns nunca receberam sequer um telefonema do ex-presidente. Agora, \u00e0s v\u00e9speras do julgamento no TRF-4, fazem cara de paisagem.<\/p>\n<p>Calma, Gleisi, calma<\/p>\n<p>Muitos no PT t\u00eam pedido cabe\u00e7a fria \u00e0 presidente do partido, senadora Gleisi Hoffmann. Em conversas reservadas, dizem que a hora \u00e9 de baixar a bola e n\u00e3o tocar fogo no pa\u00eds, como ela fez com a declara\u00e7\u00e3o, \u201cse Lula for condenado, tem que morrer gente\u201d publicada no site Poder 360. A senadora voltou atr\u00e1s, mas h\u00e1 quem calcule que o estrago est\u00e1 feito.<\/p>\n<p>Santo de casa\/ O presidente Michel Temer est\u00e1 lendo As horas esquecidas, de seu ex-assessor Chico Mendon\u00e7a, o primeiro livro do jornalista. S\u00e3o 36 contos que, de forma po\u00e9tica, falam daquilo que enxergamos, mas n\u00e3o vemos, de um tempo de impulsividade, de redes sociais, em que a capacidade de observa\u00e7\u00e3o, investiga\u00e7\u00e3o e avalia\u00e7\u00e3o de cada um muitas vezes inexiste. Tem tudo a ver com o que vem por a\u00ed.<\/p>\n<p>Por falar em leitura&#8230;\/ Temer, neste ponto, tem tuda a ver com a ex-presidente Dilma Rousseff. Ambos n\u00e3o entram num avi\u00e3o sem alguns livros na bagagem de m\u00e3o.<\/p>\n<p>O que incomoda Renan\/ Se tem algo que tira o senador Renan Calheiros (foto) do s\u00e9rio \u00e9 saber que os advers\u00e1rios est\u00e3o surfando em seu quintal. Os v\u00eddeos do ministro dos Transportes, Maur\u00edcio Quintela, tocando obras no estado fazem parte desse mal-estar. \u00c9 que Maur\u00edcio, do PR, \u00e9 apontado como pr\u00e9-candidato ao Senado.<\/p>\n<p>CB.Poder\/ O deputado Rog\u00e9rio Rosso (PSD-DF) \u00e9 o entrevistado de hoje no programa CB.Poder, ao vivo, \u00e0s 13h30, na TV Bras\u00edlia.<\/p>\n","protected":false},"excerpt":{"rendered":"<p>O presidente Michel Temer pode at\u00e9 n\u00e3o conseguir angariar uma popularidade que o fa\u00e7a candidato. Mas \u00e9 fato que deseja ver a elei\u00e7\u00e3o disputada em cima da agenda e dos resultados de seu governo: \u201climite de gastos, queda dos juros, safra recorde, redu\u00e7\u00e3o do pre\u00e7o dos alimentos, recupera\u00e7\u00e3o das estatais e repactua\u00e7\u00e3o das d\u00edvidas dos estados\u201d, citados pelo pr\u00f3prio presidente [&hellip;]<\/p>\n","protected":false},"author":29,"featured_media":0,"comment_status":"closed","ping_status":"closed","sticky":false,"template":"","format":"standard","meta":{"footnotes":""},"categories":[4],"tags":[],"class_list":["post-1848","post","type-post","status-publish","format-standard","hentry","category-coluna-brasilia-df"],"_links":{"self":[{"href":"https:\/\/blogs.correiobraziliense.com.br\/denise\/wp-json\/wp\/v2\/posts\/1848","targetHints":{"allow":["GET"]}}],"collection":[{"href":"https:\/\/blogs.correiobraziliense.com.br\/denise\/wp-json\/wp\/v2\/posts"}],"about":[{"href":"https:\/\/blogs.correiobraziliense.com.br\/denise\/wp-json\/wp\/v2\/types\/post"}],"author":[{"embeddable":true,"href":"https:\/\/blogs.correiobraziliense.com.br\/denise\/wp-json\/wp\/v2\/users\/29"}],"replies":[{"embeddable":true,"href":"https:\/\/blogs.correiobraziliense.com.br\/denise\/wp-json\/wp\/v2\/comments?post=1848"}],"version-history":[{"count":1,"href":"https:\/\/blogs.correiobraziliense.com.br\/denise\/wp-json\/wp\/v2\/posts\/1848\/revisions"}],"predecessor-version":[{"id":1849,"href":"https:\/\/blogs.correiobraziliense.com.br\/denise\/wp-json\/wp\/v2\/posts\/1848\/revisions\/1849"}],"wp:attachment":[{"href":"https:\/\/blogs.correiobraziliense.com.br\/denise\/wp-json\/wp\/v2\/media?parent=1848"}],"wp:term":[{"taxonomy":"category","embeddable":true,"href":"https:\/\/blogs.correiobraziliense.com.br\/denise\/wp-json\/wp\/v2\/categories?post=1848"},{"taxonomy":"post_tag","embeddable":true,"href":"https:\/\/blogs.correiobraziliense.com.br\/denise\/wp-json\/wp\/v2\/tags?post=1848"}],"curies":[{"name":"wp","href":"https:\/\/api.w.org\/{rel}","templated":true}]}}