{"id":1846,"date":"2018-01-16T06:00:16","date_gmt":"2018-01-16T08:00:16","guid":{"rendered":"https:\/\/blogs.correiobraziliense.com.br\/denise\/?p=1846"},"modified":"2018-01-16T20:11:00","modified_gmt":"2018-01-16T22:11:00","slug":"amigos-a-parte","status":"publish","type":"post","link":"https:\/\/blogs.correiobraziliense.com.br\/denise\/amigos-a-parte\/","title":{"rendered":"Amigos \u00e0 parte"},"content":{"rendered":"<p>Antigos aliados do PT, partidos como o PDT e o PSB n\u00e3o v\u00e3o engrossar as fileiras petistas em mobiliza\u00e7\u00f5es pela absolvi\u00e7\u00e3o e candidatura de Lula. \u201cJusti\u00e7a n\u00e3o se decide no enfrentamento nas ruas, e sim nos tribunais. Quem tem que participar desse julgamento s\u00e3o os desembargadores do TRF-4 e os advogados de defesa\u201d, diz o ex-deputado Beto Albuquerque, que, com a morte de Eduardo Campos, foi candidato a vice-presidente na chapa de Marina Silva \u00e0 Presid\u00eancia da Rep\u00fablica. Carlos Lupi, do PDT, ex-ministro de Lula, mandou uma carta de solidariedade e tomou dist\u00e2ncia regulamentar do caso.<\/p>\n<p>Em ano eleitoral, s\u00e3o poucos os aliados de Lula que desejam se expor em sua defesa. At\u00e9 aqui, n\u00e3o tem sido comum ver antigos afetos dizendo de peito aberto que a Justi\u00e7a persegue um inocente.<\/p>\n<p>Sintom\u00e1tico<\/p>\n<p>At\u00e9 a semana passada, o site do Minist\u00e9rio do Trabalho trazia Cristiane Brasil como ministra. Hoje, o nome dela n\u00e3o aparece no espa\u00e7o reservado ao titular da pasta. Para muitos que leem os meandros do poder, \u00e9 sinal de que, no balan\u00e7o das horas, tudo pode mudar.<\/p>\n<p>Dois coelhos<\/p>\n<p>Apontado por seus mais fi\u00e9is escudeiros como pr\u00e9-candidato \u00e0 reelei\u00e7\u00e3o, o presidente Michel Temer aproveitar\u00e1 o p\u00e9riplo nos programas mais populares para ver se consegue melhorar a avalia\u00e7\u00e3o junto ao eleitorado. Sabe como \u00e9, se o governo adquirir um pouquinho mais de m\u00fasculo, ter\u00e1 condi\u00e7\u00f5es de influir mais, seja no papel de ator principal numa campanha, seja como um coadjuvante de peso. Enfim, n\u00e3o tem nada a perder.<\/p>\n<p>D\u00e1 c\u00e1 sem tomar l\u00e1<\/p>\n<p>Aliados do governo Michel Temer, os deputados Alberto Fraga (DEM), Izalci Lucas (PSDB) e Rog\u00e9rio Rosso (PSD), todos do Distrito Federal, estiveram com o ministro das Cidades, Alexandre Baldy, para tratar da continuidade das obras do metr\u00f4. Querem ver se tiram do governador Rodrigo Rollemberg a paternidade da aplica\u00e7\u00e3o de verbas federais no quadradinho. Reforma da Previd\u00eancia, entretanto, nem pensar. At\u00e9 agora, nenhum deles se comprometeu a votar favoravelmente ao texto.<\/p>\n<p>Recorde na Cultura<\/p>\n<p>Enquanto os partidos ficam brigando por 2018, o ministro da Cultura, S\u00e9rgio S\u00e1 Leit\u00e3o, amplia os n\u00fameros positivos de sua pasta. Neste in\u00edcio de ano, houve capta\u00e7\u00e3o sem precedentes para projetos culturais. Perto de R$ 600 milh\u00f5es. Atribui-se a boa not\u00edcia \u00e0 nova instru\u00e7\u00e3o normativa, editada no in\u00edcio de dezembro, para reduzir burocracia e estimular os patrocinadores.<\/p>\n<p>Dois Renans\/ H\u00e1 uma semana, o governador de Alagoas, Renan Filho, esteve no Pal\u00e1cio do Planalto em audi\u00eancia com o presidente Michel Temer e visita a ministros. \u00c0 coluna, elogiou a cordialidade do presidente e as obras em curso em Alagoas. Pois domingo, no Twitter, o pai dele, senador Renan Calheiros, referiu-se no pequeno texto como governo \u201ctemeroso\u201d.<\/p>\n<p>Babel \u00e9 aqui I\/ O primeiro lote de inscri\u00e7\u00f5es para o 8\u00ba F\u00f3rum Mundial da \u00c1gua, com valores promocionais, alcan\u00e7ou 1.242 inscritos de 95 pa\u00edses. Al\u00e9m do Brasil, est\u00e3o na lista: \u00c1frica do Sul, Argentina, Austr\u00e1lia, B\u00e9lgica, Bol\u00edvia, Canad\u00e1, China, Col\u00f4mbia, Dinamarca, Estados Unidos, Eti\u00f3pia, Fran\u00e7a, Indon\u00e9sia, Ir\u00e3, Iraque, Israel, It\u00e1lia, Jap\u00e3o, Marrocos, M\u00e9xico, Mo\u00e7ambique, Palestina, Peru, Portugal, S\u00e9rvia, Turquia e Uruguai.<\/p>\n<p>Babel \u00e9 aqui II\/ O rei do Marrocos, Mohammed VI (foto), vir\u00e1 ao evento. Mais de 10 chefes de Estado e de governo s\u00e3o esperados em Bras\u00edlia em 18 de mar\u00e7o, data da abertura. O segundo lote de inscri\u00e7\u00f5es segue no site www.worldwaterforum8.org.<\/p>\n<p>Babel \u00e9 aqui III\/ O f\u00f3rum ter\u00e1 mais de 200 sess\u00f5es tem\u00e1ticas e trar\u00e1 para Bras\u00edlia, entre 18 e 23 de mar\u00e7o, os maiores especialistas do planeta sobre o tema da \u00e1gua. Na agenda est\u00e3o temas como mudan\u00e7as clim\u00e1ticas, gest\u00e3o de recursos h\u00eddricos, saneamento e sa\u00fade, ecossistemas, biodiversidade, seguran\u00e7a h\u00eddrica e produ\u00e7\u00e3o sustent\u00e1vel. Para um pa\u00eds que enfrentou a estiagem e o racionamento em diversos estados, a discuss\u00e3o vem bem a calhar.<\/p>\n<p>Sem intermedi\u00e1rios?\/ O encontro entre o presidente Michel Temer e o diretor-geral da Pol\u00edcia Federal, Fernando Seg\u00f3via, para tratar de seguran\u00e7a \u00e9 lido no governo como mais um da s\u00e9rie \u201cfalo com todo mundo\u201d. Qualquer rela\u00e7\u00e3o com o presidente ter perguntas a responder at\u00e9 sexta-feira sobre o inqu\u00e9rito dos portos \u00e9 vista como mera coincid\u00eancia.<\/p>\n","protected":false},"excerpt":{"rendered":"<p>Antigos aliados do PT, partidos como o PDT e o PSB n\u00e3o v\u00e3o engrossar as fileiras petistas em mobiliza\u00e7\u00f5es pela absolvi\u00e7\u00e3o e candidatura de Lula. \u201cJusti\u00e7a n\u00e3o se decide no enfrentamento nas ruas, e sim nos tribunais. Quem tem que participar desse julgamento s\u00e3o os desembargadores do TRF-4 e os advogados de defesa\u201d, diz o ex-deputado Beto Albuquerque, que, com [&hellip;]<\/p>\n","protected":false},"author":29,"featured_media":0,"comment_status":"closed","ping_status":"closed","sticky":false,"template":"","format":"standard","meta":{"footnotes":""},"categories":[4],"tags":[],"class_list":["post-1846","post","type-post","status-publish","format-standard","hentry","category-coluna-brasilia-df"],"_links":{"self":[{"href":"https:\/\/blogs.correiobraziliense.com.br\/denise\/wp-json\/wp\/v2\/posts\/1846","targetHints":{"allow":["GET"]}}],"collection":[{"href":"https:\/\/blogs.correiobraziliense.com.br\/denise\/wp-json\/wp\/v2\/posts"}],"about":[{"href":"https:\/\/blogs.correiobraziliense.com.br\/denise\/wp-json\/wp\/v2\/types\/post"}],"author":[{"embeddable":true,"href":"https:\/\/blogs.correiobraziliense.com.br\/denise\/wp-json\/wp\/v2\/users\/29"}],"replies":[{"embeddable":true,"href":"https:\/\/blogs.correiobraziliense.com.br\/denise\/wp-json\/wp\/v2\/comments?post=1846"}],"version-history":[{"count":1,"href":"https:\/\/blogs.correiobraziliense.com.br\/denise\/wp-json\/wp\/v2\/posts\/1846\/revisions"}],"predecessor-version":[{"id":1847,"href":"https:\/\/blogs.correiobraziliense.com.br\/denise\/wp-json\/wp\/v2\/posts\/1846\/revisions\/1847"}],"wp:attachment":[{"href":"https:\/\/blogs.correiobraziliense.com.br\/denise\/wp-json\/wp\/v2\/media?parent=1846"}],"wp:term":[{"taxonomy":"category","embeddable":true,"href":"https:\/\/blogs.correiobraziliense.com.br\/denise\/wp-json\/wp\/v2\/categories?post=1846"},{"taxonomy":"post_tag","embeddable":true,"href":"https:\/\/blogs.correiobraziliense.com.br\/denise\/wp-json\/wp\/v2\/tags?post=1846"}],"curies":[{"name":"wp","href":"https:\/\/api.w.org\/{rel}","templated":true}]}}