{"id":1843,"date":"2018-01-14T07:10:27","date_gmt":"2018-01-14T09:10:27","guid":{"rendered":"https:\/\/blogs.correiobraziliense.com.br\/denise\/?p=1843"},"modified":"2018-01-14T23:04:13","modified_gmt":"2018-01-15T01:04:13","slug":"com-lula-brasil-repetira-osasco-ou-taubate-2","status":"publish","type":"post","link":"https:\/\/blogs.correiobraziliense.com.br\/denise\/com-lula-brasil-repetira-osasco-ou-taubate-2\/","title":{"rendered":"Com Lula,  Brasil repetir\u00e1 Osasco ou Taubat\u00e9"},"content":{"rendered":"<p>   Antes mesmo do julgamento do ex-presidente Lula no TRF-4, o mundo da pol\u00edtica pesquisa os casos em que candidatos enquadrados na Lei da Ficha Limpa terminaram competindo com base em mandados de seguran\u00e7a. Pelo menos dois casos chamam a aten\u00e7\u00e3o:<\/p>\n<p>  1) Osasco, 2012: O ent\u00e3o candidato a prefeito Celso Giglio (PSDB) chegou em primeiro lugar. Foram 150 mil votos que terminaram n\u00e3o computados, porque Giglio estava sub-j\u00fadice. Jorge Lapas, \u00e0 \u00e9poca no PT, segundo colocado, foi eleito porque o terceiro n\u00e3o obteve votos suficientes para provocar o segundo turno. Ainda assim, Lapas corria o risco de ser retirado do cargo, caso Giglio vencesse nas \u00faltimas inst\u00e2ncias. Giglio perdeu.<\/p>\n<p>   2) Taubat\u00e9, 2014: Ortiz J\u00fanior (PSDB) incurso na Ficha Limpa foi candidato \u00e0 reelei\u00e7\u00e3o. Concorreu sub-j\u00fadice. Terminou em primeiro lugar. A Justi\u00e7a Eleitoral n\u00e3o computou os votos dele. Por\u00e9m, n\u00e3o convocou nova elei\u00e7\u00e3o at\u00e9 que a situa\u00e7\u00e3o de Ortiz fosse resolvida, o que s\u00f3 ocorreu em Novembro. Ortiz venceu nos tribunais e tomou posse em janeiro do ano seguinte.<\/p>\n<p>      ***********<\/p>\n<p>   Esses cen\u00e1rios foram discutidos numa conversa da coluna com o presidente do PTB, Roberto Jefferson. Ele n\u00e3o descarta que o Brasil viva uma situa\u00e7\u00e3o parecida com Osasco ou Taubat\u00e9 no caso de Lula ser condenado daqui a dez dias no TRF-4. Isso porque, dado o n\u00famero de recursos, a tend\u00eancia \u00e9 o processo chegar ao dia da elei\u00e7\u00e3o sem um desfecho. Para completar, o PT at\u00e9 aqui descarta qualquer plano B. Portanto, na hip\u00f3tese de condena\u00e7\u00e3o, vem por a\u00ed um candidato a presidente concorrendo sub-j\u00fadice, com a perspectiva de n\u00e3o ter seus votos computados. \u00c9 problema para mais de metro que j\u00e1 ronda  na mente dos cabe\u00e7as de todos os partidos. <\/p>\n<p>Maia que saia<br \/>\n    O PSDB calcula que seu presidente, Geraldo Alckmin, segue como o mais bem posicionado dos candidatos de centro \u00e0 Presid\u00eancia da Rep\u00fablica. Dedicado ao governo de S\u00e3o Paulo e cuidando das pr\u00e9vias do partido para 4 de mar\u00e7o, v\u00e9spera da abertura da janela para troca de partido. Assim, ter\u00e1 tempo suficiente para segurar os deputados na sua \u00f3rbita. A amigos, o governador paulista garante que n\u00e3o h\u00e1 for\u00e7a capaz de lev\u00e1-lo a desistir da empreitada nacional.<\/p>\n<p>Ele \u00e9 quem tem a perder<br \/>\n    Na vis\u00e3o tucana, Rodrigo Maia tem uma reelei\u00e7\u00e3o tranquila para deputado federal no Rio de Janeiro e montou uma rede perfeita para se reeleger presidente da C\u00e2mara. Ao que tudo indica, o PSDB vai querer amarrar um acordo para manter Maia no comando da C\u00e2mara em 2019. Assim, Maia fica fora da corrida presidencial e o DEM apoia Alckmin. <\/p>\n<p>J\u00e1 colou<br \/>\n   Dentro do DEM h\u00e1 quem diga que esse acordo estaria de bom tamanho para o partido. Rodrigo \u00e9 jovem e, no papel de presidente da C\u00e2mara, seria nome certo nesse novo ciclo pol\u00edtico que se abre com a elei\u00e7\u00e3o de 2018. Falta, entretanto, combinar com o pr\u00f3prio Maia, que est\u00e1 adorando esse desfile presidencial.<\/p>\n<p>CURTIDAS<\/p>\n<p>N\u00e3o brinquem com ele\/ O governo far\u00e1 tudo o que estiver ao alcance do presidente Michel Temer para tentar garantir a posse de Cristiane Brasil. Desde que Roberto Jefferson denunciou o mensal\u00e3o desestabilizando o PT, todos o temem. Afinal, se ele partiu para a guerra contra Jos\u00e9 Dirceu nos idos de 2004, imagine o que far\u00e1 com quem mexer com sua filha&#8230;<\/p>\n<p>Por falar em Temer&#8230;\/ Um exemplar do livro Elementos do Direito Constitucional, do presidente Michel Temer, editado em 1997, foi visto essa semana num ponto de \u00f4nibus de Planaltina pr\u00f3ximo ao campus da UnB na cidade, junto com outras duas obras liter\u00e1rias. Se ajudar algum estudante, est\u00e1 valendo.<\/p>\n<p>O circunspecto e o expansivo\/ Os companheiros de cadeia de Eduardo Cunha t\u00eam reclamado que ele n\u00e3o \u00e9 de muita conversa com os outros. Como dito aqui h\u00e1 alguns dias,  est\u00e1 afundado na leitura dos processos. J\u00e1 na Papuda quem parece bem enturmado \u00e9 o ex-ministro Geddel Vieira Lima. Afinal, se seus amigos t\u00eam uma certeza \u00e9 a de que ele n\u00e3o sair\u00e1 da cadeia nem t\u00e3o cedo. <\/p>\n<p>Muita calma nessa hora\/  Janeiro e fevereiro ser\u00e3o gastos em especula\u00e7\u00f5es e desfiles de in\u00fameros pr\u00e9-candidatos a presidente da Rep\u00fablica. Quem acompanha avisa que s\u00f3 levar\u00e1 a s\u00e9rio aqueles que permanecerem depois da Semana Santa, quando a coisa esquentar\u00e1 para valer.  <\/p>\n<p>Colaborou Renato Souza<\/p>\n<p>&#8212;<br \/>\nSds<br \/>\nDenise Rothenburg<br \/>\n(61) 9987-1610<\/p>\n<p>Enviado do meu iPad<\/p>\n","protected":false},"excerpt":{"rendered":"<p>Antes mesmo do julgamento do ex-presidente Lula no TRF-4, o mundo da pol\u00edtica pesquisa os casos em que candidatos enquadrados na Lei da Ficha Limpa terminaram competindo com base em mandados de seguran\u00e7a. Pelo menos dois casos chamam a aten\u00e7\u00e3o: 1) Osasco, 2012: O ent\u00e3o candidato a prefeito Celso Giglio (PSDB) chegou em primeiro lugar. Foram 150 mil votos que [&hellip;]<\/p>\n","protected":false},"author":29,"featured_media":0,"comment_status":"closed","ping_status":"closed","sticky":false,"template":"","format":"standard","meta":{"footnotes":""},"categories":[4],"tags":[],"class_list":["post-1843","post","type-post","status-publish","format-standard","hentry","category-coluna-brasilia-df"],"_links":{"self":[{"href":"https:\/\/blogs.correiobraziliense.com.br\/denise\/wp-json\/wp\/v2\/posts\/1843","targetHints":{"allow":["GET"]}}],"collection":[{"href":"https:\/\/blogs.correiobraziliense.com.br\/denise\/wp-json\/wp\/v2\/posts"}],"about":[{"href":"https:\/\/blogs.correiobraziliense.com.br\/denise\/wp-json\/wp\/v2\/types\/post"}],"author":[{"embeddable":true,"href":"https:\/\/blogs.correiobraziliense.com.br\/denise\/wp-json\/wp\/v2\/users\/29"}],"replies":[{"embeddable":true,"href":"https:\/\/blogs.correiobraziliense.com.br\/denise\/wp-json\/wp\/v2\/comments?post=1843"}],"version-history":[{"count":1,"href":"https:\/\/blogs.correiobraziliense.com.br\/denise\/wp-json\/wp\/v2\/posts\/1843\/revisions"}],"predecessor-version":[{"id":1844,"href":"https:\/\/blogs.correiobraziliense.com.br\/denise\/wp-json\/wp\/v2\/posts\/1843\/revisions\/1844"}],"wp:attachment":[{"href":"https:\/\/blogs.correiobraziliense.com.br\/denise\/wp-json\/wp\/v2\/media?parent=1843"}],"wp:term":[{"taxonomy":"category","embeddable":true,"href":"https:\/\/blogs.correiobraziliense.com.br\/denise\/wp-json\/wp\/v2\/categories?post=1843"},{"taxonomy":"post_tag","embeddable":true,"href":"https:\/\/blogs.correiobraziliense.com.br\/denise\/wp-json\/wp\/v2\/tags?post=1843"}],"curies":[{"name":"wp","href":"https:\/\/api.w.org\/{rel}","templated":true}]}}