{"id":1839,"date":"2018-01-12T06:10:04","date_gmt":"2018-01-12T08:10:04","guid":{"rendered":"https:\/\/blogs.correiobraziliense.com.br\/denise\/?p=1839"},"modified":"2018-01-12T18:44:11","modified_gmt":"2018-01-12T20:44:11","slug":"voz-do-silencio","status":"publish","type":"post","link":"https:\/\/blogs.correiobraziliense.com.br\/denise\/voz-do-silencio\/","title":{"rendered":"A voz do sil\u00eancio"},"content":{"rendered":"<p>A quietude do PMDB em rela\u00e7\u00e3o aos pr\u00e9-candidatos a presidente da Rep\u00fablica com um vi\u00e9s de centro no espectro da pol\u00edtica est\u00e1 diretamente relacionada com a vontade de setores do partido em ver o pr\u00f3prio presidente Michel Temer no papel de candidato daqui a alguns meses. At\u00e9 na oposi\u00e7\u00e3o, h\u00e1 quem veja hoje que o governo incentiva Rodrigo Maia, Henrique Meirelles e quem mais chegar sem se comprometer com ningu\u00e9m. Logo, enquanto o PMDB estiver assim, calado e tocando a vida, sem colar em qualquer um dos que se apresentaram at\u00e9 agora, \u00e9 sinal de que Michel Temer continua na roda. \u00c9 isso que dizem aos quatro ventos aqueles que acompanham n\u00e3o s\u00f3 os movimentos de todos os partidos, como tamb\u00e9m a rotina do presidente nos pal\u00e1cios. Por\u00e9m, falta combinar esses planos com os analistas de risco, que come\u00e7aram o ano rebaixando a nota do Brasil.<\/p>\n<p>DEM limpa a \u00e1rea<\/p>\n<p>O DEM aproveitar\u00e1 a conven\u00e7\u00e3o de fevereiro para fazer um pente-fino no comando dos diret\u00f3rios estaduais. A ordem \u00e9 deixar todos provis\u00f3rios, a fim de deixar as portas abertas para dar espa\u00e7o nobre a quem ingressar no partido em mar\u00e7o, no per\u00edodo da janela partid\u00e1ria. H\u00e1 quem diga que n\u00e3o d\u00e1 para querer levar pol\u00edticos da estatura e da experi\u00eancia do deputado Her\u00e1clito Fortes, por exemplo, e deix\u00e1-lo como soldado do diret\u00f3rio estadual.<\/p>\n<p>Por falar em DEM\u2026<\/p>\n<p>Nem s\u00f3 de movimentos eleitorais vive o presidente da C\u00e2mara, Rodrigo Maia. No almo\u00e7o ontem com o governador de Santa Catarina, Raimundo Colombo, e o ex-senador Jorge Bornhausen, Rodrigo tratou da reforma da Previd\u00eancia. O calend\u00e1rio para vota\u00e7\u00e3o da emenda logo depois do carnaval est\u00e1 mantido.<\/p>\n<p>&#8230;Servi\u00e7o n\u00e3o falta<\/p>\n<p>Colombo e Maia trataram ainda de uma agenda capaz de mobilizar os governadores para ajudar na reforma previdenci\u00e1ria. Vem por a\u00ed uma vasta pauta de interesse dos governos estaduais que ter\u00e1 mais condi\u00e7\u00f5es de ser adotada se houver a reforma da Previd\u00eancia.<\/p>\n<p>Saco de bondades<\/p>\n<p>Na conversa com o governador Raimundo Colombo, Maia discutiu, por exemplo, a securitiza\u00e7\u00e3o das d\u00edvidas, que permitir\u00e1 aos estados venderem o direito sobre cr\u00e9ditos que tenham a receber. O projeto, de autoria do senador Jos\u00e9 Serra (PSDB-SP), foi aprovado no Senado em dezembro. A ideia \u00e9 colocar a proposta em regime de urg\u00eancia.<\/p>\n<p>Dois coelhos<\/p>\n<p>Ao dar destaque ao projeto do tucano Jos\u00e9 Serra, o presidente da C\u00e2mara, por tabela, angaria simpatia justamente daquele que disputa com Geraldo Alckmin o protagonismo no PSDB de S\u00e3o Paulo. Obviamente, o objetivo final n\u00e3o \u00e9 esse, mas sabe como \u00e9\u2026Agregar alguma simpatia no tucanato nunca \u00e9 demais.<\/p>\n<p>CURTIDAS<br \/>\nNacional &amp; local\/ O PDT escolheu Bras\u00edlia para o pr\u00e9-lan\u00e7amento da candidatura de Ciro Gomes \u00e0 Presid\u00eancia da Rep\u00fablica, em 8 de mar\u00e7o. Ciro vai inaugurar, na sede do partido, o sal\u00e3o de eventos que levar\u00e1 o nome Neusa Brizola, uma homenagem \u00e0 mulher de Leonel Brizola. O presidenci\u00e1vel ser\u00e1 colocado ao lado de Joe Valle, apontado pelo presidente nacional do partido, Carlos Lupi, como o nome para o GDF.<\/p>\n<p>Marina suspende pr\u00e9-campanha\/ A ex-senadora Marina Silva (foto) adiou todos os compromissos agendados para as primeiras semanas do ano. Ela permanece no Acre, de olho na sa\u00fade do pai, sr. Pedro, de 87 anos, que continua hospitalizado.<\/p>\n<p>Agora vai\/ Os ministros da Justi\u00e7a, Torquato Jardim, da Defesa, Raul Jungmann, e do Gabinete de Seguran\u00e7a Institucional, S\u00e9rgio Etchegoyen, est\u00e3o no Rio de Janeiro para assinar com o governador Luiz Fernando Pez\u00e3o o protocolo de metas e compromissos para a seguran\u00e7a estadual em 2018.<\/p>\n<p>Nem tanto\/ O problema da seguran\u00e7a, entretanto, est\u00e1 longe de ser resolvido, haja visto o n\u00famero divulgado pelas For\u00e7as Armadas no fim do ano. Vale recordar: nas 33 vistorias em 31 unidades prisionais, foram encontradas 11 mil armas. Considerando o universo de 22 mil presos, tem-se em m\u00e9dia uma arma a cada dois presidi\u00e1rios.<\/p>\n","protected":false},"excerpt":{"rendered":"<p>A quietude do PMDB em rela\u00e7\u00e3o aos pr\u00e9-candidatos a presidente da Rep\u00fablica com um vi\u00e9s de centro no espectro da pol\u00edtica est\u00e1 diretamente relacionada com a vontade de setores do partido em ver o pr\u00f3prio presidente Michel Temer no papel de candidato daqui a alguns meses. At\u00e9 na oposi\u00e7\u00e3o, h\u00e1 quem veja hoje que o governo incentiva Rodrigo Maia, Henrique [&hellip;]<\/p>\n","protected":false},"author":29,"featured_media":0,"comment_status":"closed","ping_status":"closed","sticky":false,"template":"","format":"standard","meta":{"footnotes":""},"categories":[4],"tags":[],"class_list":["post-1839","post","type-post","status-publish","format-standard","hentry","category-coluna-brasilia-df"],"_links":{"self":[{"href":"https:\/\/blogs.correiobraziliense.com.br\/denise\/wp-json\/wp\/v2\/posts\/1839","targetHints":{"allow":["GET"]}}],"collection":[{"href":"https:\/\/blogs.correiobraziliense.com.br\/denise\/wp-json\/wp\/v2\/posts"}],"about":[{"href":"https:\/\/blogs.correiobraziliense.com.br\/denise\/wp-json\/wp\/v2\/types\/post"}],"author":[{"embeddable":true,"href":"https:\/\/blogs.correiobraziliense.com.br\/denise\/wp-json\/wp\/v2\/users\/29"}],"replies":[{"embeddable":true,"href":"https:\/\/blogs.correiobraziliense.com.br\/denise\/wp-json\/wp\/v2\/comments?post=1839"}],"version-history":[{"count":1,"href":"https:\/\/blogs.correiobraziliense.com.br\/denise\/wp-json\/wp\/v2\/posts\/1839\/revisions"}],"predecessor-version":[{"id":1840,"href":"https:\/\/blogs.correiobraziliense.com.br\/denise\/wp-json\/wp\/v2\/posts\/1839\/revisions\/1840"}],"wp:attachment":[{"href":"https:\/\/blogs.correiobraziliense.com.br\/denise\/wp-json\/wp\/v2\/media?parent=1839"}],"wp:term":[{"taxonomy":"category","embeddable":true,"href":"https:\/\/blogs.correiobraziliense.com.br\/denise\/wp-json\/wp\/v2\/categories?post=1839"},{"taxonomy":"post_tag","embeddable":true,"href":"https:\/\/blogs.correiobraziliense.com.br\/denise\/wp-json\/wp\/v2\/tags?post=1839"}],"curies":[{"name":"wp","href":"https:\/\/api.w.org\/{rel}","templated":true}]}}