{"id":1835,"date":"2018-01-11T06:16:24","date_gmt":"2018-01-11T08:16:24","guid":{"rendered":"https:\/\/blogs.correiobraziliense.com.br\/denise\/?p=1835"},"modified":"2018-01-11T19:17:01","modified_gmt":"2018-01-11T21:17:01","slug":"perigo-a-frente","status":"publish","type":"post","link":"https:\/\/blogs.correiobraziliense.com.br\/denise\/perigo-a-frente\/","title":{"rendered":"Perigo \u00e0 frente"},"content":{"rendered":"<p>A forma como a Advocacia-Geral da Uni\u00e3o (AGU) trabalhou nas primeiras horas em rela\u00e7\u00e3o \u00e0 liminar que suspendeu a posse da ministra do Trabalho, Cristiane Brasil, come\u00e7a a complicar a vida do governo com o PTB. Entre os petebistas, h\u00e1 quem atribua a demora nos recursos por parte da AGU ao ministro da Secretaria-Geral da Presid\u00eancia, Moreira Franco, que tamb\u00e9m faz pol\u00edtica no Rio.<\/p>\n<p>Nesse clima, se o PTB concluir que o governo fez \u201ccorpo mole\u201d para a resolver o problema, a desconfian\u00e7a estar\u00e1 instalada, ainda que a ministra tome posse hoje. Por enquanto, Roberto Jefferson tem dito apenas que o atraso se deu por causa das f\u00e9rias do pessoal da AGU. Por\u00e9m, nos bastidores, outros petebistas s\u00e3o mais \u00e1cidos nas cr\u00edticas ao governo.<\/p>\n<p>Quer dinheiro?<\/p>\n<p>Ent\u00e3o, vote sim \u00e0 reforma da Previd\u00eancia. A contar pelo que disse o presidente do PTB, Roberto Jefferson, na entrevista ao programa CB.Poder, vem por a\u00ed um novo tipo de toma l\u00e1 d\u00e1 c\u00e1 envolvendo a vota\u00e7\u00e3o. \u201cQuem vota contra a reforma diz que o faz porque tem voto popular. Portanto, ter\u00e1 mais facilidade de se reeleger. Logo, quem votar\u00e1 contra precisar\u00e1 de mais recursos para promover a sua campanha\u201d, diz.<\/p>\n<p>Ordem de chegada<\/p>\n<p>A insist\u00eancia de Arthur Virg\u00edlio em concorrer numa pr\u00e9via contra o governador de S\u00e3o Paulo, Geraldo Alckmin, deixou uma avenida para Rodrigo Maia tentar fechar apoios com partidos do Centr\u00e3o at\u00e9 mar\u00e7o. Afinal, Alckmin est\u00e1 amarrado ao governo de S\u00e3o Paulo e ter\u00e1 de cuidar ainda da pr\u00e9via. Rodrigo fechar\u00e1 fevereiro com o apoio oficial do DEM, conforme antecipou ontem a coluna.<\/p>\n<p>Fato quando cria perna<\/p>\n<p>De olho na velha m\u00e1xima do futebol \u201cquem se desloca recebe, quem pede tem prefer\u00eancia\u201d, os tucanos v\u00e3o monitorar com uma lupa esses movimentos. O receio hoje \u00e9 de que Rodrigo caminhe tanto que n\u00e3o tenha ponto de recuo. A\u00ed, ser\u00e1 inevit\u00e1vel, dizem os integrantes do PSDB, uma divis\u00e3o do centro.<\/p>\n<p>PP em Itaipu<\/p>\n<p>O Partido Progressista, aquele que no passado indicou Paulo Roberto Costa para diretor da Petrobras, festeja a posse do engenheiro eletricista Mauro Coberllini no cargo de diretor-t\u00e9cnico executivo da Itaipu Binacional. A indica\u00e7\u00e3o coube ao presidente estadual do PP do Paran\u00e1, Dilceu Sperafico. Sperafico foi inocentado no processo da Lava-Jato no fim do ano passado, por falta de provas.<\/p>\n<p>Obsess\u00e3o I\/ O ex-presidente da C\u00e2mara Eduardo Cunha (foto) n\u00e3o perdeu o gosto pelo estudo dos temas que podem lhe render algum benef\u00edcio. Desde que foi preso, praticamente decorou os c\u00f3digos de processo, especialmente, o Penal. Chega ao ponto de discutir com os advogados e ordenar mudan\u00e7as na estrat\u00e9gia da defesa.<\/p>\n<p>Obsess\u00e3o II\/ Vale lembrar que, em 2011, quando outro presidi\u00e1rio, Henrique Eduardo Alves, comandava o PMDB, Eduardo Cunha chegou a ser indicado para relatar o C\u00f3digo de Processo Civil. Perdeu o cargo porque a bancada dos parlamentares advogados chiou. Agora, Cunha est\u00e1 praticamente querendo dar aulas sobre o tema a seus defensores.<\/p>\n<p>Por falar em advogados&#8230;\/ O<br \/>\nfato de S\u00e9rgio Cabral responder a 20 processos levantou uma d\u00favida entre os investigadores: est\u00e3o todos curiosos para saber de onde o<br \/>\nex-governador do Rio est\u00e1 tirando dinheiro para cobrir as despesas com honor\u00e1rios da equipe que cuida desse mundo de a\u00e7\u00f5es contra o pol\u00edtico e a mulher dele, Adriana Anselmo.<\/p>\n<p>\u2026 Haja dinheiro\/ A aposta de quem conhece o tra\u00e7ado da Justi\u00e7a \u00e9 a de que Cabral n\u00e3o sair\u00e1 da cadeia t\u00e3o cedo. Logo, ainda vai pagar muitos honor\u00e1rios \u00e0 equipe respons\u00e1vel pela defesa.<\/p>\n","protected":false},"excerpt":{"rendered":"<p>A forma como a Advocacia-Geral da Uni\u00e3o (AGU) trabalhou nas primeiras horas em rela\u00e7\u00e3o \u00e0 liminar que suspendeu a posse da ministra do Trabalho, Cristiane Brasil, come\u00e7a a complicar a vida do governo com o PTB. Entre os petebistas, h\u00e1 quem atribua a demora nos recursos por parte da AGU ao ministro da Secretaria-Geral da Presid\u00eancia, Moreira Franco, que tamb\u00e9m [&hellip;]<\/p>\n","protected":false},"author":29,"featured_media":0,"comment_status":"closed","ping_status":"closed","sticky":false,"template":"","format":"standard","meta":{"footnotes":""},"categories":[4],"tags":[],"class_list":["post-1835","post","type-post","status-publish","format-standard","hentry","category-coluna-brasilia-df"],"_links":{"self":[{"href":"https:\/\/blogs.correiobraziliense.com.br\/denise\/wp-json\/wp\/v2\/posts\/1835","targetHints":{"allow":["GET"]}}],"collection":[{"href":"https:\/\/blogs.correiobraziliense.com.br\/denise\/wp-json\/wp\/v2\/posts"}],"about":[{"href":"https:\/\/blogs.correiobraziliense.com.br\/denise\/wp-json\/wp\/v2\/types\/post"}],"author":[{"embeddable":true,"href":"https:\/\/blogs.correiobraziliense.com.br\/denise\/wp-json\/wp\/v2\/users\/29"}],"replies":[{"embeddable":true,"href":"https:\/\/blogs.correiobraziliense.com.br\/denise\/wp-json\/wp\/v2\/comments?post=1835"}],"version-history":[{"count":1,"href":"https:\/\/blogs.correiobraziliense.com.br\/denise\/wp-json\/wp\/v2\/posts\/1835\/revisions"}],"predecessor-version":[{"id":1836,"href":"https:\/\/blogs.correiobraziliense.com.br\/denise\/wp-json\/wp\/v2\/posts\/1835\/revisions\/1836"}],"wp:attachment":[{"href":"https:\/\/blogs.correiobraziliense.com.br\/denise\/wp-json\/wp\/v2\/media?parent=1835"}],"wp:term":[{"taxonomy":"category","embeddable":true,"href":"https:\/\/blogs.correiobraziliense.com.br\/denise\/wp-json\/wp\/v2\/categories?post=1835"},{"taxonomy":"post_tag","embeddable":true,"href":"https:\/\/blogs.correiobraziliense.com.br\/denise\/wp-json\/wp\/v2\/tags?post=1835"}],"curies":[{"name":"wp","href":"https:\/\/api.w.org\/{rel}","templated":true}]}}