{"id":1831,"date":"2018-01-10T07:37:28","date_gmt":"2018-01-10T09:37:28","guid":{"rendered":"https:\/\/blogs.correiobraziliense.com.br\/denise\/?p=1831"},"modified":"2018-01-10T15:38:02","modified_gmt":"2018-01-10T17:38:02","slug":"largada-de-rodrigo","status":"publish","type":"post","link":"https:\/\/blogs.correiobraziliense.com.br\/denise\/largada-de-rodrigo\/","title":{"rendered":"A largada de Rodrigo"},"content":{"rendered":"<p>O DEM marcou data para colocar o presidente da C\u00e2mara, Rodrigo Maia, oficialmente na roda dos pr\u00e9-candidatos a presidente da Rep\u00fablica. Ser\u00e1 em 26 de fevereiro, na conven\u00e7\u00e3o do partido. \u201cVou apresentar o nome dele. Teremos 12 candidatos a governador, nossa bancada cresceu, n\u00e3o tem por que deixarmos de ter candidato a presidente da Rep\u00fablica. O Rodrigo est\u00e1 preparado\u201d, diz o l\u00edder da bancada, Efraim Filho (DEM-PB), que, de recesso e com a filha de um ano e meio no colo, combina o jogo com a c\u00fapula dos democratas.<\/p>\n<p>\u00bb \u00bb \u00bb <\/p>\n<p>Em tempo: em 26 de fevereiro, o pa\u00eds ter\u00e1 passado pelo carnaval e, se tudo correr de acordo com o cronograma montado pelo pr\u00f3prio Maia, a reforma da Previd\u00eancia tamb\u00e9m j\u00e1 estar\u00e1 aprovada na C\u00e2mara.<\/p>\n<p>\u00bb \u00bb \u00bb <\/p>\n<p>Assim, cumprido seu compromisso com o governo, o comandante Rodrigo ter\u00e1 meios de cuidar da pr\u00f3pria vida. Ser\u00e1 o primeiro presidenci\u00e1vel a fechar fevereiro com o aval do partido. Nem Geraldo Alckmin, que preside o PSDB, conseguiu essa proeza at\u00e9 agora. Henrique Meirelles, por sua vez, ainda n\u00e3o recebeu publicamente o apoio dos comandantes do PSD.<\/p>\n<p>Na primeira fila<\/p>\n<p>O PMDB n\u00e3o mover\u00e1 um m\u00fasculo enquanto o ministro da Fazenda, Henrique Meirelles, o presidente da C\u00e2mara, Rodrigo Maia, e o governador de S\u00e3o Paulo, Geraldo Alckmin, se aquecem para a disputa ao Planalto. Ali, a avalia\u00e7\u00e3o \u00e9 a de que quanto mais o tempo passa, mais a economia melhora e o partido de Michel Temer ganha mais import\u00e2ncia neste jogo para outubro.<\/p>\n<p>Ela tem a for\u00e7a<\/p>\n<p>O PTB acendeu todas as velas em favor da presidente do Supremo Tribunal Federal, C\u00e1rmen L\u00facia, de plant\u00e3o nesse recesso do STF. A esperan\u00e7a do partido \u00e9 que ela decida logo pela posse da deputada Cristiane Brasil no Minist\u00e9rio do Trabalho.<\/p>\n<p>Perdas &amp; ganhos I<\/p>\n<p>Nem todos os integrantes do PSL ficaram tristes com a sa\u00edda do Livres. \u00c9 que os integrantes do movimento queriam colocar como bandeira do partido o aborto e a legaliza\u00e7\u00e3o da maconha.<\/p>\n<p>Perdas &amp; ganhos II<\/p>\n<p>O partido, entretanto, n\u00e3o est\u00e1 assim t\u00e3o esfuziante com o ingresso de Jair Bolsonaro. Quem tem os p\u00e9s no ch\u00e3o est\u00e1 \u00e9 na torcida para que o presidenci\u00e1vel leve mais deputados para o partido, que hoje s\u00f3 tem tr\u00eas parlamentares na bancada.<\/p>\n<p>Sutis diferen\u00e7as\/ A coluna encontrou o governador de Alagoas, Renan Filho, no Pal\u00e1cio do Planalto quando ele chegava para dar um abra\u00e7o no ministro Carlos Marun. Renan tinha acabado de sair do gabinete do presidente Michel Temer. \u201cEle sempre \u00e9 muito educado\u201d, disse o governador, cujo pai passa horas descascando o presidente.<\/p>\n<p>A vida como ela \u00e9\/ Perguntado sobre a campanha pela reelei\u00e7\u00e3o, se montaria seu palanque junto com Lula, ele n\u00e3o titubeou, mas se esquivou: \u201cLula \u00e9 muito forte no Nordeste, mas ainda est\u00e1 cedo para tratar de campanha. Quem est\u00e1 no governo, que \u00e9 o meu caso, tem \u00e9 que trabalhar\u201d, desconversou.<\/p>\n<p>Agenda cheia\/ Renanzinho saiu de Bras\u00edlia pra l\u00e1 de feliz. Al\u00e9m do p\u00e9riplo palaciano, esteve com o ministro dos Transportes, Maur\u00edcio Quintela, para tratar de obras de mobilidade urbana e o trecho 4 do Canal do Sert\u00e3o.<\/p>\n<p>L\u00facio em campo\/ Quem passou pelo Pal\u00e1cio do Planalto ontem foi o deputado L\u00facio Vieira Lima (PMDB-BA), irm\u00e3o do ex-ministro Geddel \u2014 que continua preso. Foi visitar o ministro Carlos Marun, mas n\u00e3o p\u00f4de ficar muito. Quem estava na sala ao lado garante que ouviu um \u201cT\u00f4 f\u2026\u201d, em alto e bom som, dito por Vieira Lima (foto).<\/p>\n","protected":false},"excerpt":{"rendered":"<p>O DEM marcou data para colocar o presidente da C\u00e2mara, Rodrigo Maia, oficialmente na roda dos pr\u00e9-candidatos a presidente da Rep\u00fablica. Ser\u00e1 em 26 de fevereiro, na conven\u00e7\u00e3o do partido. \u201cVou apresentar o nome dele. Teremos 12 candidatos a governador, nossa bancada cresceu, n\u00e3o tem por que deixarmos de ter candidato a presidente da Rep\u00fablica. O Rodrigo est\u00e1 preparado\u201d, diz [&hellip;]<\/p>\n","protected":false},"author":29,"featured_media":0,"comment_status":"closed","ping_status":"closed","sticky":false,"template":"","format":"standard","meta":{"footnotes":""},"categories":[4],"tags":[],"class_list":["post-1831","post","type-post","status-publish","format-standard","hentry","category-coluna-brasilia-df"],"_links":{"self":[{"href":"https:\/\/blogs.correiobraziliense.com.br\/denise\/wp-json\/wp\/v2\/posts\/1831","targetHints":{"allow":["GET"]}}],"collection":[{"href":"https:\/\/blogs.correiobraziliense.com.br\/denise\/wp-json\/wp\/v2\/posts"}],"about":[{"href":"https:\/\/blogs.correiobraziliense.com.br\/denise\/wp-json\/wp\/v2\/types\/post"}],"author":[{"embeddable":true,"href":"https:\/\/blogs.correiobraziliense.com.br\/denise\/wp-json\/wp\/v2\/users\/29"}],"replies":[{"embeddable":true,"href":"https:\/\/blogs.correiobraziliense.com.br\/denise\/wp-json\/wp\/v2\/comments?post=1831"}],"version-history":[{"count":1,"href":"https:\/\/blogs.correiobraziliense.com.br\/denise\/wp-json\/wp\/v2\/posts\/1831\/revisions"}],"predecessor-version":[{"id":1832,"href":"https:\/\/blogs.correiobraziliense.com.br\/denise\/wp-json\/wp\/v2\/posts\/1831\/revisions\/1832"}],"wp:attachment":[{"href":"https:\/\/blogs.correiobraziliense.com.br\/denise\/wp-json\/wp\/v2\/media?parent=1831"}],"wp:term":[{"taxonomy":"category","embeddable":true,"href":"https:\/\/blogs.correiobraziliense.com.br\/denise\/wp-json\/wp\/v2\/categories?post=1831"},{"taxonomy":"post_tag","embeddable":true,"href":"https:\/\/blogs.correiobraziliense.com.br\/denise\/wp-json\/wp\/v2\/tags?post=1831"}],"curies":[{"name":"wp","href":"https:\/\/api.w.org\/{rel}","templated":true}]}}