{"id":1828,"date":"2018-01-09T06:52:29","date_gmt":"2018-01-09T08:52:29","guid":{"rendered":"https:\/\/blogs.correiobraziliense.com.br\/denise\/?p=1828"},"modified":"2018-01-09T20:53:12","modified_gmt":"2018-01-09T22:53:12","slug":"alto-la","status":"publish","type":"post","link":"https:\/\/blogs.correiobraziliense.com.br\/denise\/alto-la\/","title":{"rendered":"Alto l\u00e1!"},"content":{"rendered":"<p>Aliados do Planalto pretendem fazer chegar ao presidente da C\u00e2mara, Rodrigo Maia, e ao ministro da Fazenda, Henrique Meirelles, que \u00e9 melhor os dois pararem com a troca de farpas, sob pena de prejudicarem a vota\u00e7\u00e3o da reforma da Previd\u00eancia. Intramuros na base, amigos do presidente Michel Temer t\u00eam dito que \u00e9 melhor os dois tomarem consci\u00eancia de que \u201cos inimigos est\u00e3o fora do governo\u201d e, a pre\u00e7os de hoje, atendem pelos nomes de Lula e Jair Bolsonaro.<\/p>\n<p>\u00bb \u00bb  \u00bb <\/p>\n<p>A preocupa\u00e7\u00e3o de parceiros do governo \u00e9 a de que os dois terminem jogando para escanteio a reforma previdenci\u00e1ria, vista como crucial para dar mais sustentabilidade ao ambiente de recupera\u00e7\u00e3o econ\u00f4mica. Afinal, se h\u00e1 um consenso entre os partidos que d\u00e3o lastro ao governo do presidente Michel Temer, \u00e9 o de que a reforma acelera o quadro de recupera\u00e7\u00e3o da economia e isso terminar\u00e1 ajudando os candidatos que a apoiarem. Portanto, o momento \u00e9 de deixar as rusgas para depois de mar\u00e7o. Faz sentido.<\/p>\n<p>Eles t\u00eam a for\u00e7a I<br \/>\nAs novas regras eleitorais, que d\u00e3o poderes quase que totais aos presidentes dos partidos e seus tesoureiros para distribui\u00e7\u00e3o do fundo que custear\u00e1 as campanhas, come\u00e7am a ser vistas como um ingrediente para ajudar o governo na reforma da Previd\u00eancia. A ideia \u00e9 s\u00f3 dar dinheiro a quem votar a favor.<\/p>\n<p>Eles t\u00eam a for\u00e7a II<br \/>\nA estrat\u00e9gia \u00e9 a seguinte: o partido fecha quest\u00e3o em favor da reforma e, na hora de distribuir os recursos do fundo eleitoral, aqueles deputados que votarem de acordo com a orienta\u00e7\u00e3o partid\u00e1ria ter\u00e3o uma fatia maior. Falta, entretanto, combinar com os presidentes das legendas e seus tesoureiros.<\/p>\n<p>Est\u00e1 rolando solto<br \/>\nAt\u00e9 aqui, ningu\u00e9m falou diretamente em puni\u00e7\u00e3o para quem votar contra a reforma. O PSDB, por exemplo, fechou quest\u00e3o, mas avisou que n\u00e3o castigar\u00e1 os deputados que discordam da proposta. Os demais tamb\u00e9m fizeram cara de paisagem para eventuais puni\u00e7\u00f5es.<\/p>\n<p>Aldo, o retorno<br \/>\nEnquanto o ministro aposentado do Supremo Tribunal Federal Joaquim Barbosa pensa se ser\u00e1 candidato a presidente da Rep\u00fablica, o ex-deputado Aldo Rebelo avisa ao PSB que est\u00e1 pronto para essa miss\u00e3o. Logo, se Barbosa demorar muito, quando voltar, a cadeira de candidato estar\u00e1 ocupada.<\/p>\n<p>Ele vai bem\/ Na \u00faltima semana, o presidente Michel Temer ia almo\u00e7ar em casa e ficava trabalhando no Jaburu. Ontem, at\u00e9 para baixar as especula\u00e7\u00f5es sobre uma licen\u00e7a m\u00e9dica, ele voltou ao Planalto depois do almo\u00e7o.<\/p>\n<p>Quase petebista\/ O ex-prefeito de Curitiba Gustavo Fruet (PDT) cogita mudar para o PTB e concorrer a um mandato de senador. E desta vez, Fruet considera que tem mais chances de vit\u00f3ria. Em 2010, quando concorreu<br \/>\nao Senado, ele perdeu para Gleisi Hoffmann (foto), a mais votada, com 3,1 milh\u00f5es de votos; e Roberto Requi\u00e3o, que obteve 2,6 milh\u00f5es.<br \/>\nFruet ficou com 2,5 milh\u00f5es.<\/p>\n<p>Por falar em Gleisi&#8230;\/ Desta vez, ela n\u00e3o ser\u00e1 problema para Fruet. Como presidente do PT, est\u00e1 dedicada mesmo \u00e0 defesa de Lula, voltada para a reconstru\u00e7\u00e3o do partido e n\u00e3o concorrer\u00e1 a mandato eletivo. Ontem, ela declarou que o povo ser\u00e1 julgado no dia 24 pelo TRF-4. Menos, senadora, menos.<\/p>\n<p>Livres e soltos\/ O movimento Livres incluiu at\u00e9 a Rede, de Marina Silva, entre os destino em que pode aportar para 2018.<\/p>\n<p>Colaborou Rodolfo Costa<\/p>\n","protected":false},"excerpt":{"rendered":"<p>Aliados do Planalto pretendem fazer chegar ao presidente da C\u00e2mara, Rodrigo Maia, e ao ministro da Fazenda, Henrique Meirelles, que \u00e9 melhor os dois pararem com a troca de farpas, sob pena de prejudicarem a vota\u00e7\u00e3o da reforma da Previd\u00eancia. Intramuros na base, amigos do presidente Michel Temer t\u00eam dito que \u00e9 melhor os dois tomarem consci\u00eancia de que \u201cos [&hellip;]<\/p>\n","protected":false},"author":29,"featured_media":0,"comment_status":"closed","ping_status":"closed","sticky":false,"template":"","format":"standard","meta":{"footnotes":""},"categories":[4],"tags":[],"class_list":["post-1828","post","type-post","status-publish","format-standard","hentry","category-coluna-brasilia-df"],"_links":{"self":[{"href":"https:\/\/blogs.correiobraziliense.com.br\/denise\/wp-json\/wp\/v2\/posts\/1828","targetHints":{"allow":["GET"]}}],"collection":[{"href":"https:\/\/blogs.correiobraziliense.com.br\/denise\/wp-json\/wp\/v2\/posts"}],"about":[{"href":"https:\/\/blogs.correiobraziliense.com.br\/denise\/wp-json\/wp\/v2\/types\/post"}],"author":[{"embeddable":true,"href":"https:\/\/blogs.correiobraziliense.com.br\/denise\/wp-json\/wp\/v2\/users\/29"}],"replies":[{"embeddable":true,"href":"https:\/\/blogs.correiobraziliense.com.br\/denise\/wp-json\/wp\/v2\/comments?post=1828"}],"version-history":[{"count":1,"href":"https:\/\/blogs.correiobraziliense.com.br\/denise\/wp-json\/wp\/v2\/posts\/1828\/revisions"}],"predecessor-version":[{"id":1829,"href":"https:\/\/blogs.correiobraziliense.com.br\/denise\/wp-json\/wp\/v2\/posts\/1828\/revisions\/1829"}],"wp:attachment":[{"href":"https:\/\/blogs.correiobraziliense.com.br\/denise\/wp-json\/wp\/v2\/media?parent=1828"}],"wp:term":[{"taxonomy":"category","embeddable":true,"href":"https:\/\/blogs.correiobraziliense.com.br\/denise\/wp-json\/wp\/v2\/categories?post=1828"},{"taxonomy":"post_tag","embeddable":true,"href":"https:\/\/blogs.correiobraziliense.com.br\/denise\/wp-json\/wp\/v2\/tags?post=1828"}],"curies":[{"name":"wp","href":"https:\/\/api.w.org\/{rel}","templated":true}]}}