{"id":1822,"date":"2017-12-27T06:00:57","date_gmt":"2017-12-27T08:00:57","guid":{"rendered":"https:\/\/blogs.correiobraziliense.com.br\/denise\/?p=1822"},"modified":"2017-12-27T10:14:13","modified_gmt":"2017-12-27T12:14:13","slug":"quer-dinheiro-entao-vota","status":"publish","type":"post","link":"https:\/\/blogs.correiobraziliense.com.br\/denise\/quer-dinheiro-entao-vota\/","title":{"rendered":"Quer dinheiro? Ent\u00e3o vota!"},"content":{"rendered":"<p>Na reuni\u00e3o que o presidente Michel Temer far\u00e1 hoje com alguns pol\u00edticos para tratar dos votos pr\u00f3-reforma da Previd\u00eancia, os ministros pretendem deixar claro que, diante do teto de gastos, s\u00f3 ser\u00e1 poss\u00edvel dar algum alento maior aos estados e munic\u00edpios com verbas extras se a reforma for aprovada. Caso contr\u00e1rio, cortes vir\u00e3o e, nesse rol, est\u00e3o os R$ 3 bilh\u00f5es prometidos aos prefeitos no final de novembro.<\/p>\n<p>\u00bb \u00bb \u00bb <\/p>\n<p>O mesmo vale para os financiamentos para os estados. \u201cQuem quer financiamento do governo e n\u00e3o quer ajudar o governo que v\u00e1 procurar o Bradesco e o Ita\u00fa\u201d, diz \u00e0 coluna o ministro da Secretaria de Governo, Carlos Marun. Simples assim.  O nome disso, dizem os governistas, n\u00e3o \u00e9 chantagem. \u00c9 a vida como ela \u00e9.<\/p>\n<p>Vem mais<\/p>\n<p>Quando passar a reforma previdenci\u00e1ria, o governo far\u00e1 ainda uma reforma administrativa. A inten\u00e7\u00e3o \u00e9 enxugar a m\u00e1quina, em especial, os cargos em comiss\u00e3o. Falta combinar com os deputados que est\u00e3o sempre querendo indicar algu\u00e9m para algum lugar. Paulo Maluf que o diga.<\/p>\n<p>Melhor de tr\u00eas<\/p>\n<p>Antes de ir para a cadeia, Paulo Maluf emplacou Alessandra Bastos Soares na diretoria da Ag\u00eancia Nacional de Vigil\u00e2ncia Sanit\u00e1ria (Anvisa). Foi o terceiro nome apresentado pelo PP. O primeiro, Jo\u00e3o Abukater, t\u00e9cnico da \u00e1rea de habita\u00e7\u00e3o, sucumbiu em agosto. O segundo, Roberto Campos Marinho, tamb\u00e9m n\u00e3o vingou.<\/p>\n<p>S\u00f3 que n\u00e3o<\/p>\n<p>Os partidos chamados a fechar quest\u00e3o na reforma da Previd\u00eancia pensam em atender o governo. Por\u00e9m, nada de punir quem votar contra. Na verdade, a ordem \u00e9 dar um discurso para quem quer dar um voto favor\u00e1vel ao projeto, algo do tipo, \u201co partido mandou\u201d.<\/p>\n<p>Quem cala, consente<\/p>\n<p>At\u00e9 agora nenhum magistrado contestou a defesa do aux\u00edlio-moradia para ju\u00edzes, inclusive para os que servem em seus pr\u00f3prios estados de nascimento. O benef\u00edcio \u00e9 defendido com unhas e dentes pelo presidente da Associa\u00e7\u00e3o dos Ju\u00edzes Federais do Brasil (Ajufe), Roberto Veloso, aquele que disse na tev\u00ea h\u00e1 alguns anos que o filho de juiz n\u00e3o podia estudar na mesma escola que o filho do bandido. A contar pelo n\u00famero de empres\u00e1rios e pol\u00edticos soltos recentemente ou que permanecem na cadeia, ele ter\u00e1 dificuldades em encontrar um col\u00e9gio destinado a fam\u00edlias de alto poder aquisitivo que n\u00e3o tenha sequer um filho de investigado pela Lava-Jato e seus desdobramentos&#8230;<\/p>\n<p>Ali, deu quorum\/ Deputados faziam fila ontem para conversar com o ministro da Secretaria de Governo, Carlos Marun. Tudo por causa das emendas ao Or\u00e7amento deste ano, algumas prometidas e at\u00e9 agora n\u00e3o liberadas. H\u00e1 quem diga que, se o governo n\u00e3o cumprir as libera\u00e7\u00f5es, a reforma n\u00e3o sai.<\/p>\n<p>Come\u00e7ou em futebol\/ Ao abrir a porta de sua sala ontem \u00e0 tarde, o ministro Carlos Marun se deparou com o deputado Covatti Filho (PP-RS): \u201cQuem \u00e9 que disse que estou atendendo gremistas?!\u201d Marun \u00e9 torcedor do Internacional e Covatti, tricolor doente.<\/p>\n<p>Comitiva\/  A bancada do Rio estava em peso ontem no Planalto. Sabe como \u00e9, com o presidente voando hoje de manh\u00e3 para inaugurar a Zona de processamento de exporta\u00e7\u00e3o do Porto de A\u00e7u, muitos v\u00e3o aproveitar a carona hoje.<\/p>\n<p>Muita calma nesta hora\/ Depois das entrevistas da semana passada, em que se apresentou como um presidenci\u00e1vel, o ministro da Fazenda, Henrique Meirelles (foto), vai recolher os flaps. Pelo menos at\u00e9 a vota\u00e7\u00e3o da reforma previdenci\u00e1ria, n\u00e3o ficar\u00e1 posando de pr\u00e9-candidato.<\/p>\n","protected":false},"excerpt":{"rendered":"<p>Na reuni\u00e3o que o presidente Michel Temer far\u00e1 hoje com alguns pol\u00edticos para tratar dos votos pr\u00f3-reforma da Previd\u00eancia, os ministros pretendem deixar claro que, diante do teto de gastos, s\u00f3 ser\u00e1 poss\u00edvel dar algum alento maior aos estados e munic\u00edpios com verbas extras se a reforma for aprovada. Caso contr\u00e1rio, cortes vir\u00e3o e, nesse rol, est\u00e3o os R$ 3 [&hellip;]<\/p>\n","protected":false},"author":29,"featured_media":0,"comment_status":"closed","ping_status":"closed","sticky":false,"template":"","format":"standard","meta":{"footnotes":""},"categories":[4],"tags":[],"class_list":["post-1822","post","type-post","status-publish","format-standard","hentry","category-coluna-brasilia-df"],"_links":{"self":[{"href":"https:\/\/blogs.correiobraziliense.com.br\/denise\/wp-json\/wp\/v2\/posts\/1822","targetHints":{"allow":["GET"]}}],"collection":[{"href":"https:\/\/blogs.correiobraziliense.com.br\/denise\/wp-json\/wp\/v2\/posts"}],"about":[{"href":"https:\/\/blogs.correiobraziliense.com.br\/denise\/wp-json\/wp\/v2\/types\/post"}],"author":[{"embeddable":true,"href":"https:\/\/blogs.correiobraziliense.com.br\/denise\/wp-json\/wp\/v2\/users\/29"}],"replies":[{"embeddable":true,"href":"https:\/\/blogs.correiobraziliense.com.br\/denise\/wp-json\/wp\/v2\/comments?post=1822"}],"version-history":[{"count":1,"href":"https:\/\/blogs.correiobraziliense.com.br\/denise\/wp-json\/wp\/v2\/posts\/1822\/revisions"}],"predecessor-version":[{"id":1823,"href":"https:\/\/blogs.correiobraziliense.com.br\/denise\/wp-json\/wp\/v2\/posts\/1822\/revisions\/1823"}],"wp:attachment":[{"href":"https:\/\/blogs.correiobraziliense.com.br\/denise\/wp-json\/wp\/v2\/media?parent=1822"}],"wp:term":[{"taxonomy":"category","embeddable":true,"href":"https:\/\/blogs.correiobraziliense.com.br\/denise\/wp-json\/wp\/v2\/categories?post=1822"},{"taxonomy":"post_tag","embeddable":true,"href":"https:\/\/blogs.correiobraziliense.com.br\/denise\/wp-json\/wp\/v2\/tags?post=1822"}],"curies":[{"name":"wp","href":"https:\/\/api.w.org\/{rel}","templated":true}]}}