{"id":1820,"date":"2017-12-26T08:25:57","date_gmt":"2017-12-26T10:25:57","guid":{"rendered":"https:\/\/blogs.correiobraziliense.com.br\/denise\/?p=1820"},"modified":"2017-12-26T17:26:44","modified_gmt":"2017-12-26T19:26:44","slug":"o-jeitao-do-general","status":"publish","type":"post","link":"https:\/\/blogs.correiobraziliense.com.br\/denise\/o-jeitao-do-general\/","title":{"rendered":"O jeit\u00e3o do general"},"content":{"rendered":"<p>A mensagem do Comandante do Ex\u00e9rcito, general Eduardo Villas Boas, foi recebida com um certo al\u00edvio pelos partidos pol\u00edticos, pois fala no Ex\u00e9rcito como fator de estabilidade do pa\u00eds e diz que a For\u00e7a n\u00e3o se afastar\u00e1 da \u201ctrajet\u00f3ria retil\u00ednea (&#8230;)  da hierarquia e da disciplina\u201d. Por\u00e9m, alguns viram uma brecha para movimentos eleitorais em frases do tipo, \u201cmais do que nunca a coes\u00e3o de nossa institui\u00e7\u00e3o ser\u00e1 fator primordial e contribuir\u00e1 para que o Brasil supere a crise moral que o assola\u201d. A leitura foi a de que o Ex\u00e9rcito jogar\u00e1 dentro do processo democr\u00e1tico. Ah, Villas Boas n\u00e3o fala nada a respeito de Jair Bolsonaro que, segundo muitos militares, n\u00e3o est\u00e1 com essa bola toda na For\u00e7a.<\/p>\n<p>Ele gostou<\/p>\n<p>O presidente Michel Temer arregala os olhos quando alguns pol\u00edticos e comentaristas citam que os deputados deveriam ser eleitos apenas no segundo turno das elei\u00e7\u00f5es gerais, junto com a \u00faltima fase da elei\u00e7\u00e3o presidencial. Isso manteria todo mundo ocupado e comprometido com a campanha nacional e respons\u00e1vel pelo \u201ctime\u201d.<\/p>\n<p>Eles, n\u00e3o<\/p>\n<p>Hoje, quando o presidente \u00e9 eleito no segundo turno, acha que n\u00e3o deve nada ao Congresso. Foi justamente isso que aconteceu, por exemplo, com Dilma Rousseff, em 2014. Os deputados, entretanto, querem dist\u00e2ncia dessa proposta. Se Michel Temer apresentar qualquer movimento desses numa proposta de reforma pol\u00edtica, ser\u00e1 por sua conta e risco.<\/p>\n<p>Quest\u00e3o de foro I<\/p>\n<p>Apesar da disposi\u00e7\u00e3o do ministro Gilmar Mendes em mandar os r\u00e9us da Lava-Jato para casa, aqueles que hoje se protegem no mandato eletivo est\u00e3o firmes no prop\u00f3sito de concorrer no ano que vem.  Gleisi Hoffmann, por exemplo, ser\u00e1 candidata a deputada federal no Paran\u00e1. Na Bahia, L\u00facio Vieira Lima concorrer\u00e1 pelo PMDB.<\/p>\n<p>Quest\u00e3o de foro II<\/p>\n<p>A esperan\u00e7a dos enroscados na Lava-Jato \u00e9 garantir uma vaga no bolo do partido e ter o foro privilegiado como um escudo para evitar cair nas m\u00e3os dos ju\u00edzes de primeira inst\u00e2ncia, que hoje s\u00e3o o oposto do que tem feito Gilmar Mendes. O dif\u00edcil vai ser fazer campanha nesses tempos em que muitos s\u00e3o xingados nos aeroportos pelo pa\u00eds afora.<\/p>\n<p>Encolheram o empres\u00e1rio<\/p>\n<p>Quem tinha preocupa\u00e7\u00e3o com a atua\u00e7\u00e3o do empres\u00e1rio Nelson Tanure na Oi pode relaxar. De nove conselheiros, Tanure ter\u00e1 apenas um.<\/p>\n<p>Agora vai\/ O ministro das Comunica\u00e7\u00f5es, Gilberto Kassab (foto), informou ao Planalto que Michel Temer ter\u00e1 algo mais para comemorar no final do governo, com o sinal da tev\u00ea anal\u00f3gica desligado na maioria das cidades.<\/p>\n<p>Por falar em Kassab&#8230;\/ O ministro continua trabalhando para ser candidato a vice numa chapa encabe\u00e7ada por Jos\u00e9 Serra. Significa que Serra tamb\u00e9m continua de olho na vaga de governador.<\/p>\n<p>\u00c9 por ali\/ O PT vai aproveitar o ato contra o f\u00f3rum econ\u00f4mico mundial de Davos no dia 23 para arregimentar p\u00fablico em prol da defesa de Lula no dia seguinte, na mesma cidade e, assim, quem sabe, economizar algum. \u00c9 que, no ano eleitoral, n\u00e3o d\u00e1 para gastar tudo num \u00fanico evento.<\/p>\n<p>Copo pela metade\/ Lojistas dos grandes shoppings de Bras\u00edlia reclamavam na tarde do dia 24 que o movimento n\u00e3o foi t\u00e3o bom quanto no ano passado. Deputados, entretanto, davam outra vers\u00e3o: diziam que a economia melhorou tanto que muitos brasilienses foram passar o Natal fora.<\/p>\n","protected":false},"excerpt":{"rendered":"<p>A mensagem do Comandante do Ex\u00e9rcito, general Eduardo Villas Boas, foi recebida com um certo al\u00edvio pelos partidos pol\u00edticos, pois fala no Ex\u00e9rcito como fator de estabilidade do pa\u00eds e diz que a For\u00e7a n\u00e3o se afastar\u00e1 da \u201ctrajet\u00f3ria retil\u00ednea (&#8230;) da hierarquia e da disciplina\u201d. Por\u00e9m, alguns viram uma brecha para movimentos eleitorais em frases do tipo, \u201cmais do [&hellip;]<\/p>\n","protected":false},"author":29,"featured_media":0,"comment_status":"closed","ping_status":"closed","sticky":false,"template":"","format":"standard","meta":{"footnotes":""},"categories":[4],"tags":[],"class_list":["post-1820","post","type-post","status-publish","format-standard","hentry","category-coluna-brasilia-df"],"_links":{"self":[{"href":"https:\/\/blogs.correiobraziliense.com.br\/denise\/wp-json\/wp\/v2\/posts\/1820","targetHints":{"allow":["GET"]}}],"collection":[{"href":"https:\/\/blogs.correiobraziliense.com.br\/denise\/wp-json\/wp\/v2\/posts"}],"about":[{"href":"https:\/\/blogs.correiobraziliense.com.br\/denise\/wp-json\/wp\/v2\/types\/post"}],"author":[{"embeddable":true,"href":"https:\/\/blogs.correiobraziliense.com.br\/denise\/wp-json\/wp\/v2\/users\/29"}],"replies":[{"embeddable":true,"href":"https:\/\/blogs.correiobraziliense.com.br\/denise\/wp-json\/wp\/v2\/comments?post=1820"}],"version-history":[{"count":1,"href":"https:\/\/blogs.correiobraziliense.com.br\/denise\/wp-json\/wp\/v2\/posts\/1820\/revisions"}],"predecessor-version":[{"id":1821,"href":"https:\/\/blogs.correiobraziliense.com.br\/denise\/wp-json\/wp\/v2\/posts\/1820\/revisions\/1821"}],"wp:attachment":[{"href":"https:\/\/blogs.correiobraziliense.com.br\/denise\/wp-json\/wp\/v2\/media?parent=1820"}],"wp:term":[{"taxonomy":"category","embeddable":true,"href":"https:\/\/blogs.correiobraziliense.com.br\/denise\/wp-json\/wp\/v2\/categories?post=1820"},{"taxonomy":"post_tag","embeddable":true,"href":"https:\/\/blogs.correiobraziliense.com.br\/denise\/wp-json\/wp\/v2\/tags?post=1820"}],"curies":[{"name":"wp","href":"https:\/\/api.w.org\/{rel}","templated":true}]}}