{"id":1814,"date":"2017-12-22T06:20:38","date_gmt":"2017-12-22T08:20:38","guid":{"rendered":"https:\/\/blogs.correiobraziliense.com.br\/denise\/?p=1814"},"modified":"2017-12-22T09:26:52","modified_gmt":"2017-12-22T11:26:52","slug":"mereilles-neutraliza-pt","status":"publish","type":"post","link":"https:\/\/blogs.correiobraziliense.com.br\/denise\/mereilles-neutraliza-pt\/","title":{"rendered":"Meirelles neutraliza PT"},"content":{"rendered":"<p>O que Luiz In\u00e1cio Lula da Silva poderia falar mal do atual ministro da Fazenda, Henrique Meirelles? Nada, a n\u00e3o ser que Meirelles aumente impostos, o que \u00e9 dif\u00edcil. Lula queria Meirelles para ministro nos dois governos da ex-presidente Dilma Rousseff. Ela que n\u00e3o quis. O petista sempre se referiu ao seu ex-presidente do Banco Central como um \u201ccraque\u201d. Dilma n\u00e3o achava o ministro essa coisa toda. Por isso, hoje, no governo, h\u00e1 quem diga que Meirelles tem tudo para tirar de Lula o discurso radical contra a atual administra\u00e7\u00e3o do presidente Michel Temer, que tamb\u00e9m foi parceiro de Dilma e elogiado por Lula em elei\u00e7\u00f5es passadas.<\/p>\n<p>\u00bb \u00bb \u00bb <\/p>\n<p>Meirelles, entretanto, \u00e9 tido como o \u00fanico a quem Lula n\u00e3o tem como atacar. No per\u00edodo do impeachment de Dilma Rousseff, estava quieto. Afinal, foi ela quem o afastou do PT. E o ministro hoje, se quiser, ainda pode dizer: \u201cN\u00e3o controlamos a infla\u00e7\u00e3o nem baixamos os juros antes porque o PT (leia-se Dilma) n\u00e3o deixou\u201d. \u00c9 por a\u00ed que ele vai, se for o candidato.<\/p>\n<p>Ou uma coisa ou outra<\/p>\n<p>O ministro da Fazenda, Henrique Meirelles, pode at\u00e9 pensar em aumentar impostos e acenar com essa perspectiva \u00e0s ag\u00eancias de risco. Por\u00e9m, se depender dos congressistas, n\u00e3o tem chance. Dizem os deputados que entre esse aumento e as mudan\u00e7as na Previd\u00eancia, eles ficam com a reforma.<\/p>\n<p>Coladinho ali<\/p>\n<p>O vice-governador de S\u00e3o Paulo, M\u00e1rcio Fran\u00e7a (PSB), aproveitar\u00e1 os pr\u00f3ximos tr\u00eas meses at\u00e9 a sa\u00edda de Geraldo Alckmin do governo para se posicionar sempre ao lado do tucano. Assim, dizem os socialistas, quando o PSDB apresentar seu candidato, Fran\u00e7a j\u00e1 estar\u00e1 mais consolidado como o pr\u00e9-candidato mais ligado ao governador.<\/p>\n<p>N\u00e3o vai dar<\/p>\n<p>O PSB seguir\u00e1 a Rede, de Marina Silva, e n\u00e3o participar\u00e1 do ato pr\u00f3-Lula em Porto Alegre, em 24 de janeiro, quando o ex-presidente ser\u00e1 julgado. Marina, ex-petista, est\u00e1 distante do antigo chefe h\u00e1 anos. E o PSB espera a resposta sobre a filia\u00e7\u00e3o do ex-ministro Joaquim Barbosa, o relator do mensal\u00e3o que levou v\u00e1rios integrantes do PT \u00e0 cadeia.<\/p>\n<p>E a alian\u00e7a encolheu<\/p>\n<p>A contar pelo n\u00famero de partidos dispostos a ajudar o PT na mobiliza\u00e7\u00e3o em Porto Alegre, o leque de apoiamentos de Lula ficou menor do que o exibido nos tempos de governo. Sinal de que, embora ele esteja bem nas pesquisas e seja hoje a maior aposta de esquerda para 2018, a for\u00e7a eleitoral n\u00e3o ser\u00e1 t\u00e3o grande quando nas campanhas anteriores.<\/p>\n<p>Trio I\/ No dia do Correio Debate: Desafios para 2018, pelo menos tr\u00eas presidenci\u00e1veis passaram pelo jornal, o presidente Michel Temer, o ministro da Fazenda, Henrique Meirelles, e o governador de Goi\u00e1s, Marconi Perillo. Juntando os tr\u00eas, hoje n\u00e3o d\u00e1 10% de inten\u00e7\u00e3o de voto, mas n\u00e3o descarte nada. Afinal, diz o ditado, o futuro a Deus pertence.<\/p>\n<p>Trio II\/ Perillo (foto) est\u00e1 de prontid\u00e3o, preparado para entrar em campo se for chamado pelo PSDB. J\u00e1 Temer e Meirelles precisam se entender. Dois do governo n\u00e3o d\u00e1.<\/p>\n<p>Comporte-se, sen\u00e3o, volta!\/ O juiz Vallisney de Souza, que concordou na pris\u00e3o domiciliar de L\u00facio Funaro, foi claro: se houver qualquer resqu\u00edcio de altera\u00e7\u00e3o das imagens das c\u00e2meras de monitoramento, ele ter\u00e1 que voltar \u00e0 Papuda.<\/p>\n<p>Sumiu\/ O presidente do PSD, Gilberto Kassab, ficou completamente fora do programa. Sabe como \u00e9: aliado dos tucanos em S\u00e3o Paulo, h\u00e1 quem diga que ele prefere n\u00e3o entrar agora no campo de 2018. Deixa essa tarefa para o ministro Meirelles, que constr\u00f3i uma pr\u00e9-candidatura a presidente da Rep\u00fablica.<\/p>\n<p>Ao trabalho\/ O presidente Michel Temer avisou \u00e0 equipe que ter\u00e1 agenda na semana entre Natal e o r\u00e9veillon. Nada de emendar tudo num feriad\u00e3o, pelo menos, no Pal\u00e1cio do Planalto.<\/p>\n","protected":false},"excerpt":{"rendered":"<p>O que Luiz In\u00e1cio Lula da Silva poderia falar mal do atual ministro da Fazenda, Henrique Meirelles? Nada, a n\u00e3o ser que Meirelles aumente impostos, o que \u00e9 dif\u00edcil. Lula queria Meirelles para ministro nos dois governos da ex-presidente Dilma Rousseff. Ela que n\u00e3o quis. O petista sempre se referiu ao seu ex-presidente do Banco Central como um \u201ccraque\u201d. Dilma [&hellip;]<\/p>\n","protected":false},"author":29,"featured_media":0,"comment_status":"closed","ping_status":"closed","sticky":false,"template":"","format":"standard","meta":{"footnotes":""},"categories":[4],"tags":[],"class_list":["post-1814","post","type-post","status-publish","format-standard","hentry","category-coluna-brasilia-df"],"_links":{"self":[{"href":"https:\/\/blogs.correiobraziliense.com.br\/denise\/wp-json\/wp\/v2\/posts\/1814","targetHints":{"allow":["GET"]}}],"collection":[{"href":"https:\/\/blogs.correiobraziliense.com.br\/denise\/wp-json\/wp\/v2\/posts"}],"about":[{"href":"https:\/\/blogs.correiobraziliense.com.br\/denise\/wp-json\/wp\/v2\/types\/post"}],"author":[{"embeddable":true,"href":"https:\/\/blogs.correiobraziliense.com.br\/denise\/wp-json\/wp\/v2\/users\/29"}],"replies":[{"embeddable":true,"href":"https:\/\/blogs.correiobraziliense.com.br\/denise\/wp-json\/wp\/v2\/comments?post=1814"}],"version-history":[{"count":2,"href":"https:\/\/blogs.correiobraziliense.com.br\/denise\/wp-json\/wp\/v2\/posts\/1814\/revisions"}],"predecessor-version":[{"id":1816,"href":"https:\/\/blogs.correiobraziliense.com.br\/denise\/wp-json\/wp\/v2\/posts\/1814\/revisions\/1816"}],"wp:attachment":[{"href":"https:\/\/blogs.correiobraziliense.com.br\/denise\/wp-json\/wp\/v2\/media?parent=1814"}],"wp:term":[{"taxonomy":"category","embeddable":true,"href":"https:\/\/blogs.correiobraziliense.com.br\/denise\/wp-json\/wp\/v2\/categories?post=1814"},{"taxonomy":"post_tag","embeddable":true,"href":"https:\/\/blogs.correiobraziliense.com.br\/denise\/wp-json\/wp\/v2\/tags?post=1814"}],"curies":[{"name":"wp","href":"https:\/\/api.w.org\/{rel}","templated":true}]}}