{"id":1812,"date":"2017-12-21T07:00:19","date_gmt":"2017-12-21T09:00:19","guid":{"rendered":"https:\/\/blogs.correiobraziliense.com.br\/denise\/?p=1812"},"modified":"2017-12-21T12:11:57","modified_gmt":"2017-12-21T14:11:57","slug":"sem-o-chefe-nao-vai","status":"publish","type":"post","link":"https:\/\/blogs.correiobraziliense.com.br\/denise\/sem-o-chefe-nao-vai\/","title":{"rendered":"Sem o chefe, n\u00e3o vai"},"content":{"rendered":"<p>O discurso do ministro da Fazenda, Henrique Meirelles, enquanto interessado em construir uma pr\u00e9-candidatura \u00e0 Presid\u00eancia da Rep\u00fablica, de que a economia melhorou e o pa\u00eds est\u00e1 &#8220;no rumo&#8221; \u00e9 correto e foi elogiado no meio pol\u00edtico. Por\u00e9m, \u00e9 preciso que ele tenha \u201caquela conversa\u201d, olho no olho, com o chefe, o presidente Michel Temer, antes de qualquer movimento t\u00e3o ousado quanto o programa do PSD exibido ontem. Esse encontro ainda n\u00e3o ocorreu. E o ministro n\u00e3o cita o nome de Temer, detentor do maior tempo de tev\u00ea dispon\u00edvel no mercado eleitoral de 2018. Ali\u00e1s, h\u00e1 quem diga que, se a economia melhorar a ponto de construir um candidato, ser\u00e1 o pr\u00f3prio Temer.<\/p>\n<p>\u00bb \u00bb \u00bb<\/p>\n<p>Vale lembrar a entrevista ao Correio publicada ontem, em que o presidente, quando perguntado se descartava qualquer candidatura \u00e0 reelei\u00e7\u00e3o, respondeu \u00e0 la Ulysses Guimar\u00e3es: \u201cEu n\u00e3o postulo. Eu me posiciono\u201d. Para bons entendedores, Temer tamb\u00e9m acalenta o sonho de ir para a pista. Nesse sentido, \u00e9 bom Meirelles se entender com o MDB desde j\u00e1, antes que as raposas do partido comecem a lhe puxar o tapete. Ali\u00e1s, tem emedebista dizendo que, no in\u00edcio de 2002, foi justamente isso que o PSDB fez com a ent\u00e3o governadora do Maranh\u00e3o, Roseana Sarney. Ela fez um movimento parecido com o que Meirelles faz agora e foi abatida quando levantava voo. #ficaadica<\/p>\n<p>BB numa canoa\u2026<\/p>\n<p>\u2026Que pode furar. O banco CTT de Portugal, que o Banco do Brasil escolheu para as opera\u00e7\u00f5es de brasileiros no pa\u00eds, acaba de ser chamado ao parlamento portugu\u00eas para dar explica\u00e7\u00f5es sobre sua reestrutura\u00e7\u00e3o. Brasileiros que moram por l\u00e1 est\u00e3o preocupados. \u201cEstamos como um rebanho de ovelhas sem pastor a procurar outro banco\u201d, diz o ex-deputado Jos\u00e9 Louren\u00e7o, que hoje vive entre Brasil e Portugal.<\/p>\n<p>A sutileza de Meirelles<\/p>\n<p>No programa do PSD, o ministro da Fazenda n\u00e3o cita abertamente a express\u00e3o \u201creforma da Previd\u00eancia\u201d. Trata do tema com a express\u00e3o \u201cNova Previd\u00eancia\u201d em letras garrafais no v\u00eddeo, seguida da frase \u201cpara garantir aposentadorias\u201d.<\/p>\n<p>Ali\u00e1s\u2026<\/p>\n<p>O ministro da Fazenda foi aconselhado recentemente a, se quiser ser mesmo candidato a presidente, abrir um pacote de bondades j\u00e1 no primeiro trimestre. Falta combinar com o caixa da Uni\u00e3o, que promete escassez por demora na aprova\u00e7\u00e3o das medidas provis\u00f3rias do ajuste fiscal.<\/p>\n<p>Moreira na roda eleitoral<\/p>\n<p>O ministro da Secret\u00e1ria-Geral da Presid\u00eancia, Wellington Moreira Franco, sai de Bras\u00edlia num bate-volta ao Rio de Janeiro, apenas para entregar casas no interior do Rio. Para muitos, o nome dessa miss\u00e3o que ele cumpriu a pedido do presidente Michel Temer \u00e9 \u201cn\u00e3o postule, mas se posicione\u201d.<\/p>\n<p>Se demorar demais&#8230;\/ O prazo que o PSB deu ao ex-ministro do Supremo Tribunal Federal Joaquim Barbosa (foto) promete esfriar o entusiasmo do partido para com o pr\u00e9-candidato.<\/p>\n<p>\u2026Perde o assento\/ Em alguns estados, os acordos pr\u00e9-eleitorais j\u00e1 come\u00e7aram e, se Barbosa chegar, vai encontrar cada um cuidando da pr\u00f3pria vida e abrindo o palanque a outros presidenci\u00e1veis. \u00c9 bem como dizia Eduardo Campos: \u201cQuem chega cedo, bebe \u00e1gua limpa\u201d.<\/p>\n<p>Lida de Marina\/ A pr\u00e9-candidata Marina Silva passa o Natal no Acre, com o pai. Depois, segue para Santos, para a virada do ano ao lado da fam\u00edlia do marido. Em 8 de janeiro, retoma as reuni\u00f5es da Rede.<\/p>\n<p>Prenda-me se for capaz\/ Todos os pol\u00edticos, sem exce\u00e7\u00e3o, ficaram surpresos com a pris\u00e3o de Paulo Maluf. Ele est\u00e1 acusado h\u00e1 tanto tempo que ningu\u00e9m acreditava na hip\u00f3tese. A rea\u00e7\u00e3o geral foi um \u201cquem diria\u2026\u201d<\/p>\n","protected":false},"excerpt":{"rendered":"<p>O discurso do ministro da Fazenda, Henrique Meirelles, enquanto interessado em construir uma pr\u00e9-candidatura \u00e0 Presid\u00eancia da Rep\u00fablica, de que a economia melhorou e o pa\u00eds est\u00e1 &#8220;no rumo&#8221; \u00e9 correto e foi elogiado no meio pol\u00edtico. Por\u00e9m, \u00e9 preciso que ele tenha \u201caquela conversa\u201d, olho no olho, com o chefe, o presidente Michel Temer, antes de qualquer movimento t\u00e3o [&hellip;]<\/p>\n","protected":false},"author":29,"featured_media":0,"comment_status":"closed","ping_status":"closed","sticky":false,"template":"","format":"standard","meta":{"footnotes":""},"categories":[4],"tags":[],"class_list":["post-1812","post","type-post","status-publish","format-standard","hentry","category-coluna-brasilia-df"],"_links":{"self":[{"href":"https:\/\/blogs.correiobraziliense.com.br\/denise\/wp-json\/wp\/v2\/posts\/1812","targetHints":{"allow":["GET"]}}],"collection":[{"href":"https:\/\/blogs.correiobraziliense.com.br\/denise\/wp-json\/wp\/v2\/posts"}],"about":[{"href":"https:\/\/blogs.correiobraziliense.com.br\/denise\/wp-json\/wp\/v2\/types\/post"}],"author":[{"embeddable":true,"href":"https:\/\/blogs.correiobraziliense.com.br\/denise\/wp-json\/wp\/v2\/users\/29"}],"replies":[{"embeddable":true,"href":"https:\/\/blogs.correiobraziliense.com.br\/denise\/wp-json\/wp\/v2\/comments?post=1812"}],"version-history":[{"count":1,"href":"https:\/\/blogs.correiobraziliense.com.br\/denise\/wp-json\/wp\/v2\/posts\/1812\/revisions"}],"predecessor-version":[{"id":1813,"href":"https:\/\/blogs.correiobraziliense.com.br\/denise\/wp-json\/wp\/v2\/posts\/1812\/revisions\/1813"}],"wp:attachment":[{"href":"https:\/\/blogs.correiobraziliense.com.br\/denise\/wp-json\/wp\/v2\/media?parent=1812"}],"wp:term":[{"taxonomy":"category","embeddable":true,"href":"https:\/\/blogs.correiobraziliense.com.br\/denise\/wp-json\/wp\/v2\/categories?post=1812"},{"taxonomy":"post_tag","embeddable":true,"href":"https:\/\/blogs.correiobraziliense.com.br\/denise\/wp-json\/wp\/v2\/tags?post=1812"}],"curies":[{"name":"wp","href":"https:\/\/api.w.org\/{rel}","templated":true}]}}