{"id":1801,"date":"2017-12-15T05:20:17","date_gmt":"2017-12-15T07:20:17","guid":{"rendered":"https:\/\/blogs.correiobraziliense.com.br\/denise\/?p=1801"},"modified":"2017-12-15T02:22:25","modified_gmt":"2017-12-15T04:22:25","slug":"meu-garoto","status":"publish","type":"post","link":"https:\/\/blogs.correiobraziliense.com.br\/denise\/meu-garoto\/","title":{"rendered":"Meu garoto!"},"content":{"rendered":"<p>Quando tomar posse hoje \u00e0 tarde, o titular da Secretaria de Governo, Carlos Marun, vai receber como primeira sugest\u00e3o chamar os ministros um a um e pedir que eles reforcem a campanha pr\u00f3-reforma previdenci\u00e1ria em todas as entregas de obras e servi\u00e7os patrocinados pelo governo federal. O ministro a ser citado como exemplo do que deve ser feito, nesse caso, \u00e9 o das Cidades, Alexandre Baldy, o mais novo da equipe do presidente Temer.<\/p>\n<p>Baldy foi a Niter\u00f3i entregar casas populares, conclu\u00eddas depois de sete anos de paralisa\u00e7\u00e3o. Fez quest\u00e3o de citar que as obras s\u00f3 estavam prontas porque o governo do presidente Michel Temer melhorou a economia, gra\u00e7as a medidas aprovadas pelos congressistas. Pediu at\u00e9 aplausos aos deputados que votam de acordo com a orienta\u00e7\u00e3o do governo e foi atendido. A deputada Soraya Santos (PMDB-RJ), presente ao evento, ficou emocionada e contou aos colegas. Marun vai avisar aos demais que \u00e9 assim que se faz.<\/p>\n<p>Reguffe, o vice<\/p>\n<p>Pr\u00e9-candidato do Podemos \u00e0 Presid\u00eancia da Rep\u00fablica, o senador \u00c1lvaro Dias (PR) sondou o senador Reguffe (DF), que continua sem partido, para compor a chapa. Reguffe agradeceu, mas garantiu que se mant\u00e9m firme no prop\u00f3sito de cumprir todos os oito anos do mandato que lhe foi confiado pelos eleitores do Distrito Federal.<\/p>\n<p>Prioridade I<\/p>\n<p>A aposta do governo \u00e9 a de que os petistas n\u00e3o poder\u00e3o voltar suas aten\u00e7\u00f5es \u00e0 reforma da Previd\u00eancia ao longo do m\u00eas de janeiro, porque estar\u00e3o dedicados a preparar o terreno para o julgamento do ex-presidente Lula. A aposta \u00e9 verdadeira. Tudo o que o PT deseja hoje \u00e9 Lula candidato e vai se dedicar a isso.<\/p>\n<p>Prioridade II<\/p>\n<p>O governo vai aproveitar janeiro para disseminar o texto da reforma da Previd\u00eancia como algo que proporcionar\u00e1 um equil\u00edbrio maior entre o sistema p\u00fablico e o privado, cortando privil\u00e9gios de quem quer se aposentar na faixa dos 50 anos com benef\u00edcio integral.<\/p>\n<p>Onde mora o perigo<\/p>\n<p>Aliados do presidente Michel Temer alertam que o efeito \u201cself fulfilling prophecy\u201d, (a profecia autorrealiz\u00e1vel) \u00e9 o que mais incomoda hoje a reforma da Previd\u00eancia e em dois sentidos: primeiro, a profecia de que, se n\u00e3o aprovar a reforma, a economia sai completamente dos trilhos. Em segundo lugar, essa hist\u00f3ria de que n\u00e3o ter\u00e1 votos (\u00e9, a\u00ed, n\u00e3o ter\u00e1 mesmo).<\/p>\n<p>O homem CPI\/ O senador H\u00e9lio Jos\u00e9 (PMDB-DF) come\u00e7ou a coletar assinaturas em busca da CPI do setor el\u00e9trico no ano eleitoral.<\/p>\n<p>Clim\u00e3o\/ Aliados do governo consideraram um exagero do Planalto divulgar uma nota desautorizando o senador Romero Juc\u00e1 (PMDB-RR). H\u00e1 quem diga que, se o presidente Michel Temer estivesse em Bras\u00edlia, teria resolvido tudo com um simples telefonema.<\/p>\n<p>Pro ano, gente!\/ Os senadores transformaram a sess\u00e3o de ontem numa romaria de discursos em homenagem ao presidente da Casa, Eun\u00edcio Oliveira (foto). Sabe como \u00e9, era preciso uma compensa\u00e7\u00e3o, depois das crises entre Eun\u00edcio e os deputados, que sempre reclamam da falta de paci\u00eancia do senador no comando das sess\u00f5es do Congresso.<\/p>\n<p>Apelou, perdeu\/ Advogados sa\u00edram cabisbaixos ontem, depois da aprova\u00e7\u00e3o da renegocia\u00e7\u00e3o das d\u00edvidas do Funrural no plen\u00e1rio do Senado. Agora, prometem fazer uma fezinha para tentar um veto. S\u00f3 tem um probleminha: Temer n\u00e3o vai brigar com os deputados por causa de um projeto que passou por acordo nas duas Casas. A tend\u00eancia \u00e9 a san\u00e7\u00e3o.<\/p>\n","protected":false},"excerpt":{"rendered":"<p>Quando tomar posse hoje \u00e0 tarde, o titular da Secretaria de Governo, Carlos Marun, vai receber como primeira sugest\u00e3o chamar os ministros um a um e pedir que eles reforcem a campanha pr\u00f3-reforma previdenci\u00e1ria em todas as entregas de obras e servi\u00e7os patrocinados pelo governo federal. O ministro a ser citado como exemplo do que deve ser feito, nesse caso, [&hellip;]<\/p>\n","protected":false},"author":29,"featured_media":0,"comment_status":"closed","ping_status":"closed","sticky":false,"template":"","format":"standard","meta":{"footnotes":""},"categories":[4],"tags":[],"class_list":["post-1801","post","type-post","status-publish","format-standard","hentry","category-coluna-brasilia-df"],"_links":{"self":[{"href":"https:\/\/blogs.correiobraziliense.com.br\/denise\/wp-json\/wp\/v2\/posts\/1801","targetHints":{"allow":["GET"]}}],"collection":[{"href":"https:\/\/blogs.correiobraziliense.com.br\/denise\/wp-json\/wp\/v2\/posts"}],"about":[{"href":"https:\/\/blogs.correiobraziliense.com.br\/denise\/wp-json\/wp\/v2\/types\/post"}],"author":[{"embeddable":true,"href":"https:\/\/blogs.correiobraziliense.com.br\/denise\/wp-json\/wp\/v2\/users\/29"}],"replies":[{"embeddable":true,"href":"https:\/\/blogs.correiobraziliense.com.br\/denise\/wp-json\/wp\/v2\/comments?post=1801"}],"version-history":[{"count":1,"href":"https:\/\/blogs.correiobraziliense.com.br\/denise\/wp-json\/wp\/v2\/posts\/1801\/revisions"}],"predecessor-version":[{"id":1802,"href":"https:\/\/blogs.correiobraziliense.com.br\/denise\/wp-json\/wp\/v2\/posts\/1801\/revisions\/1802"}],"wp:attachment":[{"href":"https:\/\/blogs.correiobraziliense.com.br\/denise\/wp-json\/wp\/v2\/media?parent=1801"}],"wp:term":[{"taxonomy":"category","embeddable":true,"href":"https:\/\/blogs.correiobraziliense.com.br\/denise\/wp-json\/wp\/v2\/categories?post=1801"},{"taxonomy":"post_tag","embeddable":true,"href":"https:\/\/blogs.correiobraziliense.com.br\/denise\/wp-json\/wp\/v2\/tags?post=1801"}],"curies":[{"name":"wp","href":"https:\/\/api.w.org\/{rel}","templated":true}]}}