{"id":1791,"date":"2017-12-12T09:34:13","date_gmt":"2017-12-12T11:34:13","guid":{"rendered":"https:\/\/blogs.correiobraziliense.com.br\/denise\/?p=1791"},"modified":"2017-12-12T15:35:27","modified_gmt":"2017-12-12T17:35:27","slug":"perdas-ganhos-na-previdencia","status":"publish","type":"post","link":"https:\/\/blogs.correiobraziliense.com.br\/denise\/perdas-ganhos-na-previdencia\/","title":{"rendered":"Perdas &amp; ganhos na Previd\u00eancia"},"content":{"rendered":"<p>O presidente da C\u00e2mara, Rodrigo Maia, tem alertado em todas as reuni\u00f5es com parlamentares que, se a reforma previdenci\u00e1ria n\u00e3o for votada este ano, quem vai ganhar \u00e9 o PT do ex-presidente Lula. Portanto, avalia ele, \u00e9 melhor votar agora e tirar o assunto da C\u00e2mara no ano que vem do que deixar para fevereiro. Ali\u00e1s, o governo j\u00e1 avisou: o tema n\u00e3o sair\u00e1 de pauta no ano eleitoral. Portanto, a ordem ainda \u00e9 \u201cn\u00e3o deixe para 2018 o que voc\u00ea ainda pode fazer agora\u201d. Afinal, se a economia piorar, quem perder\u00e1 s\u00e3o os governistas.<\/p>\n<p>Fa\u00e7am as contas<\/p>\n<p>A bancada do Distrito Federal, que hoje n\u00e3o tem um s\u00f3 voto favor\u00e1vel \u00e0 reforma previdenci\u00e1ria e conta com pelo menos dois pr\u00e9-candidatos ao GDF, vem sendo chamada a fazer as contas: se nada for feito, n\u00e3o haver\u00e1 recursos para cumprir promessas de campanha. Apenas para pagar as contas, em especial, as aposentadorias. Nunca \u00e9 demais lembrar que os servidores j\u00e1 receberam sal\u00e1rios em parcelas. Para isso se repetir logo ali, n\u00e3o falta muito.<\/p>\n<p>Por falar em candidatos<br \/>\na governador\u2026<\/p>\n<p>Os c\u00e1lculos feitos pelo Planalto indicam que, entre os senadores, ser\u00e1 mais f\u00e1cil aprovar a reforma previdenci\u00e1ria. \u00c9 que ali h\u00e1 muitos interessados em concorrer a governos estaduais, em que as contas v\u00e3o de mal a pior sem a reforma.<\/p>\n<p>Livro-ouro<\/p>\n<p>Se tem um ministro que ningu\u00e9m consegue enrolar quando o assunto \u00e9 vota\u00e7\u00e3o na C\u00e2mara, \u00e9 o da Casa Civil, Eliseu Padilha. Ele tem uma apostila, com os nomes de todos os deputados da base aliada, como cada um votou nos projetos importantes do governo, a perspectiva de voto na reforma previdenci\u00e1ria e quem tem poder de influ\u00eancia sobre cada um (prefeitos, governadores, empres\u00e1rios, m\u00e3e, sindicatos etc).<br \/>\n\u00c9 isso que tem servido de base nas conversas com cada l\u00edder sobre o tema, desde que o governo come\u00e7ou a contagem dos votos. Hoje, est\u00e1 na casa dos 290.<\/p>\n<p>J\u00e1 viu ponte com nome de vice?<\/p>\n<p>Da conversa com o ex-presidente do Supremo Tribunal Federal Joaquim Barbosa,<br \/>\no PSB extraiu apenas uma certeza: o<br \/>\nmagistrado n\u00e3o ser\u00e1 candidato a vice em hip\u00f3tese alguma. Logo, se o quiserem, ter\u00e1<br \/>\nque ser no papel de ator principal.<\/p>\n<p>Nem tanto<\/p>\n<p>A empolga\u00e7\u00e3o do PSB com Joaquim Barbosa n\u00e3o \u00e9 l\u00e1 essas coisas. Para se ter uma ideia, o presidente do partido, Carlos Siqueira, ficou fora do encontro. Tinha outro compromisso em Salvador.<\/p>\n<p>Um voo com Kassab\/ O presidente Michel Temer vai nesta sexta-feira a Campinas com o ministro de Ci\u00eancia e Tecnologia, Gilberto Kassab, para visitar o complexo que abrigar\u00e1 o acelerador de part\u00edculas.<\/p>\n<p>E o Loures, hein?\/ J\u00e1 era esperado que o ex-deputado Rodrigo Rocha Loures virasse r\u00e9u no processo que apura o caso da mala com R$ 500 mil, aquela que ele carregava com ar de assustado pelas ruas de S\u00e3o Paulo. Novidade, dizem os peemedebistas, s\u00f3 se ele resolver envolver outros na hist\u00f3ria.<\/p>\n<p>Tem, mas acabou\/  A decis\u00e3o do TRE do Rio que tornou o ex-prefeito Eduardo Paes (foto) ineleg\u00edvel enterrou o nome que o PMDB considerava lan\u00e7ar para o governo estadual. A ordem agora \u00e9 buscar uma alian\u00e7a com algum outro partido e fazer bancada na C\u00e2mara estadual e federal.<\/p>\n<p>Festa na Agricultura\/ Eleito com o apoio un\u00e2nime das 27 federa\u00e7\u00f5es do pa\u00eds para um mandato de mais quatro anos, o presidente da Confedera\u00e7\u00e3o Nacional de Agricultura e Pecu\u00e1ria (CNA), Jo\u00e3o Martins da Silva J\u00fanior, toma posse hoje, \u00e0s 10h, com uma solenidade no espa\u00e7o Unique. O presidente Michel Temer confirmou presen\u00e7a.<\/p>\n","protected":false},"excerpt":{"rendered":"<p>O presidente da C\u00e2mara, Rodrigo Maia, tem alertado em todas as reuni\u00f5es com parlamentares que, se a reforma previdenci\u00e1ria n\u00e3o for votada este ano, quem vai ganhar \u00e9 o PT do ex-presidente Lula. Portanto, avalia ele, \u00e9 melhor votar agora e tirar o assunto da C\u00e2mara no ano que vem do que deixar para fevereiro. Ali\u00e1s, o governo j\u00e1 avisou: [&hellip;]<\/p>\n","protected":false},"author":29,"featured_media":0,"comment_status":"closed","ping_status":"closed","sticky":false,"template":"","format":"standard","meta":{"footnotes":""},"categories":[4],"tags":[],"class_list":["post-1791","post","type-post","status-publish","format-standard","hentry","category-coluna-brasilia-df"],"_links":{"self":[{"href":"https:\/\/blogs.correiobraziliense.com.br\/denise\/wp-json\/wp\/v2\/posts\/1791","targetHints":{"allow":["GET"]}}],"collection":[{"href":"https:\/\/blogs.correiobraziliense.com.br\/denise\/wp-json\/wp\/v2\/posts"}],"about":[{"href":"https:\/\/blogs.correiobraziliense.com.br\/denise\/wp-json\/wp\/v2\/types\/post"}],"author":[{"embeddable":true,"href":"https:\/\/blogs.correiobraziliense.com.br\/denise\/wp-json\/wp\/v2\/users\/29"}],"replies":[{"embeddable":true,"href":"https:\/\/blogs.correiobraziliense.com.br\/denise\/wp-json\/wp\/v2\/comments?post=1791"}],"version-history":[{"count":1,"href":"https:\/\/blogs.correiobraziliense.com.br\/denise\/wp-json\/wp\/v2\/posts\/1791\/revisions"}],"predecessor-version":[{"id":1792,"href":"https:\/\/blogs.correiobraziliense.com.br\/denise\/wp-json\/wp\/v2\/posts\/1791\/revisions\/1792"}],"wp:attachment":[{"href":"https:\/\/blogs.correiobraziliense.com.br\/denise\/wp-json\/wp\/v2\/media?parent=1791"}],"wp:term":[{"taxonomy":"category","embeddable":true,"href":"https:\/\/blogs.correiobraziliense.com.br\/denise\/wp-json\/wp\/v2\/categories?post=1791"},{"taxonomy":"post_tag","embeddable":true,"href":"https:\/\/blogs.correiobraziliense.com.br\/denise\/wp-json\/wp\/v2\/tags?post=1791"}],"curies":[{"name":"wp","href":"https:\/\/api.w.org\/{rel}","templated":true}]}}