{"id":1783,"date":"2017-12-07T07:10:25","date_gmt":"2017-12-07T09:10:25","guid":{"rendered":"https:\/\/blogs.correiobraziliense.com.br\/denise\/?p=1783"},"modified":"2017-12-07T12:13:20","modified_gmt":"2017-12-07T14:13:20","slug":"reedicao-de-2006","status":"publish","type":"post","link":"https:\/\/blogs.correiobraziliense.com.br\/denise\/reedicao-de-2006\/","title":{"rendered":"A reedi\u00e7\u00e3o de 2006"},"content":{"rendered":"<p>Os petistas j\u00e1 ensaiam a seguinte campanha: \u201cN\u00e3o vote em partidos que podem ferir os seus direitos\u201d. Planejam, assim, retomar, no tema reforma da Previd\u00eancia, a mesma estrat\u00e9gia feita contra o PSDB em 2006. Naquele ano, Lula, candidato \u00e0 reelei\u00e7\u00e3o, acusou Geraldo Alckmin de querer privatizar tudo, e o PSDB passou o segundo turno na defensiva. Por essas e outras \u00e9 que nas \u00faltimas reuni\u00f5es para tratar da reforma da Previd\u00eancia foi dito que \u00e9 muito melhor votar logo do que deixar para depois. Afinal, se a economia reagir rapidamente, conforme previs\u00e3o da Fazenda, o discurso de dias melhores compensar\u00e1 qualquer outro. Falta, entretanto, combinar com o eleitor.<\/p>\n<p>O maior castigo<\/p>\n<p>O que mais tem incomodado os Vieira Lima s\u00e3o os filhos. Alguns n\u00e3o conseguem mais frequentar a escola, em Salvador. Uma crueldade com crian\u00e7as, que n\u00e3o podem ser responsabilizadas pelos erros dos pais. Por\u00e9m, fica o alerta para as excel\u00eancias que insistem nos malfeitos.<\/p>\n<p>Crimes sem castigo<\/p>\n<p>Desde a cassa\u00e7\u00e3o do ex-presidente da C\u00e2mara Eduardo Cunha, o Conselho de \u00c9tica da Casa parece fadado a olhar para o tempo, esquecendo todos os deputados relacionados \u00e0 Lava-Jato. \u00c9 a\u00ed que repousa a tranquilidade de muitos.<\/p>\n<p>Depois do PMDB&#8230;<\/p>\n<p>Que PSDB que nada&#8230; O partido mais pressionado para apresentar os votos necess\u00e1rios \u00e0 reforma previdenci\u00e1ria \u00e9 o PSD, do ministro da Fazenda, Henrique Meirelles. Se nem os partid\u00e1rios do ministro se mexerem em prol da proposta, o PR, por exemplo, far\u00e1 corpo mole.<\/p>\n<p>Por falar em Meirelles&#8230;<\/p>\n<p>Na noite de ter\u00e7a-feira, t\u00e9cnicos da Fazenda fizeram marca\u00e7\u00e3o cerrada, dentro do plen\u00e1rio da C\u00e2mara, em favor da medida provis\u00f3ria do Repetro, que definiu os subs\u00eddios \u00e0s petroleiras. Aproveitaram para jogar contra o projeto de lei do Funrural, apresentado depois que a MP perdeu a validade.<\/p>\n<p>\u00daltimo argumento<\/p>\n<p>A frase que o l\u00edder do governo, Andr\u00e9 Moura, teria dito sobre apenas 170 votos pr\u00f3-reforma chegou a provocar oscila\u00e7\u00f5es no mercado financeiro, o que levou os deputados a desconfiarem de que as declara\u00e7\u00f5es haviam sido combinadas para deixar a base na saia justa, com algo do tipo: \u201cT\u00e1 vendo? Se a economia desandar, a culpa \u00e9 de voc\u00eas\u201d. O l\u00edder negou que houvesse mencionado n\u00famero de votos, mas o recado ficou.<\/p>\n<p>O n\u00famero m\u00e1gico\/ Na reuni\u00e3o do DEM sobre a reforma da Previd\u00eancia, o deputado Cl\u00e1udio Cajado (BA, foto) foi direto: \u201cEstou pronto para votar a reforma. Arrume os 307, eu serei o 308\u201d. Todos querem ser o 308.<\/p>\n<p>Muro das lamenta\u00e7\u00f5es\/ Ponto de encontro dos parlamentares nas noites de vota\u00e7\u00e3o da C\u00e2mara, o gabinete do primeiro-vice presidente da Casa, deputado F\u00e1bio Ramalho, virou \u00e1rea onde os deputados v\u00e3o reclamar da insist\u00eancia do governo em votar a reforma da Previd\u00eancia. Na ter\u00e7a-feira, a coluna contou: de cada dez, apenas tr\u00eas se diziam favor\u00e1veis ao texto.<\/p>\n<p>Quem est\u00e1 tomando conta \u201cda lojinha\u201d?\/ O presidente Michel Temer tornou a reforma previdenci\u00e1ria praticamente pauta \u00fanica por esses dias. Assim, quem cuida dos outros temas \u00e9 o ministro da Casa Civil, Eliseu Padilha, o novo posto Ipiranga do governo.<\/p>\n<p>Por falar em governo&#8230; \/ O ministro Ant\u00f4nio Imbassahy vai ficando. Como diz o deputado Mauro Pereira (PMDB-RS): \u201cAquele cargo \u00e9 uma m\u00e1quina de moer pol\u00edticos: o sujeito assume, fica tr\u00eas meses prometendo, tr\u00eas meses n\u00e3o cumprindo e outros tr\u00eas na frigideira\u201d.<\/p>\n","protected":false},"excerpt":{"rendered":"<p>Os petistas j\u00e1 ensaiam a seguinte campanha: \u201cN\u00e3o vote em partidos que podem ferir os seus direitos\u201d. Planejam, assim, retomar, no tema reforma da Previd\u00eancia, a mesma estrat\u00e9gia feita contra o PSDB em 2006. Naquele ano, Lula, candidato \u00e0 reelei\u00e7\u00e3o, acusou Geraldo Alckmin de querer privatizar tudo, e o PSDB passou o segundo turno na defensiva. Por essas e outras [&hellip;]<\/p>\n","protected":false},"author":29,"featured_media":0,"comment_status":"closed","ping_status":"closed","sticky":false,"template":"","format":"standard","meta":{"footnotes":""},"categories":[4],"tags":[],"class_list":["post-1783","post","type-post","status-publish","format-standard","hentry","category-coluna-brasilia-df"],"_links":{"self":[{"href":"https:\/\/blogs.correiobraziliense.com.br\/denise\/wp-json\/wp\/v2\/posts\/1783","targetHints":{"allow":["GET"]}}],"collection":[{"href":"https:\/\/blogs.correiobraziliense.com.br\/denise\/wp-json\/wp\/v2\/posts"}],"about":[{"href":"https:\/\/blogs.correiobraziliense.com.br\/denise\/wp-json\/wp\/v2\/types\/post"}],"author":[{"embeddable":true,"href":"https:\/\/blogs.correiobraziliense.com.br\/denise\/wp-json\/wp\/v2\/users\/29"}],"replies":[{"embeddable":true,"href":"https:\/\/blogs.correiobraziliense.com.br\/denise\/wp-json\/wp\/v2\/comments?post=1783"}],"version-history":[{"count":1,"href":"https:\/\/blogs.correiobraziliense.com.br\/denise\/wp-json\/wp\/v2\/posts\/1783\/revisions"}],"predecessor-version":[{"id":1784,"href":"https:\/\/blogs.correiobraziliense.com.br\/denise\/wp-json\/wp\/v2\/posts\/1783\/revisions\/1784"}],"wp:attachment":[{"href":"https:\/\/blogs.correiobraziliense.com.br\/denise\/wp-json\/wp\/v2\/media?parent=1783"}],"wp:term":[{"taxonomy":"category","embeddable":true,"href":"https:\/\/blogs.correiobraziliense.com.br\/denise\/wp-json\/wp\/v2\/categories?post=1783"},{"taxonomy":"post_tag","embeddable":true,"href":"https:\/\/blogs.correiobraziliense.com.br\/denise\/wp-json\/wp\/v2\/tags?post=1783"}],"curies":[{"name":"wp","href":"https:\/\/api.w.org\/{rel}","templated":true}]}}