{"id":1780,"date":"2017-12-05T07:31:41","date_gmt":"2017-12-05T09:31:41","guid":{"rendered":"https:\/\/blogs.correiobraziliense.com.br\/denise\/?p=1780"},"modified":"2017-12-05T12:33:03","modified_gmt":"2017-12-05T14:33:03","slug":"o-jogo-de-meirelles","status":"publish","type":"post","link":"https:\/\/blogs.correiobraziliense.com.br\/denise\/o-jogo-de-meirelles\/","title":{"rendered":"O Jogo de Meirelles"},"content":{"rendered":"<p>As declara\u00e7\u00f5es do ministro da Fazenda, Henrique Meirelles, de que o governo n\u00e3o estar\u00e1 com Geraldo Alckmin em 2018 podem parecer desastradas \u00e0 primeira vista, por\u00e9m, tiveram um objetivo: ver se levam os tucanos a tomarem uma decis\u00e3o mais firme em dire\u00e7\u00e3o \u00e0 reforma da Previd\u00eancia. Afinal, se a economia se recuperar mais um pouco, mas n\u00e3o o suficiente para fazer do pr\u00f3prio Meirelles candidato, Alckmin ter\u00e1 toda a chance de obter o apoio do PMDB. Entretanto, se desde j\u00e1 o PSDB se exime de ajudar o governo, n\u00e3o pode querer ser ajudado no ano eleitoral pelos peemedebistas. Simples assim.<\/p>\n<p>Em tempo: o jogo foi entendido, por\u00e9m, o DEM, do presidente da C\u00e2mara, Rodrigo Maia, considera que Meirelles exagerou no tom. Para for\u00e7ar o PSDB a adotar uma posi\u00e7\u00e3o, o ministro, que j\u00e1 tem at\u00e9 marqueteiro, jogou 2018 na avenida antes da hora, atropelando o esfor\u00e7o pr\u00f3-reforma. Agora, o trabalho da semana, que seria contagem de votos e conquista de mais alguns, vai incluir tamb\u00e9m a tentativa de aplainar o desconforto causado pelas declara\u00e7\u00f5es de Meirelles. Nesse caminho, se a reforma da Previd\u00eancia sobreviver, ser\u00e1 um milagre.<\/p>\n<p>Vai assim mesmo<br \/>\nO PT aproveitar\u00e1 a conclus\u00e3o do voto do relator do processo contra Lula no TRF da 4\u00aa Regi\u00e3o para refor\u00e7ar o discurso de persegui\u00e7\u00e3o ao ex-presidente. A ordem \u00e9 dizer que se o petista for condenado \u00e9 para afast\u00e1-lo da elei\u00e7\u00e3o. Por\u00e9m, ele n\u00e3o deixar\u00e1 de enviar seu recado ao eleitor, ainda que seja por bilhetes do c\u00e1rcere.<\/p>\n<p>Queimou a primeira<br \/>\nDentro do PMDB, que v\u00ea com simpatia a candidatura de Geraldo Alckmin, h\u00e1 quem diga que s\u00f3 tem um jeito de o presidente Michel Temer recuperar o PSDB para votar a reforma da Previd\u00eancia: fazer mais um aceno em dire\u00e7\u00e3o a Geraldo e dar um chega pra l\u00e1 na candidatura de Meirelles. O gesto precisa vir at\u00e9 amanh\u00e3.<\/p>\n<p>Ouro no Par\u00e1 I<br \/>\nA 6\u00aa Turma do TRF da 1\u00aa Regi\u00e3o julga amanh\u00e3 a a\u00e7\u00e3o que suspendeu o projeto de minera\u00e7\u00e3o de ouro da empresa canadense Belo Sun no munic\u00edpio de Jos\u00e9 Porf\u00edrio, centro-oeste do Par\u00e1. O MP e a Funai alegam que o projeto n\u00e3o est\u00e1 adequado para funcionar em \u00e1rea ind\u00edgena, mesmo a mais de 12km do territ\u00f3rio protegido.<\/p>\n<p>Ouro no Par\u00e1 II<br \/>\nPol\u00edticos e moradores da regi\u00e3o, inclusive ind\u00edgenas, protestam contra a a\u00e7\u00e3o do MP, de olho nos investimentos de R$ 1,2 bilh\u00e3o calculados pela mineradora, uma das maiores do mundo.<\/p>\n<p>Valeu, Huck!<br \/>\nO Instituto Paran\u00e1 Pesquisas procurou saber a opini\u00e3o dos eleitores sobre Luciano Huck desistir de concorrer \u00e0 Presid\u00eancia da Rep\u00fablica. Dos 601 entrevistados, 82,7% consideram que o apresentador acertou. S\u00f3 11,9% acham que ele errou. O restante n\u00e3o soube responder. Sinal de que n\u00e3o teria tantos votos assim.<\/p>\n<p>Revolta brasileira I\/ O ex-deputado Jos\u00e9 Louren\u00e7o, hoje com 84 anos e disposi\u00e7\u00e3o para briga como nos velhos tempos de PFL, tomou um susto ao chegar ontem \u00e0 porta da ag\u00eancia do Banco do Brasil na cidade do Porto. Tudo fechado e um pedido de desculpas. \u201cEu chorei. De revolta. S\u00e3o 40 mil brasileiros em Portugal sem atendimento do Banco do Brasil\u201d, diz ele, que j\u00e1 enviou um e-mail para o presidente Michel Temer com suas reclama\u00e7\u00f5es.<\/p>\n<p>Revolta brasileira II\/ Nem em Lisboa o BB manter\u00e1 sua ag\u00eancia, reduzindo os servi\u00e7os a um escrit\u00f3rio. \u201cEsses altos funcion\u00e1rios do banco que moram aqui n\u00e3o querem trabalhar. Conhe\u00e7o v\u00e1rios empres\u00e1rios portugueses que exportam para o Brasil, para a Argentina, e que jamais foram procurados por um funcion\u00e1rio do Banco do Brasil. Ora, se querem clientes, t\u00eam de correr atr\u00e1s. N\u00e3o correm porque s\u00e3o pregui\u00e7osos!\u201d, diz o ex-parlamentar, que foi colega de Temer na C\u00e2mara por quase 20 anos.<\/p>\n<p>Pizza, n\u00e3o, obrigada!\/ Os deputados que foram ontem \u00e0 casa do presidente da C\u00e2mara, Rodrigo Maia, sa\u00edram reclamando do card\u00e1pio. A pizza deixou a desejar. Se quiser manter a pauta da reforma da Previd\u00eancia, dizem alguns, melhor mudar o menu.<\/p>\n<p>Hist\u00f3ria e direito\/ Os pol\u00edticos t\u00eam uma maratona de lan\u00e7amento de livros hoje. Na Biblioteca do Senado, \u00e0s 18h30, o jornalista \u00c2ngelo Castelo Branco lan\u00e7a o livro Marco Maciel, um art\u00edfice do entendimento (foto). No mesmo hor\u00e1rio, no Espa\u00e7o Cultural do STJ, o ministro Jo\u00e3o Ot\u00e1vio Noronha, a jurista Ana Fraz\u00e3o e o procurador do DF Daniel Mesquita autografam o Estatuto Jur\u00eddico das Estatais.<\/p>\n","protected":false},"excerpt":{"rendered":"<p>As declara\u00e7\u00f5es do ministro da Fazenda, Henrique Meirelles, de que o governo n\u00e3o estar\u00e1 com Geraldo Alckmin em 2018 podem parecer desastradas \u00e0 primeira vista, por\u00e9m, tiveram um objetivo: ver se levam os tucanos a tomarem uma decis\u00e3o mais firme em dire\u00e7\u00e3o \u00e0 reforma da Previd\u00eancia. Afinal, se a economia se recuperar mais um pouco, mas n\u00e3o o suficiente para [&hellip;]<\/p>\n","protected":false},"author":29,"featured_media":0,"comment_status":"closed","ping_status":"closed","sticky":false,"template":"","format":"standard","meta":{"footnotes":""},"categories":[4],"tags":[],"class_list":["post-1780","post","type-post","status-publish","format-standard","hentry","category-coluna-brasilia-df"],"_links":{"self":[{"href":"https:\/\/blogs.correiobraziliense.com.br\/denise\/wp-json\/wp\/v2\/posts\/1780","targetHints":{"allow":["GET"]}}],"collection":[{"href":"https:\/\/blogs.correiobraziliense.com.br\/denise\/wp-json\/wp\/v2\/posts"}],"about":[{"href":"https:\/\/blogs.correiobraziliense.com.br\/denise\/wp-json\/wp\/v2\/types\/post"}],"author":[{"embeddable":true,"href":"https:\/\/blogs.correiobraziliense.com.br\/denise\/wp-json\/wp\/v2\/users\/29"}],"replies":[{"embeddable":true,"href":"https:\/\/blogs.correiobraziliense.com.br\/denise\/wp-json\/wp\/v2\/comments?post=1780"}],"version-history":[{"count":1,"href":"https:\/\/blogs.correiobraziliense.com.br\/denise\/wp-json\/wp\/v2\/posts\/1780\/revisions"}],"predecessor-version":[{"id":1781,"href":"https:\/\/blogs.correiobraziliense.com.br\/denise\/wp-json\/wp\/v2\/posts\/1780\/revisions\/1781"}],"wp:attachment":[{"href":"https:\/\/blogs.correiobraziliense.com.br\/denise\/wp-json\/wp\/v2\/media?parent=1780"}],"wp:term":[{"taxonomy":"category","embeddable":true,"href":"https:\/\/blogs.correiobraziliense.com.br\/denise\/wp-json\/wp\/v2\/categories?post=1780"},{"taxonomy":"post_tag","embeddable":true,"href":"https:\/\/blogs.correiobraziliense.com.br\/denise\/wp-json\/wp\/v2\/tags?post=1780"}],"curies":[{"name":"wp","href":"https:\/\/api.w.org\/{rel}","templated":true}]}}