{"id":1773,"date":"2017-11-24T09:00:50","date_gmt":"2017-11-24T11:00:50","guid":{"rendered":"https:\/\/blogs.correiobraziliense.com.br\/denise\/?p=1773"},"modified":"2017-11-24T19:54:56","modified_gmt":"2017-11-24T21:54:56","slug":"uma-fritura-no-dende","status":"publish","type":"post","link":"https:\/\/blogs.correiobraziliense.com.br\/denise\/uma-fritura-no-dende\/","title":{"rendered":"Uma fritura no dend\u00ea"},"content":{"rendered":"<p>Bastaram as especula\u00e7\u00f5es sobre o ingresso do titular da Secretaria de Governo, Antonio Imbassahy, no PMDB da Bahia para que os peemedebistas baianos girassem o bot\u00e3o do fogareiro sob o ministro. Partiram dali tamb\u00e9m os primeiros acordes para fazer de Carlos Marun ministro no lugar de Imbassahy.<\/p>\n<p>\u00bb \u00bb \u00bb <\/p>\n<p>O PMDB da Bahia n\u00e3o quer Imbassahy no partido para ser candidato ao Senado. Ainda que seu maior l\u00edder, o ex-ministro Geddel Vieira Lima, esteja na cadeia, a inten\u00e7\u00e3o \u00e9 deixar o irm\u00e3o L\u00facio Vieira Lima, hoje mais recolhido, como o protagonista do partido no estado, a fim de tentar garantir a reelei\u00e7\u00e3o para deputado federal e, quem sabe, se nada mudar, ter algu\u00e9m no Congresso capaz de puxar o processo de Geddel ao\u2026foro privilegiado. L\u00facio, deputado e hoje sob investiga\u00e7\u00e3o por causa dos R$ 51 milh\u00f5es encontrados num apartamento em Salvador, poderia, segundo avalia\u00e7\u00e3o de muitos advogados, tentar levar o processo do irm\u00e3o \u00e0 inst\u00e2ncia superior, uma vez que se trata do mesmo caso.<\/p>\n<p>\u00bb \u00bb \u00bb <\/p>\n<p>Por essas e outras, ainda que o STF decida daqui a alguns dias sobre o fim do foro privilegiado para crimes comuns, os parlamentares hoje investigados v\u00e3o trabalhar para que a mudan\u00e7a seja aplicada apenas aos novos processos e n\u00e3o \u00e0queles em curso hoje no Supremo. Essa quest\u00e3o ainda \u00e9 nebulosa por ali. E o lobby dos parlamentares nunca foi t\u00e3o forte nessa dire\u00e7\u00e3o.<\/p>\n<p>O \u201cbode\u201d da Previd\u00eancia<\/p>\n<p>No jarg\u00e3o parlamentar, \u201cbode\u201d \u00e9 algo inclu\u00eddo no texto para ser retirado logo ali na frente, de forma a preservar outros pontos. \u00c9 assim que muitos parlamentares veem a ideia de aumentar o tempo de contribui\u00e7\u00e3o previdenci\u00e1ria de 30 para 40 anos.<\/p>\n<p>O c\u00e1lculo deles<\/p>\n<p>Analistas do mercado financeiro fizeram chegar ontem a seus executivos a seguinte avalia\u00e7\u00e3o: ou os l\u00edderes partid\u00e1rios mergulham em suas bancadas em busca dos votos para aprovar a reforma previdenci\u00e1ria em 2017 ou o pa\u00eds viver\u00e1 uma enrola\u00e7\u00e3o at\u00e9 o fim do ano. Todas as bancadas est\u00e3o \u201cfuradas\u201d, dizem os observadores.<\/p>\n<p>E o Funrural, hein?<\/p>\n<p>A Frente Parlamentar de Agricultura (FPA) n\u00e3o parece mais t\u00e3o forte quanto esperava. Seus integrantes tentaram mobilizar o plen\u00e1rio da C\u00e2mara para votar a medida provis\u00f3ria do Funrural, mas os deputados foram embora. No fim da semana que vem, a MP perde a validade. Segunda-feira, ser\u00e1 feita uma nova investida para tentar votar a proposta.<\/p>\n<p>CURTIDAS<br \/>\nMenos, Marun, menos\/ O deputado Carlos Marun (PMDB-MS) recebeu o seguinte aviso dos amigos: \u201cMergulhe. Voc\u00ea falou tanto que pode ter inviabilizado a sua nomea\u00e7\u00e3o daqui a alguns dias\u201d.<\/p>\n<p>Moral do jantar\/ Apesar do otimismo do presidente Michel Temer e de seus ministros, alguns parlamentares do PMDB n\u00e3o foram ao jantar do Alvorada na quarta-feira em repres\u00e1lia pela n\u00e3o-posse de Marun. E completam com o seguinte recado: \u201cPresidente, n\u00e3o conte comigo para a reforma da Previd\u00eancia\u201d. Simples assim.<\/p>\n<p>Livre para sair\/ Her\u00e1clito Fortes (PSB-PI) e Jos\u00e9 Reynaldo Tavares (MA) v\u00e3o receber uma carta do presidente do PSB, Carlos Siqueira (foto), autorizando-os a sair do partido.<\/p>\n<p>Evaristo de Oliveira\/ Gentileza, educa\u00e7\u00e3o, fino trato, corre\u00e7\u00e3o e preocupa\u00e7\u00e3o com as pessoas podem ter v\u00e1rios sin\u00f4nimos no dicion\u00e1rio. Mas, ao longo de 20 anos de trabalho no Correio Braziliense, eu convivi com mais um: Evaristo de Oliveira. Que seu exemplo seja um farol a guiar a grande fam\u00edlia dos Di\u00e1rios Associados e que Deus conforte dona Regina, filhos e netos, a quem deixo aqui meus mais sinceros sentimentos de solidariedade nesse momento dif\u00edcil. Obrigada por tudo, dr. Evaristo.<\/p>\n","protected":false},"excerpt":{"rendered":"<p>Bastaram as especula\u00e7\u00f5es sobre o ingresso do titular da Secretaria de Governo, Antonio Imbassahy, no PMDB da Bahia para que os peemedebistas baianos girassem o bot\u00e3o do fogareiro sob o ministro. Partiram dali tamb\u00e9m os primeiros acordes para fazer de Carlos Marun ministro no lugar de Imbassahy. \u00bb \u00bb \u00bb O PMDB da Bahia n\u00e3o quer Imbassahy no partido para [&hellip;]<\/p>\n","protected":false},"author":29,"featured_media":0,"comment_status":"closed","ping_status":"closed","sticky":false,"template":"","format":"standard","meta":{"footnotes":""},"categories":[4],"tags":[],"class_list":["post-1773","post","type-post","status-publish","format-standard","hentry","category-coluna-brasilia-df"],"_links":{"self":[{"href":"https:\/\/blogs.correiobraziliense.com.br\/denise\/wp-json\/wp\/v2\/posts\/1773","targetHints":{"allow":["GET"]}}],"collection":[{"href":"https:\/\/blogs.correiobraziliense.com.br\/denise\/wp-json\/wp\/v2\/posts"}],"about":[{"href":"https:\/\/blogs.correiobraziliense.com.br\/denise\/wp-json\/wp\/v2\/types\/post"}],"author":[{"embeddable":true,"href":"https:\/\/blogs.correiobraziliense.com.br\/denise\/wp-json\/wp\/v2\/users\/29"}],"replies":[{"embeddable":true,"href":"https:\/\/blogs.correiobraziliense.com.br\/denise\/wp-json\/wp\/v2\/comments?post=1773"}],"version-history":[{"count":1,"href":"https:\/\/blogs.correiobraziliense.com.br\/denise\/wp-json\/wp\/v2\/posts\/1773\/revisions"}],"predecessor-version":[{"id":1774,"href":"https:\/\/blogs.correiobraziliense.com.br\/denise\/wp-json\/wp\/v2\/posts\/1773\/revisions\/1774"}],"wp:attachment":[{"href":"https:\/\/blogs.correiobraziliense.com.br\/denise\/wp-json\/wp\/v2\/media?parent=1773"}],"wp:term":[{"taxonomy":"category","embeddable":true,"href":"https:\/\/blogs.correiobraziliense.com.br\/denise\/wp-json\/wp\/v2\/categories?post=1773"},{"taxonomy":"post_tag","embeddable":true,"href":"https:\/\/blogs.correiobraziliense.com.br\/denise\/wp-json\/wp\/v2\/tags?post=1773"}],"curies":[{"name":"wp","href":"https:\/\/api.w.org\/{rel}","templated":true}]}}