{"id":1760,"date":"2017-11-17T06:46:20","date_gmt":"2017-11-17T08:46:20","guid":{"rendered":"https:\/\/blogs.correiobraziliense.com.br\/denise\/?p=1760"},"modified":"2017-11-17T11:51:03","modified_gmt":"2017-11-17T13:51:03","slug":"o-capitao-das-reformas","status":"publish","type":"post","link":"https:\/\/blogs.correiobraziliense.com.br\/denise\/o-capitao-das-reformas\/","title":{"rendered":"O capit\u00e3o das reformas"},"content":{"rendered":"<p>Se tem um personagem com o qual o presidente Michel Temer n\u00e3o pretende brigar enquanto procede a reforma ministerial \u00e9 o presidente da C\u00e2mara, Rodrigo Maia (DEM-RJ). No papel de comandante da Casa e da pauta de vota\u00e7\u00f5es, ele capitanear\u00e1 a reforma previdenci\u00e1ria e, por tabela, a ministerial. A ideia no Planalto \u00e9 que passe por Rodrigo inclusive a nomea\u00e7\u00e3o do futuro ministro das Cidades e as demais mudan\u00e7as na equipe.<\/p>\n<p>At\u00e9 aqui, a reforma est\u00e1 no seguinte p\u00e9: a) Os partidos fizeram chegar a Temer que as mudan\u00e7as pedidas de forma intensa nos \u00faltimos meses se referiam apenas aos espa\u00e7os do PSDB no governo e n\u00e3o dos outros partidos; b) A parte tucana nas Cidades est\u00e1 feita, falta Antonio Imbassahy (secretaria de governo), que Temer manter\u00e1 na equipe, em outro minist\u00e9rio; c) O partido que arrematar Cidades ter\u00e1 de ceder algum outro espa\u00e7o na Esplanada para manter o equil\u00edbrio na base; d) Se houver consenso entre os partidos para indicar um nome em comum para essa pasta, melhor. \u00c9 nessa batida que termina hoje a semana de \u201cdecanta\u00e7\u00e3o\u201d da sa\u00edda de Bruno Ara\u00fajo do Minist\u00e9rio das Cidades.<\/p>\n<p>Seguro eleitoral I<br \/>\nA pr\u00e9-candidatura de Manuela D\u2019\u00c1vila, a ser apresentada oficialmente na conven\u00e7\u00e3o do PCdoB neste fim de semana, tem a miss\u00e3o de estancar as press\u00f5es para que os comunistas fechem logo apoio a um candidato. A ordem \u00e9 ficar numa posi\u00e7\u00e3o mais confort\u00e1vel para aguardar a evolu\u00e7\u00e3o da conjuntura. A pol\u00edtica est\u00e1 de um jeito que nem o PCdoB, que sempre apoiou o PT, se mostra disposto a fechar logo com o antigo aliado.<\/p>\n<p>Seguro eleitoral II<br \/>\nHoje, o PCdoB est\u00e1 sob forte press\u00e3o tanto do PT de Lula quanto do PDT, que pretende lan\u00e7ar o ex-ministro Ciro Gomes. Marina Silva, da Rede, (ainda) n\u00e3o entrou na roda de buscar o PCdoB. Se nenhum deles decolar, ou l\u00e1 na frente o partido considerar melhor seguir sozinho no primeiro turno, sempre poder\u00e1 dizer que essa era a sua primeira op\u00e7\u00e3o.<\/p>\n<p>Cravo &amp; ferradura<br \/>\nPol\u00edticos do Rio de Janeiro tratam como pule de dez a Alerj tirar Jorge Picciani da cadeia na sess\u00e3o de hoje, da mesma forma que o Senado deu fim ao recolhimento noturno de A\u00e9cio Neves. H\u00e1 d\u00favidas, entretanto, sobre a devolu\u00e7\u00e3o do mandato. Assim, mandariam o deputado para casa, para n\u00e3o deixar o desgaste t\u00e3o grande para o colegiado. Afinal, no ano que vem, tem elei\u00e7\u00e3o, e alguns da base de Picciani resistem a arcar com essa decis\u00e3o.<\/p>\n<p>Se arrependimento matasse\u2026<br \/>\n\u2026 Jorge Picciani, talvez, n\u00e3o estivesse na cadeia. Em 2014, o todo-poderoso presidente da Assembleia Legislativa do estado do Rio de Janeiro pensou em n\u00e3o concorrer a mais um mandato eletivo. Terminou candidato. Agora s\u00e3os os filhos, seus herdeiros pol\u00edticos, que v\u00e3o pensar duas vezes antes de bater o martelo diante da incerteza do voto.<\/p>\n<p>CURTIDAS<\/p>\n<p>Temer l\u00e1 fora&#8230;\/ Em janeiro, antes de o pa\u00eds ingressar de vez na campanha eleitoral, o peemedebista aproveitar\u00e1 para exercitar a diplomacia presidencial. Vai a Cingapura, Mal\u00e1sia, Vietn\u00e3, Indon\u00e9sia e Timor. Na volta, passa uma semana em Bras\u00edlia e, em seguida, embarca para o F\u00f3rum Econ\u00f4mico Mundial do Ocidente, em Davos, na Su\u00ed\u00e7a.<\/p>\n<p>\u2026 num discurso para dentro\/ Em Davos, o Brasil ser\u00e1 homenageado. \u00c9 que h\u00e1 uma confian\u00e7a muito grande de que o pa\u00eds \u00e9 uma grande pot\u00eancia, ainda que tenha \u201cvaria\u00e7\u00f5es conjunturais\u201d, conforme avalia\u00e7\u00e3o de diplomatas de outras na\u00e7\u00f5es que observam a economia nacional. A ordem \u00e9 aproveitar para, mais uma vez, mostrar o que o governo tem feito de positivo.<\/p>\n<p>O professor Sarney I\/ O ex-presidente Jos\u00e9 Sarney (foto) embarca, na semana que vem, para Guadalajara, no M\u00e9xico, onde vai ministrar a Confer\u00eancia Magistral (aula magna) do dia de abertura da FIL 2017, a Feira Internacional do Livro, considerada a maior do mundo em l\u00edngua espanhola.<\/p>\n<p>O professor Sarney II\/ O ex-presidente brasileiro falar\u00e1 50 minutos sobre o livro e a internet. H\u00e1 tempos, seus aliados n\u00e3o o veem t\u00e3o animado com um evento em que pretende responder se a internet matar\u00e1 o livro. Sarney falar\u00e1 sobre a hist\u00f3ria da literatura e far\u00e1 reflex\u00f5es sobre a escrita. Do alto de seus 87 anos, com v\u00e1rios livros publicados, realmente tem muito a dizer.<\/p>\n","protected":false},"excerpt":{"rendered":"<p>Se tem um personagem com o qual o presidente Michel Temer n\u00e3o pretende brigar enquanto procede a reforma ministerial \u00e9 o presidente da C\u00e2mara, Rodrigo Maia (DEM-RJ). No papel de comandante da Casa e da pauta de vota\u00e7\u00f5es, ele capitanear\u00e1 a reforma previdenci\u00e1ria e, por tabela, a ministerial. A ideia no Planalto \u00e9 que passe por Rodrigo inclusive a nomea\u00e7\u00e3o [&hellip;]<\/p>\n","protected":false},"author":29,"featured_media":0,"comment_status":"closed","ping_status":"closed","sticky":false,"template":"","format":"standard","meta":{"footnotes":""},"categories":[4],"tags":[],"class_list":["post-1760","post","type-post","status-publish","format-standard","hentry","category-coluna-brasilia-df"],"_links":{"self":[{"href":"https:\/\/blogs.correiobraziliense.com.br\/denise\/wp-json\/wp\/v2\/posts\/1760","targetHints":{"allow":["GET"]}}],"collection":[{"href":"https:\/\/blogs.correiobraziliense.com.br\/denise\/wp-json\/wp\/v2\/posts"}],"about":[{"href":"https:\/\/blogs.correiobraziliense.com.br\/denise\/wp-json\/wp\/v2\/types\/post"}],"author":[{"embeddable":true,"href":"https:\/\/blogs.correiobraziliense.com.br\/denise\/wp-json\/wp\/v2\/users\/29"}],"replies":[{"embeddable":true,"href":"https:\/\/blogs.correiobraziliense.com.br\/denise\/wp-json\/wp\/v2\/comments?post=1760"}],"version-history":[{"count":1,"href":"https:\/\/blogs.correiobraziliense.com.br\/denise\/wp-json\/wp\/v2\/posts\/1760\/revisions"}],"predecessor-version":[{"id":1761,"href":"https:\/\/blogs.correiobraziliense.com.br\/denise\/wp-json\/wp\/v2\/posts\/1760\/revisions\/1761"}],"wp:attachment":[{"href":"https:\/\/blogs.correiobraziliense.com.br\/denise\/wp-json\/wp\/v2\/media?parent=1760"}],"wp:term":[{"taxonomy":"category","embeddable":true,"href":"https:\/\/blogs.correiobraziliense.com.br\/denise\/wp-json\/wp\/v2\/categories?post=1760"},{"taxonomy":"post_tag","embeddable":true,"href":"https:\/\/blogs.correiobraziliense.com.br\/denise\/wp-json\/wp\/v2\/tags?post=1760"}],"curies":[{"name":"wp","href":"https:\/\/api.w.org\/{rel}","templated":true}]}}