{"id":1743,"date":"2017-11-11T06:17:30","date_gmt":"2017-11-11T08:17:30","guid":{"rendered":"https:\/\/blogs.correiobraziliense.com.br\/denise\/?p=1743"},"modified":"2017-11-10T23:18:36","modified_gmt":"2017-11-11T01:18:36","slug":"tchau-querido","status":"publish","type":"post","link":"https:\/\/blogs.correiobraziliense.com.br\/denise\/tchau-querido\/","title":{"rendered":"Tchau, querido"},"content":{"rendered":"<p>A c\u00fapula do DEM desistiu de buscar alian\u00e7a com o PSDB para as elei\u00e7\u00f5es de 2018. Pelo menos, nesse momento, vai cuidar da pr\u00f3pria vida. O partido faz uma conven\u00e7\u00e3o em 28 de novembro para selar a mudan\u00e7a do nome. Na mesma data est\u00e1 prevista a filia\u00e7\u00e3o de deputados do PSB que j\u00e1 receberam carta branca para deixar a legenda. O DEM espera mais. E \u00e9 justamente do PSDB. A ideia \u00e9 somar algo entre 45 e 50 deputados. Espa\u00e7o pol\u00edtico n\u00e3o fica vazio. Enquanto os tucanos se bicam, outros se juntam.<\/p>\n<p>\u00bb \u00bb \u00bb <\/p>\n<p>Ali\u00e1s, nos bastidores do DEM, o que se diz a respeito da crise do PSDB \u00e9 que, se os tucanos tivessem ju\u00edzo, se uniriam em torno de Geraldo Alckmin e iriam para cima dos demais partidos, tentando aglutinar apoios e apresentar o pr\u00e9-candidato. Mas a fogueira das vaidades tucanas impede esse movimento. Pior para o PSDB que, se n\u00e3o sair desse redemoinho interno, tende a ficar isolado no ano que vem. De Luciano Huck a alian\u00e7as, o DEM tem discutido um pouco de tudo. S\u00f3 tem um probleminha: desuni\u00e3o no Centro amplia as chances dos extremos.<\/p>\n<p>O poder \u00e9 deles<br \/>\nA decis\u00e3o do governo em transferir a \u00e1rea de publicidade para a esfera do ministro-chefe da Secretaria-Geral da Presid\u00eancia, Wellington Moreira Franco, vai na mesma linha que mant\u00e9m hoje as nomea\u00e7\u00f5es na esfera da Casa Civil: deixar todo o poder no n\u00facleo pol\u00edtico do PMDB, hoje restrito ao pr\u00f3prio Michel Temer, Moreira e Eliseu Padilha.<\/p>\n<p>Novi\u00e7o<br \/>\nO ministro da Secretaria de Governo, Antonio Imbassahy, gravita nesse n\u00facleo. Mas s\u00f3 ser\u00e1 al\u00e7ado \u00e0 condi\u00e7\u00e3o de n\u00facleo duro se terminar ingressando no PMDB da Bahia. Falta combinar com os Vieira Lima.<\/p>\n<p>\u00c9 por a\u00ed<br \/>\nO ministro da Fazenda, Henrique Meirelles, deu sinal verde para a reforma tribut\u00e1ria capitaneada pelo relator, deputado Lu\u00eds Carlos Hauly (PSDB-PR). A ordem \u00e9 equilibrar a cobran\u00e7a entre consumo e renda, reduzindo os valores dos impostos sobre consumo e ampliando o da renda para n\u00e3o haver queda de arrecada\u00e7\u00e3o.<\/p>\n<p>Ent\u00e3o, ficamos assim<br \/>\nA carta do ex-presidente Fernando Henrique Cardoso publicada no Facebook deixou nos tucanos a sensa\u00e7\u00e3o de que ou Geraldo Alckmin assume a presid\u00eancia do partido a fim de coordenar a pr\u00f3pria campanha ou, ent\u00e3o, o melhor \u00e9 escolher Tasso Jereissati.<\/p>\n<p>Todos querem ser Huck\/ \u00c9 bom Luciano Huck (foto) se proteger contra mau-olhado. Em conversas reservadas, os pol\u00edticos n\u00e3o negam a inveja que sentem da vida que o apresentador leva. Tem dinheiro, fam\u00edlia linda e ainda faz um excelente trabalho social com seus programas na telinha. \u201cA gente aqui pensando em ter uma vida como a dele e ele querendo a nossa\u2026 Vai entender!\u201d<\/p>\n<p>Huck quer ser Huck\/ As conversas do apresentador ontem no Rio deixaram nos pol\u00edticos a sensa\u00e7\u00e3o de que o dilema entre participar e concorrer ainda n\u00e3o est\u00e1 resolvido. Huck, entretanto, tem conversado com todos os partidos. Al\u00e9m do PPS, teve encontros com integrantes do DEM, do Novo e do PSB.<\/p>\n<p>A hist\u00f3ria se repete\/ No meio pol\u00edtico, h\u00e1 quem diga que Luciano Huck est\u00e1 para a elei\u00e7\u00e3o de 2018 como S\u00edlvio Santos esteve para a corrida de 1989. A diferen\u00e7a \u00e9 que S\u00edlvio Santos se mexeu tarde para construir um caminho. Huck come\u00e7ou cedo. Embora seja mais sensato, aumenta o tempo de exposi\u00e7\u00e3o a desgastes. Nas redes sociais t\u00eam aparecido fotos dele num barco com Joesley Batista e em eventos com A\u00e9cio Neves.<\/p>\n<p>S\u00f3 a pol\u00edcia n\u00e3o acha\/ Um HB-20 preto, placa JJA-8110, ano 2013, foi flagrado pelas c\u00e2meras do Detran na Epia Sul, a 130km\/h em 9\/11. O carro foi roubado em 21 de outubro, por volta das 2h30, na 206 Sul, e as multas n\u00e3o param de chegar.<\/p>\n","protected":false},"excerpt":{"rendered":"<p>A c\u00fapula do DEM desistiu de buscar alian\u00e7a com o PSDB para as elei\u00e7\u00f5es de 2018. Pelo menos, nesse momento, vai cuidar da pr\u00f3pria vida. O partido faz uma conven\u00e7\u00e3o em 28 de novembro para selar a mudan\u00e7a do nome. Na mesma data est\u00e1 prevista a filia\u00e7\u00e3o de deputados do PSB que j\u00e1 receberam carta branca para deixar a legenda. [&hellip;]<\/p>\n","protected":false},"author":29,"featured_media":0,"comment_status":"closed","ping_status":"closed","sticky":false,"template":"","format":"standard","meta":{"footnotes":""},"categories":[4],"tags":[],"class_list":["post-1743","post","type-post","status-publish","format-standard","hentry","category-coluna-brasilia-df"],"_links":{"self":[{"href":"https:\/\/blogs.correiobraziliense.com.br\/denise\/wp-json\/wp\/v2\/posts\/1743","targetHints":{"allow":["GET"]}}],"collection":[{"href":"https:\/\/blogs.correiobraziliense.com.br\/denise\/wp-json\/wp\/v2\/posts"}],"about":[{"href":"https:\/\/blogs.correiobraziliense.com.br\/denise\/wp-json\/wp\/v2\/types\/post"}],"author":[{"embeddable":true,"href":"https:\/\/blogs.correiobraziliense.com.br\/denise\/wp-json\/wp\/v2\/users\/29"}],"replies":[{"embeddable":true,"href":"https:\/\/blogs.correiobraziliense.com.br\/denise\/wp-json\/wp\/v2\/comments?post=1743"}],"version-history":[{"count":1,"href":"https:\/\/blogs.correiobraziliense.com.br\/denise\/wp-json\/wp\/v2\/posts\/1743\/revisions"}],"predecessor-version":[{"id":1744,"href":"https:\/\/blogs.correiobraziliense.com.br\/denise\/wp-json\/wp\/v2\/posts\/1743\/revisions\/1744"}],"wp:attachment":[{"href":"https:\/\/blogs.correiobraziliense.com.br\/denise\/wp-json\/wp\/v2\/media?parent=1743"}],"wp:term":[{"taxonomy":"category","embeddable":true,"href":"https:\/\/blogs.correiobraziliense.com.br\/denise\/wp-json\/wp\/v2\/categories?post=1743"},{"taxonomy":"post_tag","embeddable":true,"href":"https:\/\/blogs.correiobraziliense.com.br\/denise\/wp-json\/wp\/v2\/tags?post=1743"}],"curies":[{"name":"wp","href":"https:\/\/api.w.org\/{rel}","templated":true}]}}