{"id":1729,"date":"2017-11-02T06:40:10","date_gmt":"2017-11-02T08:40:10","guid":{"rendered":"https:\/\/blogs.correiobraziliense.com.br\/denise\/?p=1729"},"modified":"2017-11-03T00:42:55","modified_gmt":"2017-11-03T02:42:55","slug":"1729-2","status":"publish","type":"post","link":"https:\/\/blogs.correiobraziliense.com.br\/denise\/1729-2\/","title":{"rendered":"No limiar da interven\u00e7\u00e3o"},"content":{"rendered":"<p>   Do Rio de Janeiro, veio um duro recado: ou o presidente Michel Temer demite o ministro da Justi\u00e7a, Torquato Jardim, ou interv\u00e9m no Rio. Temer n\u00e3o demitiu o ministro e espera contar com o feriad\u00e3o para decantar esse embate. Em suas conversas mais reservadas, autoridades do governo federal consideram que o Rio de Janeiro \u00e9 hoje um caldeir\u00e3o de quatro crises: econ\u00f4mica, fiscal, de governan\u00e7a e, para completar, de seguran\u00e7a. Se fosse para levar ao p\u00e9 da letra o<br \/>\nartigo 34 da Constitui\u00e7\u00e3o, a interven\u00e7\u00e3o viria lastreada pelos incisos relativos a contas p\u00fablicas e repasses de recursos. Temer, entretanto, \u00e9 mais de contornar do que confrontar. \u00c9 o que tentar\u00e1 fazer para n\u00e3o ter que recorrer a algo mais dr\u00e1stico, seja demitir o ministro seja recorrer \u00e0 interven\u00e7\u00e3o.<br \/>\nEm tempo: um segundo motivo para a n\u00e3o interven\u00e7\u00e3o j\u00e1 \u00e9 a manuten\u00e7\u00e3o da paz com o presidente da C\u00e2mara, Rodrigo Maia. Afinal, n\u00e3o se toca agenda no Poder Legislativo sem conversar com o comandante da Casa. Por isso, todo o cuidado \u00e9 pouco com o Rio.<\/p>\n<p>Dilma e Bolsonaro I<\/p>\n<p>Em 2009, experimentados pol\u00edticos do PMDB avisaram aos tucanos que o povo estava se encantando com a tal \u201cmulher do Lula\u201d e, se o PSDB demorasse muito a definir o candidato, ficaria dif\u00edcil evitar o preju\u00edzo depois. Dividido, o PSDB considerou que Dilma Rousseff n\u00e3o iria a lugar algum e fez \u201ccara de paisagem\u201d aos amigos peemedebistas. Deu no que deu.  Agora, os avisos s\u00e3o repetidos \u00e0 exaust\u00e3o em rela\u00e7\u00e3o ao deputado Jair Bolsonaro. Quem entende do tra\u00e7ado de pesquisas diz que ele vem crescendo entre os jovens.<\/p>\n<p>Dilma e Bolsonaro II<\/p>\n<p>Enquanto isso, os tucanos juram que Bolsonaro \u00e9 apenas uma \u201conda\u201d, que n\u00e3o ter\u00e1 tempo de tev\u00ea e coisa e tal. E Bolsonaro vai angariando simpatias. Nas redes sociais, dizem alguns, de 10 coisas que ele comenta, pelo menos uma conecta diretamente com alguma fatia do eleitorado e mais um \u201cBolsominion\u201d.<\/p>\n<p>Dilma e Bolsonaro III<\/p>\n<p>Ok, dizem os tucanos, Dilma tinha a m\u00e1quina do governo Lula ao seu dispor e um presidente da Rep\u00fablica popular para chamar de seu. Bolsonaro n\u00e3o tem nem uma coisa nem outra. Por\u00e9m, a cada pol\u00edtico que aparece enroscado na teia da Lava-Jato, Jair Bolsonaro aumenta seu potencial eleitoral. Se consolidar, n\u00e3o cair\u00e1 mais. Foi assim com Dilma. Consolidou e ficou.<\/p>\n<p>Por falar em PSDB\u2026<\/p>\n<p>Os tucanos querem dist\u00e2ncia do PMDB, mas nem tanto. \u00c9 que, se a economia melhorar para valer com crescimento na casa dos 3% em 2018, os tucanos far\u00e3o o caminho de volta ao governo.<\/p>\n<p>Huck e o PPS\/  O presidente do PPS, Roberto Freire (foto), est\u00e1 encantado com Luciano Huck. \u201cEle n\u00e3o \u00e9 um mero apresentador. Tem esp\u00edrito p\u00fablico, \u00e9 filho de professores. Se vier, ser\u00e1 bem-vindo\u201d, diz Freire, mas ele ainda n\u00e3o decidiu e o quadro est\u00e1 pra l\u00e1 de nebuloso.<\/p>\n<p>Mantenha isso, viu?\/ Famoso pela dancinha da alegria em plen\u00e1rio com a vit\u00f3ria de Michel Temer na C\u00e2mara, o deputado Carlos Marun (PMDB-MS) falou com o presidente para parabeniz\u00e1-lo e terminou a liga\u00e7\u00e3o feliz da vida. Tudo porque Temer elogiou a forma como Marun encarou os ataques recebidos contra a dancinha. \u201cEle disse que a minha resposta foi muito boa. E n\u00e3o \u00e9? Eu tava feliz, ia ser hip\u00f3crita?\u201d<\/p>\n<p>Por falar em Temer&#8230;\/ Os parlamentares que falaram com o presidente ou o visitaram ficaram impressionados com a recupera\u00e7\u00e3o. \u201cEle est\u00e1 com a voz mais firme do que nunca.\u201d<\/p>\n<p>Pepper e Big Data\/ Moriael Paiva informa que n\u00e3o tem qualquer liga\u00e7\u00e3o com a Pepper. A empresa, que foi alvo de busca e apreens\u00e3o suspeita de irregularidades na campanha petista, n\u00e3o tem nada a ver com a Idea Big Data, que hoje presta servi\u00e7os ao PSDB. \u201cNossa liga\u00e7\u00e3o com a Pepper \u00e9 zero\u201d, diz ele, que prestou servi\u00e7os para as duas campanhas de Fernando Henrique Cardoso e, ainda, de Jos\u00e9 Serra.<\/p>\n<p>Feriad\u00e3o\/ Sexta e s\u00e1bado a coluna ficar\u00e1 a cargo do jornalista Paulo de Tarso Lyra. Bom feriado a todos!<\/p>\n","protected":false},"excerpt":{"rendered":"<p>Do Rio de Janeiro, veio um duro recado: ou o presidente Michel Temer demite o ministro da Justi\u00e7a, Torquato Jardim, ou interv\u00e9m no Rio. Temer n\u00e3o demitiu o ministro e espera contar com o feriad\u00e3o para decantar esse embate. Em suas conversas mais reservadas, autoridades do governo federal consideram que o Rio de Janeiro \u00e9 hoje um caldeir\u00e3o de quatro [&hellip;]<\/p>\n","protected":false},"author":29,"featured_media":0,"comment_status":"closed","ping_status":"closed","sticky":false,"template":"","format":"standard","meta":{"footnotes":""},"categories":[4],"tags":[],"class_list":["post-1729","post","type-post","status-publish","format-standard","hentry","category-coluna-brasilia-df"],"_links":{"self":[{"href":"https:\/\/blogs.correiobraziliense.com.br\/denise\/wp-json\/wp\/v2\/posts\/1729","targetHints":{"allow":["GET"]}}],"collection":[{"href":"https:\/\/blogs.correiobraziliense.com.br\/denise\/wp-json\/wp\/v2\/posts"}],"about":[{"href":"https:\/\/blogs.correiobraziliense.com.br\/denise\/wp-json\/wp\/v2\/types\/post"}],"author":[{"embeddable":true,"href":"https:\/\/blogs.correiobraziliense.com.br\/denise\/wp-json\/wp\/v2\/users\/29"}],"replies":[{"embeddable":true,"href":"https:\/\/blogs.correiobraziliense.com.br\/denise\/wp-json\/wp\/v2\/comments?post=1729"}],"version-history":[{"count":1,"href":"https:\/\/blogs.correiobraziliense.com.br\/denise\/wp-json\/wp\/v2\/posts\/1729\/revisions"}],"predecessor-version":[{"id":1730,"href":"https:\/\/blogs.correiobraziliense.com.br\/denise\/wp-json\/wp\/v2\/posts\/1729\/revisions\/1730"}],"wp:attachment":[{"href":"https:\/\/blogs.correiobraziliense.com.br\/denise\/wp-json\/wp\/v2\/media?parent=1729"}],"wp:term":[{"taxonomy":"category","embeddable":true,"href":"https:\/\/blogs.correiobraziliense.com.br\/denise\/wp-json\/wp\/v2\/categories?post=1729"},{"taxonomy":"post_tag","embeddable":true,"href":"https:\/\/blogs.correiobraziliense.com.br\/denise\/wp-json\/wp\/v2\/tags?post=1729"}],"curies":[{"name":"wp","href":"https:\/\/api.w.org\/{rel}","templated":true}]}}