{"id":1722,"date":"2017-10-26T08:57:42","date_gmt":"2017-10-26T10:57:42","guid":{"rendered":"https:\/\/blogs.correiobraziliense.com.br\/denise\/?p=1722"},"modified":"2017-10-26T08:57:42","modified_gmt":"2017-10-26T10:57:42","slug":"um","status":"publish","type":"post","link":"https:\/\/blogs.correiobraziliense.com.br\/denise\/um\/","title":{"rendered":"Come\u00e7a o jogo"},"content":{"rendered":"<p>Ao contr\u00e1rio do que esperava a equipe econ\u00f4mica do governo, o presidente da C\u00e2mara, Rodrigo Maia, far\u00e1 um aquecimento da base aliada com medidas infraconstitucionais e, posteriormente, discutir\u00e1 a reforma da Previd\u00eancia.<br \/>\nO freio \u00e9 fruto das reclama\u00e7\u00f5es da base aliada e avisos do tipo, \u201cvoto a favor do presidente na den\u00fancia, mas n\u00e3o venha com reforma da Previd\u00eancia\u201d, dito por dezenas de deputados aos l\u00edderes partid\u00e1rios. Ou seja, diante de tanta confus\u00e3o e do susto que o governo tomou no in\u00edcio da vota\u00e7\u00e3o, com o placar favor\u00e1vel \u00e0 den\u00fancia, a ordem \u00e9 deixar baixar a poeira. At\u00e9 porque, Rodrigo Maia tem uma viagem internacional marcada para a semana que vem, e Michel Temer cuidar\u00e1 da sa\u00fade. A Casa s\u00f3 volta com for\u00e7a depois do feriad\u00e3o de finados.<br \/>\nEm tempo: a vota\u00e7\u00e3o de ontem foi classificada por deputados aliados ao governo como a \u201cmais cara da hist\u00f3ria\u201d.<br \/>\nA da Previd\u00eancia, quando houver, ser\u00e1 a \u00fanica capaz de empatar em termos de pre\u00e7o.<\/p>\n<p>\u201cFoi criminoso\u201d<br \/>\nA acusa\u00e7\u00e3o \u00e9 do deputado Sarney Filho, licenciado do cargo de ministro do Meio Ambiente apenas para votar a den\u00fancia ontem em plen\u00e1rio. Referia-se ao inc\u00eandio que consome o Parque Nacional da Chapada dos Veadeiros. Zequinha Sarney foi informado que se fosse apenas um acidente teria parado nas \u00e1reas que s\u00e3o preparadas para evitar que o fogo se alastre como se alastrou. \u201cTudo indica que vem daqueles que n\u00e3o queriam a amplia\u00e7\u00e3o do parque. Vamos investigar\u201d, diz ele.<\/p>\n<p>Sonho de Fran\u00e7a.<br \/>\nS\u00f3 que n\u00e3o.<br \/>\nO acordo entre o governador Rodrigo Rollemberg e Maria de Lourdes Abadia era a largada para uma grande constru\u00e7\u00e3o do vice-governador de S\u00e3o Paulo, M\u00e1rcio Fran\u00e7a, no sentido de conquistar o apoio do PSDB \u00e0 sua candidatura ao governo de S\u00e3o Paulo e juntar o PSB ao projeto de Geraldo Alckmin ao Planalto. Nem o PSDB do DF nem o de S\u00e3o Paulo topam. O PSB nacional tamb\u00e9m busca outros caminhos.<\/p>\n<p>Por falar em PSDB&#8230;<br \/>\nAl\u00e9m do PSB, que tem nove deputados de sa\u00edda \u2014 muitos rumo ao DEM \u2014, o PSDB perder\u00e1 parte expressiva de sua bancada.<\/p>\n<p>Sem sossego<br \/>\nCom o presidente Michel Temer no hospital, os ministros praticamente abandonaram a conquista dos votos. Assim, um deputado ligou para o presidente: \u201cCad\u00ea os ministros, que ainda n\u00e3o vieram para c\u00e1 ajudar?\u201d Foi a\u00ed que alguns se mexeram e seguiram at\u00e9 a C\u00e2mara para ajudar na conquista do qu\u00f3rum.<\/p>\n<p>Fiscal dos votos I\/ O deputado Marcus Pestana (foto), do PSDB-MG, passou grande parte da vota\u00e7\u00e3o sentado estrategicamente na mesa pr\u00f3xima ao elevador da sala de caf\u00e9 dos deputados. A todos que sa\u00edam, ele perguntava se j\u00e1 havia votado. Pestana, ao votar, jogou a den\u00fancia no colo do PT, citando a afirma\u00e7\u00e3o da den\u00fancia de Rodrigo Janot de que o esquema come\u00e7ou com Lula.<\/p>\n<p>Fiscal dos votos II\/ Assessores e l\u00edderes do governo acompanharam voto a voto, dentro do plen\u00e1rio, com a lista de parlamentares em m\u00e3os. J\u00e1 no primeiro estado, o Rio Grande do Sul, esse grupo tomou um susto com o n\u00famero de votos contr\u00e1rios ao presidente, maior do que os favor\u00e1veis, o que nunca aconteceu na primeira den\u00fancia.<\/p>\n<p>Sempre eles&#8230;\/ Yeda Crusius (PSDB-RS) perdeu a hora e n\u00e3o votou. Nilson Leit\u00e3o, tucano e presidente da Frente Parlamentar da Agropecu\u00e1ria, quase sofre do mesmo problema. Ele conversava com o deputado Pedro Vilela (PSDB-AL) e, quando viu que a bancada de Mato Grosso do Sul estava votando, saiu correndo da sala de caf\u00e9 em tempo de dizer um \u201csim\u201d esbaforido no plen\u00e1rio.<\/p>\n<p>Por falar em tucanos&#8230;\/ O PSDB fez de tudo para tentar evitar que o partido sa\u00edsse chamuscado da vota\u00e7\u00e3o de ontem sobre a segunda den\u00fancia contra o presidente. Por\u00e9m, a maioria dos deputados, na hora de votar, dizia \u201cvoto com o relat\u00f3rio do PSDB, a favor de Michel Temer\u201d.<\/p>\n","protected":false},"excerpt":{"rendered":"<p>Ao contr\u00e1rio do que esperava a equipe econ\u00f4mica do governo, o presidente da C\u00e2mara, Rodrigo Maia, far\u00e1 um aquecimento da base aliada com medidas infraconstitucionais e, posteriormente, discutir\u00e1 a reforma da Previd\u00eancia. O freio \u00e9 fruto das reclama\u00e7\u00f5es da base aliada e avisos do tipo, \u201cvoto a favor do presidente na den\u00fancia, mas n\u00e3o venha com reforma da Previd\u00eancia\u201d, dito [&hellip;]<\/p>\n","protected":false},"author":29,"featured_media":0,"comment_status":"closed","ping_status":"closed","sticky":false,"template":"","format":"standard","meta":{"footnotes":""},"categories":[4],"tags":[],"class_list":["post-1722","post","type-post","status-publish","format-standard","hentry","category-coluna-brasilia-df"],"_links":{"self":[{"href":"https:\/\/blogs.correiobraziliense.com.br\/denise\/wp-json\/wp\/v2\/posts\/1722","targetHints":{"allow":["GET"]}}],"collection":[{"href":"https:\/\/blogs.correiobraziliense.com.br\/denise\/wp-json\/wp\/v2\/posts"}],"about":[{"href":"https:\/\/blogs.correiobraziliense.com.br\/denise\/wp-json\/wp\/v2\/types\/post"}],"author":[{"embeddable":true,"href":"https:\/\/blogs.correiobraziliense.com.br\/denise\/wp-json\/wp\/v2\/users\/29"}],"replies":[{"embeddable":true,"href":"https:\/\/blogs.correiobraziliense.com.br\/denise\/wp-json\/wp\/v2\/comments?post=1722"}],"version-history":[{"count":1,"href":"https:\/\/blogs.correiobraziliense.com.br\/denise\/wp-json\/wp\/v2\/posts\/1722\/revisions"}],"predecessor-version":[{"id":1723,"href":"https:\/\/blogs.correiobraziliense.com.br\/denise\/wp-json\/wp\/v2\/posts\/1722\/revisions\/1723"}],"wp:attachment":[{"href":"https:\/\/blogs.correiobraziliense.com.br\/denise\/wp-json\/wp\/v2\/media?parent=1722"}],"wp:term":[{"taxonomy":"category","embeddable":true,"href":"https:\/\/blogs.correiobraziliense.com.br\/denise\/wp-json\/wp\/v2\/categories?post=1722"},{"taxonomy":"post_tag","embeddable":true,"href":"https:\/\/blogs.correiobraziliense.com.br\/denise\/wp-json\/wp\/v2\/tags?post=1722"}],"curies":[{"name":"wp","href":"https:\/\/api.w.org\/{rel}","templated":true}]}}