{"id":1716,"date":"2017-10-25T05:40:32","date_gmt":"2017-10-25T07:40:32","guid":{"rendered":"https:\/\/blogs.correiobraziliense.com.br\/denise\/?p=1716"},"modified":"2017-10-25T01:21:29","modified_gmt":"2017-10-25T03:21:29","slug":"proximas-etapas-previdencia-e-2018","status":"publish","type":"post","link":"https:\/\/blogs.correiobraziliense.com.br\/denise\/proximas-etapas-previdencia-e-2018\/","title":{"rendered":"Pr\u00f3ximas Etapas: Previd\u00eancia e 2018"},"content":{"rendered":"<p>N\u00e3o se surpreendam se o presidente da C\u00e2mara, Rodrigo Maia (DEM-RJ), convocar a Casa para debater a reforma da Previd\u00eancia j\u00e1 na pr\u00f3xima segunda-feira. Rodrigo tem pressa. Pressa em mostrar que tem poder de comando e responsabilidade, como ele mesmo diz, para acelerar a retomada do crescimento econ\u00f4mico e da confian\u00e7a dos investidores. Ele tem se mostrado disposto a empreender a pauta considerada necess\u00e1ria para o pa\u00eds voltar aos trilhos mais rapidamente.<br \/>\nMichel Temer n\u00e3o achar\u00e1 ruim se Rodrigo adquirir esse protagonismo. Afinal, com a segunda den\u00fancia fora do palco principal, o foco \u201cvoltar-se-\u00e1\u201d, diz Temer, \u00e0 realidade, ou seja, ao cen\u00e1rio econ\u00f4mico e \u00e0 elei\u00e7\u00e3o de 2018. Ainda que se esteja a dois meses do Natal, o presidente n\u00e3o pretende entregar os pontos, mas se mostra disposto a deixar o protagonismo a cargo de Rodrigo Maia. N\u00e3o por acaso, Rodrigo chegou t\u00e3o feliz do Planalto ontem. Temer n\u00e3o \u00e9 mais candidato a nada, mas quer ter um legado. Para Rodrigo, o c\u00e9u \u00e9 o limite. Se tudo der certo, pode nascer a\u00ed um certo capit\u00e3o Rodrigo \u2014 e n\u00e3o Henrique Meirelles (Fazenda) \u2014 como uma aposta para o futuro. Como esse candidato ainda n\u00e3o saiu, est\u00e3o todos na pista.<\/p>\n<p>A largada<br \/>\nO governo est\u00e1 de olho no leil\u00e3o do pr\u00e9-sal desta sexta-feira. Ser\u00e1 o primeiro grande evento depois da den\u00fancia. A expectativa \u00e9 de ades\u00e3o expressiva de empresas de todo o mundo e n\u00e3o apenas dos chineses. Mais um ponto que o presidente pretende explorar para mostrar que o pa\u00eds est\u00e1 bem melhor do que nos tempos da presidente Dilma Rousseff.<\/p>\n<p>Por falar em Temer\u2026<br \/>\nA sociedade est\u00e1 em outra. Levantamento feito pelo Pal\u00e1cio do Planalto nos \u00faltimos tempos mostrou que o presidente \u00e9 o primeiro assunto da m\u00eddia (e, na maioria das vezes, com vi\u00e9s negativo). Nas redes sociais, por\u00e9m, a pegada \u00e9 outra. Temer aparece em 23\u00ba lugar no ranking de assuntos e\/ou personagens mais comentados. Neymar e o fim da novela For\u00e7a do Querer encabe\u00e7am a lista&#8230;<\/p>\n<p>Meirelles alerta<br \/>\nEm jantar do site Poder360, o ministro da Fazenda, Henrique Meirelles, foi direto no diagn\u00f3stico: Sem a reforma da Previd\u00eancia, alguma coisa ter\u00e1 de ser aprovada, porque \u201ch\u00e1 um teto\u201d, que deu uma sinaliza\u00e7\u00e3o muito forte de controle das contas p\u00fablicas. E isso ter\u00e1 que ser cumprido.<\/p>\n<p>P\u00f5e lupa a\u00ed<br \/>\nO senador Airton Sandoval (PMDB-SP) quer ampliar a CPI do BNDES para os financiamentos destinados ao Desenvolvimento Integrado dos Estados (Finem). N\u00e3o por acaso, governadores aliados aos governos de Lula e de Dilma est\u00e3o para l\u00e1 de preocupados.<\/p>\n<p>Quem cala&#8230;\/ Perguntado se ser\u00e1 candidato a presidente, o ministro da Fazenda, Henrique Meirelles (foto), diz que \u00e9 cedo para tratar do tema e coisa e tal, d\u00e1 aquela enrolada b\u00e1sica nos jornalistas e empres\u00e1rios presentes ao jantar do site Poder360. A coluna emenda:  \u201cMas o senhor n\u00e3o diz que n\u00e3o \u00e9 candidato\u2026\u201d Meirelles, ent\u00e3o, responde: \u201cEu n\u00e3o, para qu\u00ea?\u201d.<\/p>\n<p>A voz da Am\u00e9rica\/ O embaixador dos Estados Unidos, Michael Mckinley, presente ao jantar, fez quest\u00e3o de dizer que a percep\u00e7\u00e3o do Brasil l\u00e1 fora est\u00e1 muito melhor do que \u00e9 percebido aqui, entre os brasileiros. \u201cH\u00e1 muito interesse em investir no Brasil\u201d, afirmou, para del\u00edrio de Meirelles.<\/p>\n<p>A voz da oposi\u00e7\u00e3o\/ Renan Calheiros volta \u00e0 tribuna do Senado hoje para dizer que seis pedidos de investiga\u00e7\u00e3o contra ele j\u00e1 foram arquivados. Falar\u00e1 tamb\u00e9m do PMDB da C\u00e2mara e defender\u00e1 o afastamento do presidente Michel Temer.<\/p>\n<p>A voz da intriga\/ Rodrigo Maia estava todo contente na sala de caf\u00e9, acabara de chegar do Planalto, eis que o deputado Silvio Costa (Avante-PE) surge com uma proposta: \u201cEstou trabalhando por voc\u00ea (para presidente da Rep\u00fablica agora)! Sem remunera\u00e7\u00e3o!\u201d Rodrigo apenas sorri: \u201cIsso. Trabalhe\u201d E falando baixinho completa: Para 2019!\u201d<\/p>\n","protected":false},"excerpt":{"rendered":"<p>N\u00e3o se surpreendam se o presidente da C\u00e2mara, Rodrigo Maia (DEM-RJ), convocar a Casa para debater a reforma da Previd\u00eancia j\u00e1 na pr\u00f3xima segunda-feira. Rodrigo tem pressa. Pressa em mostrar que tem poder de comando e responsabilidade, como ele mesmo diz, para acelerar a retomada do crescimento econ\u00f4mico e da confian\u00e7a dos investidores. Ele tem se mostrado disposto a empreender [&hellip;]<\/p>\n","protected":false},"author":29,"featured_media":0,"comment_status":"closed","ping_status":"closed","sticky":false,"template":"","format":"standard","meta":{"footnotes":""},"categories":[4],"tags":[],"class_list":["post-1716","post","type-post","status-publish","format-standard","hentry","category-coluna-brasilia-df"],"_links":{"self":[{"href":"https:\/\/blogs.correiobraziliense.com.br\/denise\/wp-json\/wp\/v2\/posts\/1716","targetHints":{"allow":["GET"]}}],"collection":[{"href":"https:\/\/blogs.correiobraziliense.com.br\/denise\/wp-json\/wp\/v2\/posts"}],"about":[{"href":"https:\/\/blogs.correiobraziliense.com.br\/denise\/wp-json\/wp\/v2\/types\/post"}],"author":[{"embeddable":true,"href":"https:\/\/blogs.correiobraziliense.com.br\/denise\/wp-json\/wp\/v2\/users\/29"}],"replies":[{"embeddable":true,"href":"https:\/\/blogs.correiobraziliense.com.br\/denise\/wp-json\/wp\/v2\/comments?post=1716"}],"version-history":[{"count":1,"href":"https:\/\/blogs.correiobraziliense.com.br\/denise\/wp-json\/wp\/v2\/posts\/1716\/revisions"}],"predecessor-version":[{"id":1717,"href":"https:\/\/blogs.correiobraziliense.com.br\/denise\/wp-json\/wp\/v2\/posts\/1716\/revisions\/1717"}],"wp:attachment":[{"href":"https:\/\/blogs.correiobraziliense.com.br\/denise\/wp-json\/wp\/v2\/media?parent=1716"}],"wp:term":[{"taxonomy":"category","embeddable":true,"href":"https:\/\/blogs.correiobraziliense.com.br\/denise\/wp-json\/wp\/v2\/categories?post=1716"},{"taxonomy":"post_tag","embeddable":true,"href":"https:\/\/blogs.correiobraziliense.com.br\/denise\/wp-json\/wp\/v2\/tags?post=1716"}],"curies":[{"name":"wp","href":"https:\/\/api.w.org\/{rel}","templated":true}]}}