{"id":1601,"date":"2017-09-15T07:00:46","date_gmt":"2017-09-15T10:00:46","guid":{"rendered":"https:\/\/blogs.correiobraziliense.com.br\/denise\/?p=1601"},"modified":"2017-09-15T13:31:46","modified_gmt":"2017-09-15T16:31:46","slug":"adeus-reformas","status":"publish","type":"post","link":"https:\/\/blogs.correiobraziliense.com.br\/denise\/adeus-reformas\/","title":{"rendered":"Adeus, reformas"},"content":{"rendered":"<p>Com a nova den\u00fancia contra Michel Temer entrando em cena, a reforma da Previd\u00eancia volta aos escaninhos do Parlamento, sem data para sair. E justamente no momento em que o governo se preparava para mandar o texto ao plen\u00e1rio. Na equipe econ\u00f4mica, h\u00e1 quem diga que Rodrigo Janot dividiu a den\u00fancia em duas partes em junho, justamente para evitar que o Planalto tivesse a chance de tentar se fortalecer para levar a reforma previdenci\u00e1ria ao plen\u00e1rio da C\u00e2mara. Agora, tudo o que estava em gesta\u00e7\u00e3o para conseguir aprovar as mudan\u00e7as no sistema de aposentadorias ser\u00e1 direcionado para fazer o presidente pular mais uma fogueira.<\/p>\n<p>\u00bb \u00bb \u00bb <\/p>\n<p>Quando a primeira den\u00fancia foi apresentada, o cen\u00e1rio era semelhante e o que era preparado para votar a reforma previdenci\u00e1ria, em junho, acabou sendo direcionado para evitar que Temer fosse afastado. Assim, dizem integrantes da equipe econ\u00f4mica, aquelas categorias mais abastadas e que se aposentam cedo poder\u00e3o continuar a usufruir do sistema atual, sem problemas.<\/p>\n<p>Blindou-se<br \/>\nAs acusa\u00e7\u00f5es de Rodrigo Janot a Joesley Batista e a executivos da JBS e o pedido para que sejam mantidos na cadeia v\u00e3o enfraquecer a tese do governo de que o procurador-geral se aliou aos delatores apenas para \u201cpegar\u201d Temer.<\/p>\n<p>Simb\u00f3lico<br \/>\nO PMDB, de Ulysses Guimar\u00e3es, se esvai. O partido se prepara para afastar o deputado Jarbas Vasconcelos (PE) e mant\u00e9m a legenda na Bahia nas m\u00e3os de Geddel Vieira Lima, que, apesar de suspenso, continua com poder em solo baiano.<\/p>\n<p>\u00c9 l\u00e1<br \/>\nOs advogados do presidente Michel Temer v\u00e3o tentar matar essa segunda den\u00fancia no Supremo Tribunal Federal, mas pol\u00edticos conhecedores do humor dos ministros da Corte consideram dif\u00edcil. Por isso, o governo depender\u00e1, mais uma vez, da C\u00e2mara, o terreno em que Michel Temer venceu a primeira batalha.<\/p>\n<p>Enquanto isso, no PT\u2026<br \/>\nParlamentares petistas ficaram mais tranquilos quando saiu a not\u00edcia da segunda den\u00fancia contra Temer. Assim, a parte da dela\u00e7\u00e3o de Antonio Palocci sobre entrega de dinheiro vivo a Lula, publicada pela revista Veja, ficaria longe das manchetes<br \/>\nde sites e jornais.<\/p>\n<p>CURTIDAS    <\/p>\n<p>Deixa quieto\/ A ex-presidente Dilma Rousseff foi aconselhada a n\u00e3o comparecer \u00e0 posse de Raquel Dodge.<\/p>\n<p>Dilma e Irma\/ Brasileiro faz piada com tudo, at\u00e9 com furac\u00e3o. Entre os parlamentares, houve quem se sa\u00edsse com esta: \u201cOlha, avisa l\u00e1 para o pessoal de Cuba que, se eles n\u00e3o conseguirem segurar o Irma, n\u00f3s mandaremos a Dilma. Ela tem ideias para estocar vento\u201d.<\/p>\n<p>Geraldo na roda\/ O governador de S\u00e3o Paulo, Geraldo Alckmin, vai a Minas Gerais na segunda-feira. Aproveitar\u00e1 para se aproximar dos deputados ligados ao senador A\u00e9cio Neves.<\/p>\n<p>Enquanto isso, em Bras\u00edlia&#8230;\/ A reforma pol\u00edtica subiu no telhado. As chances de aprova\u00e7\u00e3o, na semana que vem, s\u00e3o m\u00ednimas.<\/p>\n","protected":false},"excerpt":{"rendered":"<p>Com a nova den\u00fancia contra Michel Temer entrando em cena, a reforma da Previd\u00eancia volta aos escaninhos do Parlamento, sem data para sair. E justamente no momento em que o governo se preparava para mandar o texto ao plen\u00e1rio. Na equipe econ\u00f4mica, h\u00e1 quem diga que Rodrigo Janot dividiu a den\u00fancia em duas partes em junho, justamente para evitar que [&hellip;]<\/p>\n","protected":false},"author":29,"featured_media":0,"comment_status":"closed","ping_status":"closed","sticky":false,"template":"","format":"standard","meta":{"footnotes":""},"categories":[4],"tags":[],"class_list":["post-1601","post","type-post","status-publish","format-standard","hentry","category-coluna-brasilia-df"],"_links":{"self":[{"href":"https:\/\/blogs.correiobraziliense.com.br\/denise\/wp-json\/wp\/v2\/posts\/1601","targetHints":{"allow":["GET"]}}],"collection":[{"href":"https:\/\/blogs.correiobraziliense.com.br\/denise\/wp-json\/wp\/v2\/posts"}],"about":[{"href":"https:\/\/blogs.correiobraziliense.com.br\/denise\/wp-json\/wp\/v2\/types\/post"}],"author":[{"embeddable":true,"href":"https:\/\/blogs.correiobraziliense.com.br\/denise\/wp-json\/wp\/v2\/users\/29"}],"replies":[{"embeddable":true,"href":"https:\/\/blogs.correiobraziliense.com.br\/denise\/wp-json\/wp\/v2\/comments?post=1601"}],"version-history":[{"count":1,"href":"https:\/\/blogs.correiobraziliense.com.br\/denise\/wp-json\/wp\/v2\/posts\/1601\/revisions"}],"predecessor-version":[{"id":1602,"href":"https:\/\/blogs.correiobraziliense.com.br\/denise\/wp-json\/wp\/v2\/posts\/1601\/revisions\/1602"}],"wp:attachment":[{"href":"https:\/\/blogs.correiobraziliense.com.br\/denise\/wp-json\/wp\/v2\/media?parent=1601"}],"wp:term":[{"taxonomy":"category","embeddable":true,"href":"https:\/\/blogs.correiobraziliense.com.br\/denise\/wp-json\/wp\/v2\/categories?post=1601"},{"taxonomy":"post_tag","embeddable":true,"href":"https:\/\/blogs.correiobraziliense.com.br\/denise\/wp-json\/wp\/v2\/tags?post=1601"}],"curies":[{"name":"wp","href":"https:\/\/api.w.org\/{rel}","templated":true}]}}