{"id":1589,"date":"2017-08-09T09:23:30","date_gmt":"2017-08-09T12:23:30","guid":{"rendered":"https:\/\/blogs.correiobraziliense.com.br\/denise\/?p=1589"},"modified":"2017-08-09T09:23:30","modified_gmt":"2017-08-09T12:23:30","slug":"o-balao-da-hora","status":"publish","type":"post","link":"https:\/\/blogs.correiobraziliense.com.br\/denise\/o-balao-da-hora\/","title":{"rendered":"O &#8220;bal\u00e3o&#8221; da hora"},"content":{"rendered":"<p>As especula\u00e7\u00f5es sobre aumento do Imposto de Renda da pessoa f\u00edsica com novas faixas de 30% e 35% n\u00e3o surgiram por gera\u00e7\u00e3o espont\u00e2nea. A ideia, apesar dos desmentidos do Planalto sobre o tema, \u00e9 sim colocar o assunto na roda de forma a fazer um alerta \u00e0 base aliada: para os parlamentares aceitarem a reforma da Previd\u00eancia, em especial, o fim dos privil\u00e9gios daqueles que recebem altas aposentadorias no setor p\u00fablico. O Poder Executivo segue assim a velha m\u00e1xima: quando voc\u00ea quer resolver um problema ou consider\u00e1-lo menor, basta colocar outro maior na roda. O deputado Darc\u00edsio Perondi, grande aliado de Temer, n\u00e3o esconde a estrat\u00e9gia: \u201cOu fazemos a reforma da Previd\u00eancia ou a sa\u00edda ser\u00e1 impostos\u201d, diz.<\/p>\n<p>O trope\u00e7o de Janot I<br \/>\nEm conversas para l\u00e1 de reservadas, advogados e juristas afirmam que o<br \/>\nprocurador-geral da Rep\u00fablica, Rodrigo Janot, jamais poderia ter anunciado em entrevista que far\u00e1 uma nova den\u00fancia contra o presidente Michel Temer com base em dela\u00e7\u00f5es que ainda n\u00e3o foram fechadas oficialmente. Agora, caber\u00e1 ao procurador acelerar o trabalho.<\/p>\n<p>O trope\u00e7o de Janot II<br \/>\nA avalia\u00e7\u00e3o de alguns juristas \u00e9 a de que Janot, ao fazer o an\u00fancio em entrevista \u00e0 Folha de S,Paulo na \u00faltima segunda-feira, tentou capturar a agenda do pa\u00eds, no sentido de parar tudo que est\u00e1 em curso para que se espere o que vem da PGR contra Temer. Den\u00fancia, dizem muitos, n\u00e3o se anuncia. Apenas se apresenta.<\/p>\n<p>Ancine em disputa<br \/>\nA posse do novo ministro da Cultura, S\u00e9rgio S\u00e1 Leit\u00e3o, ainda n\u00e3o foi suficiente para selar a paz na Ancine. Estava tudo certo para que o produtor Christian de Castro assumisse a presid\u00eancia da ag\u00eancia. Por\u00e9m, na \u00faltima semana, aterrissou na Casa Civil a indica\u00e7\u00e3o do procurador da Ancine, Alex Braga, para o posto de comando. Alex \u00e9 ligado ao ex-presidente Manoel Rangel, aquele que incentivou o \u201cfora, Temer\u201d no festival de Cannes. A indica\u00e7\u00e3o, entretanto, \u00e9 atribu\u00edda \u00e0 deputada Soraya Santos (PMDB-RJ).<\/p>\n<p>Servi\u00e7o para ontem<br \/>\nAmanh\u00e3 tem visita \u00e0s obras emergenciais de capta\u00e7\u00e3o da \u00e1gua do Lago Parano\u00e1. O ministro da Integra\u00e7\u00e3o Nacional, Helder Barbalho, e o governador Rodrigo Rollemberg v\u00e3o conferir in loco o investimento de mais de R$ 40 milh\u00f5es da Uni\u00e3o para garantir o abastecimento por aqui. O contrato de execu\u00e7\u00e3o pelo GDF foi assinado em abril. Metade do tempo j\u00e1 se passou.<\/p>\n<p>Time que venceu\u2026<br \/>\n\u2026N\u00e3o se mexe. A estrat\u00e9gia em curso no PMDB \u00e9 entregar a relatoria de uma poss\u00edvel den\u00fancia contra Michel Temer ao deputado Paulo Abi-Ackel (PSDB-MG), que teve o parecer aprovado quando da primeira den\u00fancia.<\/p>\n<p>Sinceridade, s\u00f3 em \u201coff\u201d\/ Pode perguntar a qualquer deputado o que interessa dentro da reforma pol\u00edtica para este ano. Nas declara\u00e7\u00f5es p\u00fablicas entram \u201cmelhorar a pol\u00edtica do pa\u00eds, fidelidade ao voto do eleitor etc\u201d. Nos bastidores, a resposta \u00e9 uma s\u00f3: o fundo para financiar as campanhas. O resto \u00e9 perfumaria.<\/p>\n<p>Revezamento\/ Sem poder acompanhar toda a agenda de Lula no Nordeste, os senadores petistas fizeram uma \u201cescala\u201d: em cada cidade, dois acompanhar\u00e3o o ex-presidente no p\u00e9riplo de 17 de agosto a 4 de setembro.<\/p>\n<p>Enquanto isso, na sala de caf\u00e9&#8230; \/O deputado Her\u00e1clito Fortes contava a quatro ventos a hist\u00f3ria do candidato a prefeito de Miguel Le\u00e3o (PI) que perdeu a elei\u00e7\u00e3o depois que passou<br \/>\na exibir um v\u00eddeo com Lula. Eis que chega o deputado S\u00edlvio Costa,<br \/>\nlulista roxo: \u201cAt\u00e9 parece que a culpa<br \/>\nfoi de Lula\u2026\u201d.<\/p>\n<p>Rodrigo na roda\/ O presidente da Comiss\u00e3o de Constitui\u00e7\u00e3o e Justi\u00e7a da C\u00e2mara, Rodrigo Pacheco (foto), do PMDB de Minas Gerais, \u00e9 o entrevistado de hoje no programa CB.Poder, ao vivo, \u00e0s 13h30, na TV Bras\u00edlia, com transmiss\u00e3o ainda pela p\u00e1gina do Correio Braziliense no Facebook.<\/p>\n","protected":false},"excerpt":{"rendered":"<p>As especula\u00e7\u00f5es sobre aumento do Imposto de Renda da pessoa f\u00edsica com novas faixas de 30% e 35% n\u00e3o surgiram por gera\u00e7\u00e3o espont\u00e2nea. A ideia, apesar dos desmentidos do Planalto sobre o tema, \u00e9 sim colocar o assunto na roda de forma a fazer um alerta \u00e0 base aliada: para os parlamentares aceitarem a reforma da Previd\u00eancia, em especial, o [&hellip;]<\/p>\n","protected":false},"author":29,"featured_media":0,"comment_status":"closed","ping_status":"closed","sticky":false,"template":"","format":"standard","meta":{"footnotes":""},"categories":[4],"tags":[],"class_list":["post-1589","post","type-post","status-publish","format-standard","hentry","category-coluna-brasilia-df"],"_links":{"self":[{"href":"https:\/\/blogs.correiobraziliense.com.br\/denise\/wp-json\/wp\/v2\/posts\/1589","targetHints":{"allow":["GET"]}}],"collection":[{"href":"https:\/\/blogs.correiobraziliense.com.br\/denise\/wp-json\/wp\/v2\/posts"}],"about":[{"href":"https:\/\/blogs.correiobraziliense.com.br\/denise\/wp-json\/wp\/v2\/types\/post"}],"author":[{"embeddable":true,"href":"https:\/\/blogs.correiobraziliense.com.br\/denise\/wp-json\/wp\/v2\/users\/29"}],"replies":[{"embeddable":true,"href":"https:\/\/blogs.correiobraziliense.com.br\/denise\/wp-json\/wp\/v2\/comments?post=1589"}],"version-history":[{"count":1,"href":"https:\/\/blogs.correiobraziliense.com.br\/denise\/wp-json\/wp\/v2\/posts\/1589\/revisions"}],"predecessor-version":[{"id":1590,"href":"https:\/\/blogs.correiobraziliense.com.br\/denise\/wp-json\/wp\/v2\/posts\/1589\/revisions\/1590"}],"wp:attachment":[{"href":"https:\/\/blogs.correiobraziliense.com.br\/denise\/wp-json\/wp\/v2\/media?parent=1589"}],"wp:term":[{"taxonomy":"category","embeddable":true,"href":"https:\/\/blogs.correiobraziliense.com.br\/denise\/wp-json\/wp\/v2\/categories?post=1589"},{"taxonomy":"post_tag","embeddable":true,"href":"https:\/\/blogs.correiobraziliense.com.br\/denise\/wp-json\/wp\/v2\/tags?post=1589"}],"curies":[{"name":"wp","href":"https:\/\/api.w.org\/{rel}","templated":true}]}}