{"id":1544,"date":"2017-07-22T10:05:38","date_gmt":"2017-07-22T13:05:38","guid":{"rendered":"https:\/\/blogs.correiobraziliense.com.br\/denise\/?p=1544"},"modified":"2017-07-22T10:05:38","modified_gmt":"2017-07-22T13:05:38","slug":"um-olho-nos-votos-outro-em-janot","status":"publish","type":"post","link":"https:\/\/blogs.correiobraziliense.com.br\/denise\/um-olho-nos-votos-outro-em-janot\/","title":{"rendered":"Um olho nos votos, outro em Janot"},"content":{"rendered":"<p>&nbsp;<\/p>\n<p>Os estrategistas do governo e aqueles nem t\u00e3o governo assim consideram que o presidente Michel Temer est\u00e1 trabalhando com uma \u201czona de seguran\u00e7a e conforto\u201d ainda irreal em rela\u00e7\u00e3o ao desfecho da crise pol\u00edtica. O aumento de imposto, por exemplo, foi visto como um sinal de que Temer age como se a fatura estivesse liquidada, e n\u00e3o est\u00e1. Enquanto o procurador-geral, Rodrigo Janot, estiver na busca de novas informa\u00e7\u00f5es para fortalecer uma segunda den\u00fancia contra o presidente, todo o cuidado \u00e9 pouco.<\/p>\n<p>***<\/p>\n<p>A percep\u00e7\u00e3o dos parlamentares \u00e9 de que Temer n\u00e3o tem tantos problemas em rela\u00e7\u00e3o ao Congresso porque as pessoas n\u00e3o foram \u00e0s ruas pedir a sa\u00edda dele, como fizeram no ano passado, quando do impeachment da presidente Dilma. Aumento de imposto, entretanto, pode levar a popula\u00e7\u00e3o de volta \u00e0s ruas contra o governo. E, nesse caso, a ampla maioria governista na C\u00e2mara tende a encolher.<\/p>\n<p>O que ele diz<br \/>\nTodas as vezes em que se refere a dela\u00e7\u00f5es do ex-presidente da C\u00e2mara Eduardo Cunha e do doleiro L\u00facio Funaro, o presidente Michel Temer responde \u201crisco zero\u201d de o envolverem em algo escuso. Pode sim, surgir uma reuni\u00e3o aqui, outra acol\u00e1. Por\u00e9m, nada de dinheiro para l\u00e1 e para c\u00e1.<br \/>\nO que muitos apostam<br \/>\nEduardo Cunha n\u00e3o deve ter muito para falar porque, no papel de l\u00edder do PMDB e, depois, de presidente da C\u00e2mara, n\u00e3o era operador. Para completar, a mulher e a filha est\u00e3o praticamente livres. Funaro \u00e9 diferente. Ele mexia com dinheiro e \u00e9 considerado franco-atirador. \u00c9 dele que Janot quer tirar suas flechas.<br \/>\nOnde pega I<br \/>\nA ideia de usar as For\u00e7as Armadas em opera\u00e7\u00f5es de surpresa no Rio de Janeiro est\u00e1 diretamente relacionada \u00e0 reclama\u00e7\u00e3o das tropas. Uma das principais \u00e9 a falta de seguran\u00e7a jur\u00eddica para os militares que, por exemplo, ferirem algum civil.<br \/>\nOnde pega II<br \/>\nNo Haiti, onde os soldados integram for\u00e7a de paz, h\u00e1 o guarda-chuva da ONU, que protege as For\u00e7as de qualquer processo. No Brasil, n\u00e3o h\u00e1 prote\u00e7\u00e3o jur\u00eddica aos militares em a\u00e7\u00f5es de garantia da lei e da ordem. Nos tempos de ocupa\u00e7\u00e3o da favela do Alem\u00e3o, um traficante morreu numa troca de tiros, e soldados do Ex\u00e9rcito responderam criminalmente.<\/p>\n<p>Pr\u00f3ximos cap\u00edtulos\/ O presidente Michel Temer considera encerrado o epis\u00f3dio DEM e vai se dedicar, na pr\u00f3xima semana, a cuidar dos outros partidos com problemas, em especial o PSDB, das declara\u00e7\u00f5es \u00e1cidas, como a de C\u00e1ssio Cunha Lima. H\u00e1 15 dias, Cunha Lima afirmou que, em 15 dias, o pa\u00eds teria um novo presidente. Amigos de Temer brincavam: \u201cEstava certo, afinal, o presidente viajou \u00e0 Argentina\u201d.<\/p>\n<p>A galera pede\/ Pesquisas internas do DEM indicam que 65% dos soteropolitanos apoiam a ren\u00fancia de ACM Neto (foto) ao mandato de prefeito de Salvador. Calma, pessoal! \u00c9 apoio para concorrer ao governo da Bahia em 2018.<\/p>\n<p>Vamos ver\/ A todos que perguntam se ACM Neto ser\u00e1 mesmo candidato ao governo estadual, ele responde que ainda tem tempo para decidir, leia-se, clarear o cen\u00e1rio. \u201cN\u00e3o darei um salto numa piscina sem \u00e1gua\u201d, disse o prefeito a um amigo.<\/p>\n<p>Fim das quadrilhas\/ No Minist\u00e9rio P\u00fablico h\u00e1 quem diga que as quadrilhas de S\u00e3o Jo\u00e3o ficaram para tr\u00e1s, assim como a den\u00fancia que o procurador- geral, Rodrigo Janot, planejava fazer contra Michel Temer. Isso porque, s\u00f3 com Funaro, sem Eduardo Cunha, Rodrigo Rocha Loures e outros, n\u00e3o h\u00e1 como acusar Temer por forma\u00e7\u00e3o de quadrilha.<\/p>\n","protected":false},"excerpt":{"rendered":"<p>&nbsp; Os estrategistas do governo e aqueles nem t\u00e3o governo assim consideram que o presidente Michel Temer est\u00e1 trabalhando com uma \u201czona de seguran\u00e7a e conforto\u201d ainda irreal em rela\u00e7\u00e3o ao desfecho da crise pol\u00edtica. O aumento de imposto, por exemplo, foi visto como um sinal de que Temer age como se a fatura estivesse liquidada, e n\u00e3o est\u00e1. Enquanto [&hellip;]<\/p>\n","protected":false},"author":29,"featured_media":0,"comment_status":"closed","ping_status":"closed","sticky":false,"template":"","format":"standard","meta":{"footnotes":""},"categories":[4],"tags":[],"class_list":["post-1544","post","type-post","status-publish","format-standard","hentry","category-coluna-brasilia-df"],"_links":{"self":[{"href":"https:\/\/blogs.correiobraziliense.com.br\/denise\/wp-json\/wp\/v2\/posts\/1544","targetHints":{"allow":["GET"]}}],"collection":[{"href":"https:\/\/blogs.correiobraziliense.com.br\/denise\/wp-json\/wp\/v2\/posts"}],"about":[{"href":"https:\/\/blogs.correiobraziliense.com.br\/denise\/wp-json\/wp\/v2\/types\/post"}],"author":[{"embeddable":true,"href":"https:\/\/blogs.correiobraziliense.com.br\/denise\/wp-json\/wp\/v2\/users\/29"}],"replies":[{"embeddable":true,"href":"https:\/\/blogs.correiobraziliense.com.br\/denise\/wp-json\/wp\/v2\/comments?post=1544"}],"version-history":[{"count":1,"href":"https:\/\/blogs.correiobraziliense.com.br\/denise\/wp-json\/wp\/v2\/posts\/1544\/revisions"}],"predecessor-version":[{"id":1545,"href":"https:\/\/blogs.correiobraziliense.com.br\/denise\/wp-json\/wp\/v2\/posts\/1544\/revisions\/1545"}],"wp:attachment":[{"href":"https:\/\/blogs.correiobraziliense.com.br\/denise\/wp-json\/wp\/v2\/media?parent=1544"}],"wp:term":[{"taxonomy":"category","embeddable":true,"href":"https:\/\/blogs.correiobraziliense.com.br\/denise\/wp-json\/wp\/v2\/categories?post=1544"},{"taxonomy":"post_tag","embeddable":true,"href":"https:\/\/blogs.correiobraziliense.com.br\/denise\/wp-json\/wp\/v2\/tags?post=1544"}],"curies":[{"name":"wp","href":"https:\/\/api.w.org\/{rel}","templated":true}]}}