{"id":1533,"date":"2017-07-18T08:19:29","date_gmt":"2017-07-18T11:19:29","guid":{"rendered":"https:\/\/blogs.correiobraziliense.com.br\/denise\/?p=1533"},"modified":"2017-07-18T16:55:17","modified_gmt":"2017-07-18T19:55:17","slug":"causa-efeito","status":"publish","type":"post","link":"https:\/\/blogs.correiobraziliense.com.br\/denise\/causa-efeito\/","title":{"rendered":"Causa &amp; efeito"},"content":{"rendered":"<p dir=\"ltr\">\n<p>\u00a0 \u00a0 \u00a0O relat\u00f3rio do deputado Paulo Abi-Ackel (PSDB-MG), tido como um gesto de coragem, firmeza e lealdade em defesa do presidente Michel Temer, fortaleceu a posi\u00e7\u00e3o dos ministros tucanos e, ainda, do governador de Goi\u00e1s, Marconi Perillo, para presidir o PSDB. Governistas do partido n\u00e3o est\u00e3o dispostos a entregar a presid\u00eancia da legenda ao senador Tasso Jereissati, que tentou levar o PSDB a um afastamento definitivo do governo Temer. Preferem algu\u00e9m mais ao centro, caso de Perillo, que n\u00e3o chega a ser o maior aliado do Planalto, por\u00e9m n\u00e3o \u00e9 t\u00e3o oposicionista quanto Tasso. \u00c9 por a\u00ed que os tucanos v\u00e3o afinar o discurso para troca de comando da sigla.<\/p>\n<p>&nbsp;<\/p>\n<p>Ent\u00e3o, ficamos assim<\/p>\n<p dir=\"ltr\">\u00a0\u00a0Dentro da base do governo no Congresso prevalece o seguinte racioc\u00ednio: A C\u00e2mara rejeitou a autoriza\u00e7\u00e3o para processar Michel Temer. Os insatisfeitos que se mobilizem para vota\u00e7\u00e3o em plen\u00e1rio.<\/p>\n<p>&nbsp;<\/p>\n<p>Tese para unir<\/p>\n<p dir=\"ltr\">\u00a0\u00a0Integrantes do PSB, do PPS, do DEM e at\u00e9 do PSD come\u00e7aram a elaborar um documento a ser apresentado em agosto como esp\u00e9cie de manifesto de um novo partido. V\u00e3o entrar no documento o fim do presidencialismo de coaliz\u00e3o e a necessidade de reformas para dar estabilidade econ\u00f4mica ao pa\u00eds.<\/p>\n<p>&nbsp;<\/p>\n<p dir=\"ltr\">Nome para animar<\/p>\n<p dir=\"ltr\">\u00a0\u00a0\u00a0O grupo de deputados que trabalha a tese do novo partido pretende aproveitar o per\u00edodo de recesso para ir a Salvador, fazer uma visita ao prefeito ACM Neto, que hoje est\u00e1 muito bem avaliado e apontado como pr\u00e9-candidato ao governo da Bahia em 2018.<\/p>\n<p>&nbsp;<\/p>\n<p>Por falar em ACM Neto\u2026<\/p>\n<p dir=\"ltr\">\u00a0\u00a0\u00a0O prefeito tem chamado a aten\u00e7\u00e3o dos caciques do sistema financeiro. Roberto Set\u00fabal, do Ita\u00fa, por exemplo, tem perguntado a seus amigos da pol\u00edtica quais as perspectivas de ACM Neto voltar ao papel de player nacional. O prefeito soteropolitano \u00e9, sem d\u00favida, um nome a ser observado.<\/p>\n<p>&nbsp;<\/p>\n<p dir=\"ltr\">#Ficaadica<\/p>\n<p dir=\"ltr\">\u00a0\u00a0\u00a0O pronunciamento do presidente Michel Temer nas redes sociais refor\u00e7ou a ideia de que, se brincar, o governo vai investir a partir de agora na reforma tribut\u00e1ria, deixando a previdenci\u00e1ria mais para frente. Afinal, no in\u00edcio do ano era voz corrente na equipe de Michel Temer que a tribut\u00e1ria s\u00f3 chegaria ao Congresso depois de votada a previdenci\u00e1ria. Tudo para n\u00e3o embolar todos os assuntos.<\/p>\n<p>&nbsp;<\/p>\n<p dir=\"ltr\">CURTIDAS<\/p>\n<p>&nbsp;<\/p>\n<p dir=\"ltr\">Tempo de descansar\/ A maioria dos deputados aproveita o recesso para sair de circula\u00e7\u00e3o. A ordem por esses dias \u00e9 passear com a fam\u00edlia e ficar, de prefer\u00eancia, longe das bases. Ano que vem tem elei\u00e7\u00e3o e essas f\u00e9rias s\u00e3o as \u00fanicas que eles podem tirar com calma. Janeiro de 2018 j\u00e1 ser\u00e1 a hora de preparar a campanha.<\/p>\n<p>&nbsp;<\/p>\n<p dir=\"ltr\">S\u00e3o todos Brasil\/ No Planalto, repete-se o mantra \u201cn\u00e3o temos aliados fisiol\u00f3gicos, s\u00f3 temos deputados que pensam no Brasil\u201d. Ali\u00e1s, inclui-se a\u00ed o PTB, que tem uma bancada indicando para a Cultura a deputada Cristiane\u2026. Brasil.<\/p>\n<p>&nbsp;<\/p>\n<p dir=\"ltr\">Jardim &amp; Janot\/ O ministro da Justi\u00e7a, Torquato Jardim passa uns dias nos Estados Unidos. Em Washington, assina acordo de coopera\u00e7\u00e3o na \u00e1rea de tecnologia para integra\u00e7\u00e3o das comunica\u00e7\u00f5es entre as for\u00e7as de seguran\u00e7a p\u00fablica. De l\u00e1, segue para Nova Iorque, onde participa de reuni\u00e3o sobre refugiados e imigrantes. Periga cruzar com o procurador-geral da Rep\u00fablica, Rodrigo Janot, que est\u00e1 na cidade essa semana.<\/p>\n<p>&nbsp;<\/p>\n<p dir=\"ltr\">Bom para todos\/ A decis\u00e3o de Alessandro Mol\u00f3n (Rede-RJ), de representar contra o governo por compra de deputados na Comiss\u00e3o de Constitui\u00e7\u00e3o e Justi\u00e7a, levou os governistas a juntarem os documentos capazes de mostrar que hoje n\u00e3o cabe ao Poder Executivo segurar emendas do deputado A ou B. Essa parte est\u00e1 dentro do or\u00e7amento impositivo.<\/p>\n<div class=\"yj6qo ajU\">\n<div id=\":13z\" class=\"ajR\"><img decoding=\"async\" class=\"ajT\" src=\"https:\/\/ssl.gstatic.com\/ui\/v1\/icons\/mail\/images\/cleardot.gif\" alt=\"\" \/><\/div>\n<\/div>\n","protected":false},"excerpt":{"rendered":"<p>\u00a0 \u00a0 \u00a0O relat\u00f3rio do deputado Paulo Abi-Ackel (PSDB-MG), tido como um gesto de coragem, firmeza e lealdade em defesa do presidente Michel Temer, fortaleceu a posi\u00e7\u00e3o dos ministros tucanos e, ainda, do governador de Goi\u00e1s, Marconi Perillo, para presidir o PSDB. Governistas do partido n\u00e3o est\u00e3o dispostos a entregar a presid\u00eancia da legenda ao senador Tasso Jereissati, que tentou [&hellip;]<\/p>\n","protected":false},"author":29,"featured_media":0,"comment_status":"closed","ping_status":"closed","sticky":false,"template":"","format":"standard","meta":{"footnotes":""},"categories":[4],"tags":[],"class_list":["post-1533","post","type-post","status-publish","format-standard","hentry","category-coluna-brasilia-df"],"_links":{"self":[{"href":"https:\/\/blogs.correiobraziliense.com.br\/denise\/wp-json\/wp\/v2\/posts\/1533","targetHints":{"allow":["GET"]}}],"collection":[{"href":"https:\/\/blogs.correiobraziliense.com.br\/denise\/wp-json\/wp\/v2\/posts"}],"about":[{"href":"https:\/\/blogs.correiobraziliense.com.br\/denise\/wp-json\/wp\/v2\/types\/post"}],"author":[{"embeddable":true,"href":"https:\/\/blogs.correiobraziliense.com.br\/denise\/wp-json\/wp\/v2\/users\/29"}],"replies":[{"embeddable":true,"href":"https:\/\/blogs.correiobraziliense.com.br\/denise\/wp-json\/wp\/v2\/comments?post=1533"}],"version-history":[{"count":1,"href":"https:\/\/blogs.correiobraziliense.com.br\/denise\/wp-json\/wp\/v2\/posts\/1533\/revisions"}],"predecessor-version":[{"id":1534,"href":"https:\/\/blogs.correiobraziliense.com.br\/denise\/wp-json\/wp\/v2\/posts\/1533\/revisions\/1534"}],"wp:attachment":[{"href":"https:\/\/blogs.correiobraziliense.com.br\/denise\/wp-json\/wp\/v2\/media?parent=1533"}],"wp:term":[{"taxonomy":"category","embeddable":true,"href":"https:\/\/blogs.correiobraziliense.com.br\/denise\/wp-json\/wp\/v2\/categories?post=1533"},{"taxonomy":"post_tag","embeddable":true,"href":"https:\/\/blogs.correiobraziliense.com.br\/denise\/wp-json\/wp\/v2\/tags?post=1533"}],"curies":[{"name":"wp","href":"https:\/\/api.w.org\/{rel}","templated":true}]}}