{"id":1524,"date":"2017-07-13T09:53:16","date_gmt":"2017-07-13T12:53:16","guid":{"rendered":"https:\/\/blogs.correiobraziliense.com.br\/denise\/?p=1524"},"modified":"2017-07-13T11:55:43","modified_gmt":"2017-07-13T14:55:43","slug":"casou-direitinho","status":"publish","type":"post","link":"https:\/\/blogs.correiobraziliense.com.br\/denise\/casou-direitinho\/","title":{"rendered":"&#8220;Casou&#8221; direitinho"},"content":{"rendered":"<p>Deputados da base do governo t\u00eam encontro marcado para amanh\u00e3 \u00e0 noite em Curitiba. Calma, pessoal! N\u00e3o \u00e9 na carceragem da Pol\u00edcia Federal. \u00c9 o casamento de Maria Victoria, filha do ministro da Sa\u00fade, Ricardo Barros, que acabou coincidindo com a data prevista para votar, no plen\u00e1rio da C\u00e2mara, a autoriza\u00e7\u00e3o para que Michel Temer responda a processo por suspeita de corrup\u00e7\u00e3o passiva. A cerim\u00f4nia serviu como uma luva \u00e0queles deputados que est\u00e3o com o presidente, mas n\u00e3o querem mostrar a cara na hora de registrar o voto no painel, ou seja, v\u00e3o registrar presen\u00e7a, mas n\u00e3o votar\u00e3o. Ontem, uns 20 disseram \u00e0 coluna que \u201cfaltar ao casamento seria uma desfeita muito grande com o ministro\u201d.<br \/>\nO qu\u00f3rum, ali\u00e1s, \u00e9 hoje o maior obst\u00e1culo para o governo resolver de vez essa primeira den\u00fancia. Chegou ao gabinete do presidente Michel Temer um parecer da Comiss\u00e3o de Constitui\u00e7\u00e3o e Justi\u00e7a da C\u00e2mara, de 1992, que considera terminada a vota\u00e7\u00e3o de uma emenda constitucional apenas se houver, pelo menos, 302 votos registrados no painel (na \u00e9poca, tr\u00eas quintos eram 302, hoje s\u00e3o 308). No caso da den\u00fancia, a vota\u00e7\u00e3o s\u00f3 ser\u00e1 considerada conclu\u00edda depois que pelo menos 342 (dois ter\u00e7os da Casa) parlamentares registrarem o voto. Logo, para votar agora \u00e9 preciso que 342 se manifestem. Se a oposi\u00e7\u00e3o resolver obstruir, caber\u00e1 ao governo colocar n\u00famero no plen\u00e1rio da Casa para assegurar o pleito. Se depender da turma que vai ao casamento, adeus vota\u00e7\u00e3o nesta semana.<\/p>\n<p>Enquanto uns querem separar&#8230;<\/p>\n<p>Depois das juras de fidelidade do PMDB e do PSD a Michel Temer, deputados e senadores contavam ontem \u00e0 tarde com a sobreviv\u00eancia do governo e come\u00e7avam a trabalhar o p\u00f3s-vota\u00e7\u00e3o e n\u00e3o o p\u00f3s-Temer. \u00c9 preciso aproveitar julho para encontrar mecanismos capazes de proteger a recupera\u00e7\u00e3o econ\u00f4mica das turbul\u00eancias pol\u00edticas. Essa \u00e9, por exemplo, a conclus\u00e3o do PPS.<\/p>\n<p>\u2026 Outros querem unir<\/p>\n<p>Falta combinar com Michel Temer e com os peemedebistas. Hoje, na solenidade de san\u00e7\u00e3o da reforma trabalhista, o presidente planeja lembrar, mais uma vez, que a economia s\u00f3 se recuperou um pouco gra\u00e7as ao seu governo. E, para usar uma express\u00e3o que ficou famosa, \u00e9 preciso manter isso, viu?<\/p>\n<p>Ruim para todos<\/p>\n<p>A condena\u00e7\u00e3o de Lula vai dividir o esfor\u00e7o do PT, que estava todo concentrado em atacar Michel Temer. Por\u00e9m, avaliam os governistas, no m\u00e9dio prazo, isso n\u00e3o beneficia ningu\u00e9m, porque s\u00f3 acirra o clima de \u00f3dio entre os atores pol\u00edticos.<\/p>\n<p>Menos press\u00e3o sobre o governo<\/p>\n<p>Com Geddel Vieira Lima solto, avaliam alguns petistas, o procurador Rodrigo Janot perde mais um candidato \u00e0 dela\u00e7\u00e3o. E com Raquel Dodge j\u00e1 confirmada pelo plen\u00e1rio do Senado, a procuradoria vai se dividir.<\/p>\n<p>Enquanto isso, nas ruas&#8230;<br \/>\nParte da turma que apoiou o impeachment ocupou as cal\u00e7adas para comemorar a condena\u00e7\u00e3o de Lula. O PT promete sair para apoiar seu maior l\u00edder. Talvez esteja a\u00ed o embri\u00e3o de novas manifesta\u00e7\u00f5es. Enquanto isso, Michel Temer vai levando o governo de fininho.<\/p>\n<p>Janot \u201cde boa\u201d\/ O procurador-geral da Rep\u00fablica, Rodrigo Janot, n\u00e3o tem muito do que reclamar da vida. Ontem, j\u00e1 passava das 15h e ele continuava no almo\u00e7o, tomando um bom vinho tinto num restaurante portugu\u00eas.<\/p>\n<p>(Arthur Menescal\/Esp. CB\/D.A Press &#8211; 8\/3\/17)<\/p>\n<p>Feira livre I\/ Os deputados precisam tomar cada vez mais cuidado quando fazem perguntas em seus discursos. A deputada \u00c9rika Kokay (foto), do PT-DF, ao mencionar as mazelas do pa\u00eds, indagou, \u201cquem \u00e9 o culpado?\u201d Na hora, o plen\u00e1rio respondeu: \u201c\u00c9 o PT!\u201d, \u201c\u00e9 o Lula!\u201d, \u201c\u00e9 a Dilma!\u201d.<\/p>\n<p>Feira livre II\/ O PT deu o troco quando o deputado Darc\u00edsio Perondi foi \u00e0 tribuna defender o presidente Michel Temer. \u201cTemos um novo produto para a cara de pau: \u00f3leo de Perondi!\u201d, gritou um petista.<\/p>\n<p>Cristovam &amp; Rollemberg\/<br \/>\nEm conversa em seu gabinete com o governador Rodrigo Rollemberg,<br \/>\no senador Cristovam Buarque foi direto quando comentou sobre 2018: \u201cFique tranquilo, que eu n\u00e3o serei candidato no ano que vem\u201d. Eis que Rollemberg, com um sorriso, respondeu: \u201cSe voc\u00ea fosse, teria o meu apoio&#8221;<\/p>\n<p>&nbsp;<\/p>\n","protected":false},"excerpt":{"rendered":"<p>Deputados da base do governo t\u00eam encontro marcado para amanh\u00e3 \u00e0 noite em Curitiba. Calma, pessoal! N\u00e3o \u00e9 na carceragem da Pol\u00edcia Federal. \u00c9 o casamento de Maria Victoria, filha do ministro da Sa\u00fade, Ricardo Barros, que acabou coincidindo com a data prevista para votar, no plen\u00e1rio da C\u00e2mara, a autoriza\u00e7\u00e3o para que Michel Temer responda a processo por suspeita [&hellip;]<\/p>\n","protected":false},"author":29,"featured_media":0,"comment_status":"closed","ping_status":"closed","sticky":false,"template":"","format":"standard","meta":{"footnotes":""},"categories":[4],"tags":[],"class_list":["post-1524","post","type-post","status-publish","format-standard","hentry","category-coluna-brasilia-df"],"_links":{"self":[{"href":"https:\/\/blogs.correiobraziliense.com.br\/denise\/wp-json\/wp\/v2\/posts\/1524","targetHints":{"allow":["GET"]}}],"collection":[{"href":"https:\/\/blogs.correiobraziliense.com.br\/denise\/wp-json\/wp\/v2\/posts"}],"about":[{"href":"https:\/\/blogs.correiobraziliense.com.br\/denise\/wp-json\/wp\/v2\/types\/post"}],"author":[{"embeddable":true,"href":"https:\/\/blogs.correiobraziliense.com.br\/denise\/wp-json\/wp\/v2\/users\/29"}],"replies":[{"embeddable":true,"href":"https:\/\/blogs.correiobraziliense.com.br\/denise\/wp-json\/wp\/v2\/comments?post=1524"}],"version-history":[{"count":1,"href":"https:\/\/blogs.correiobraziliense.com.br\/denise\/wp-json\/wp\/v2\/posts\/1524\/revisions"}],"predecessor-version":[{"id":1530,"href":"https:\/\/blogs.correiobraziliense.com.br\/denise\/wp-json\/wp\/v2\/posts\/1524\/revisions\/1530"}],"wp:attachment":[{"href":"https:\/\/blogs.correiobraziliense.com.br\/denise\/wp-json\/wp\/v2\/media?parent=1524"}],"wp:term":[{"taxonomy":"category","embeddable":true,"href":"https:\/\/blogs.correiobraziliense.com.br\/denise\/wp-json\/wp\/v2\/categories?post=1524"},{"taxonomy":"post_tag","embeddable":true,"href":"https:\/\/blogs.correiobraziliense.com.br\/denise\/wp-json\/wp\/v2\/tags?post=1524"}],"curies":[{"name":"wp","href":"https:\/\/api.w.org\/{rel}","templated":true}]}}