{"id":1485,"date":"2017-06-28T07:00:09","date_gmt":"2017-06-28T10:00:09","guid":{"rendered":"https:\/\/blogs.correiobraziliense.com.br\/denise\/?p=1485"},"modified":"2017-06-28T18:05:39","modified_gmt":"2017-06-28T21:05:39","slug":"nem-vem-nicolao","status":"publish","type":"post","link":"https:\/\/blogs.correiobraziliense.com.br\/denise\/nem-vem-nicolao\/","title":{"rendered":"Nem vem, Nicolao!"},"content":{"rendered":"<p>Nicolao Dino pode se preparar. Desta vez, o mais votado da lista tr\u00edplice da Procuradoria-Geral da Rep\u00fablica n\u00e3o assumir\u00e1 o cargo de procurador-geral. No Planalto, a an\u00e1lise \u00e9 de que o desgaste do presidente Michel Temer \u00e9 de tal monta que respeitar a lista ou n\u00e3o ser\u00e1 indiferente. Se for para escolher algu\u00e9m dos tr\u00eas candidatos, ficar\u00e1 com Raquel Dodge. A indica\u00e7\u00e3o, entretanto, n\u00e3o deve demorar. Tudo para ver se transforma Rodrigo Janot em rei posto.<\/p>\n<p>Na boca das<br \/>\nexcel\u00eancias<\/p>\n<p>Nenhum deputado pareceu surpreso diante da compara\u00e7\u00e3o que Michel Temer fez ao citar que acus\u00e1-lo de receber os R$ 500 mil de Rocha Loures seria o mesmo que dizer que o ex-procurador Marcelo Miller dividiu os milh\u00f5es que ganhou do grupo JBS com o \u201cchefe\u201d (Rodrigo Janot). Entre os parlamentares, muitos mencionavam isso \u00e0 boca pequena h\u00e1, pelo menos, tr\u00eas semanas.<\/p>\n<p>Sentiu o golpe<\/p>\n<p>A nota que o procurador-geral da Rep\u00fablica, Rodrigo Janot, divulgou ontem no fim da tarde foi vista no Planalto como um sinal de que Michel Temer conseguiu, finalmente, coloc\u00e1-lo na defensiva.<\/p>\n<p>Duelo em curso<\/p>\n<p>Mal Michel Temer acabou seu pronunciamento ontem, e o procurador-geral da Rep\u00fablica, \u00a0Rodrigo Janot, ingressou com uma a\u00e7\u00e3o de inconstitucionalidade contra a lei que regulamenta a terceiriza\u00e7\u00e3o. \u00c9 cada \u00a0um jogando com as armas que tem.<\/p>\n<p>Imagina na Copa!<\/p>\n<p>Se a reforma trabalhista, proposta que exige maioria simples, est\u00e1 dando tanto trabalho para o governo entre os senadores, a previdenci\u00e1ria tende a ficar em banho-maria. Pelo menos, at\u00e9 2019. Os deputados s\u00f3 querem votar a emenda da Previd\u00eancia quando houver clima para \u00a0aprov\u00e1-la no Senado.<\/p>\n<p>Cont\u00e1gio<br \/>\neleitoral<\/p>\n<p>O senador Eduardo Braga, candidato a governador do Amazonas, aproveitar\u00e1 hoje a leitura de seu voto em separado na reforma trabalhista para refor\u00e7ar as cr\u00edticas ao governo Temer. \u201cO que tem se verificado \u00e9 a completa submiss\u00e3o do trabalhador aos interesses do empresariado\u201d, diz.<\/p>\n<p>\u00c9 o chefe da conspira\u00e7\u00e3o contra<br \/>\no pa\u00eds. Merecia o impeachment!\u201d<\/p>\n<p>Do ex-presidente do PFL Jorge Bornhausen, referindo-se ao<br \/>\nprocurador-geral da Rep\u00fablica, Rodrigo Janot, engrossando o coro dos governistas<\/p>\n<p>House of Brazil\/ Deputados comparavam ontem a famosa s\u00e9rie House of cards com a realidade da pol\u00edtica nacional. Na fic\u00e7\u00e3o, Frank Underwood parece planejar tudo a seu favor. No dia a dia em Bras\u00edlia, est\u00e1 tudo na base do improviso.<\/p>\n<p>Duelo\/ Depois de Michel Temer versus Rodrigo Janot, foi a vez de Renan Calheiros (foto) puxar o sabre contra o l\u00edder do governo, Romero Juc\u00e1: \u201cO erro do presidente Temer foi pensar que poderia governar o Brasil influenciado por um presidi\u00e1rio de Curitiba\u201d. Juc\u00e1 n\u00e3o respondeu.<\/p>\n<p>E a galera deliiiiraaaa!\/ H\u00e1 tempos, Renan Calheiros n\u00e3o era t\u00e3o elogiado pela oposi\u00e7\u00e3o. O l\u00edder do PT, Lindbergh Farias, se referiu a Renan como um dos maiores l\u00edderes da Casa. Randolfe Rodrigues, da Rede, idem.<\/p>\n<p>Quest\u00e3o de \u00e2ngulo\/ Sempre atentos ao cen\u00e1rio, alguns fot\u00f3grafos ontem no Planalto buscavam um quadro que n\u00e3o aparecesse quem estivesse respondendo a algum imbr\u00f3glio na Justi\u00e7a. Dif\u00edcil. Na plateia de parlamentares que assistiu in loco ao pronunciamento de Michel Temer, a maioria tem contas a acertar ou se sente perseguido pelo Minist\u00e9rio P\u00fablico.<\/p>\n","protected":false},"excerpt":{"rendered":"<p>Nicolao Dino pode se preparar. Desta vez, o mais votado da lista tr\u00edplice da Procuradoria-Geral da Rep\u00fablica n\u00e3o assumir\u00e1 o cargo de procurador-geral. No Planalto, a an\u00e1lise \u00e9 de que o desgaste do presidente Michel Temer \u00e9 de tal monta que respeitar a lista ou n\u00e3o ser\u00e1 indiferente. Se for para escolher algu\u00e9m dos tr\u00eas candidatos, ficar\u00e1 com Raquel Dodge. [&hellip;]<\/p>\n","protected":false},"author":29,"featured_media":0,"comment_status":"closed","ping_status":"closed","sticky":false,"template":"","format":"standard","meta":{"footnotes":""},"categories":[4],"tags":[],"class_list":["post-1485","post","type-post","status-publish","format-standard","hentry","category-coluna-brasilia-df"],"_links":{"self":[{"href":"https:\/\/blogs.correiobraziliense.com.br\/denise\/wp-json\/wp\/v2\/posts\/1485","targetHints":{"allow":["GET"]}}],"collection":[{"href":"https:\/\/blogs.correiobraziliense.com.br\/denise\/wp-json\/wp\/v2\/posts"}],"about":[{"href":"https:\/\/blogs.correiobraziliense.com.br\/denise\/wp-json\/wp\/v2\/types\/post"}],"author":[{"embeddable":true,"href":"https:\/\/blogs.correiobraziliense.com.br\/denise\/wp-json\/wp\/v2\/users\/29"}],"replies":[{"embeddable":true,"href":"https:\/\/blogs.correiobraziliense.com.br\/denise\/wp-json\/wp\/v2\/comments?post=1485"}],"version-history":[{"count":1,"href":"https:\/\/blogs.correiobraziliense.com.br\/denise\/wp-json\/wp\/v2\/posts\/1485\/revisions"}],"predecessor-version":[{"id":1486,"href":"https:\/\/blogs.correiobraziliense.com.br\/denise\/wp-json\/wp\/v2\/posts\/1485\/revisions\/1486"}],"wp:attachment":[{"href":"https:\/\/blogs.correiobraziliense.com.br\/denise\/wp-json\/wp\/v2\/media?parent=1485"}],"wp:term":[{"taxonomy":"category","embeddable":true,"href":"https:\/\/blogs.correiobraziliense.com.br\/denise\/wp-json\/wp\/v2\/categories?post=1485"},{"taxonomy":"post_tag","embeddable":true,"href":"https:\/\/blogs.correiobraziliense.com.br\/denise\/wp-json\/wp\/v2\/tags?post=1485"}],"curies":[{"name":"wp","href":"https:\/\/api.w.org\/{rel}","templated":true}]}}