{"id":1445,"date":"2017-06-01T07:02:10","date_gmt":"2017-06-01T10:02:10","guid":{"rendered":"https:\/\/blogs.correiobraziliense.com.br\/denise\/?p=1445"},"modified":"2017-06-01T20:22:48","modified_gmt":"2017-06-01T23:22:48","slug":"pos-leniencia-turbulencia","status":"publish","type":"post","link":"https:\/\/blogs.correiobraziliense.com.br\/denise\/pos-leniencia-turbulencia\/","title":{"rendered":"P\u00f3s-leni\u00eancia, turbul\u00eancia"},"content":{"rendered":"<p>O grupo J&amp;F pode ter recebido o que os m\u00e9dicos costumam chamar de \u201cvisita da sa\u00fade\u201d, com o vantajoso acordo de leni\u00eancia que ajudou a subir a cota\u00e7\u00e3o das a\u00e7\u00f5es de empresas do grupo na Bolsa de Valores. \u00c9 que procuradores afirmam j\u00e1 ter elementos para dizer que a companhia ter\u00e1 que responder por informa\u00e7\u00e3o privilegiada por ganhos obtidos quando do vazamento da grava\u00e7\u00e3o da conversa de Joesley Batista com o presidente Michel temer.<\/p>\n<p>S\u00f3 tem um probleminha: a dupla Joesley e Wesley sempre poder\u00e1 dizer que \u201cn\u00e3o sabia de nada\u201d a respeito da aplica\u00e7\u00e3o no mercado de c\u00e2mbio, mas a empresa ter\u00e1 que responder. Ou seja, os problemas da JBS est\u00e3o longe de terminar com a dela\u00e7\u00e3o.<\/p>\n<p>E o Palocci, hein?<br \/>\nO pedido de pris\u00e3o domiciliar para o ex-ministro Antonio Palocci, justamente, \u00e0s v\u00e9speras do Congresso do PT foi lido por setores do partido como um recado do tipo, \u201cme aguardem\u201d.<\/p>\n<p>Temer respira&#8230;<br \/>\nA avalia\u00e7\u00e3o dos pol\u00edticos \u00e9 a de que a situa\u00e7\u00e3o pol\u00edtica do presidente Michel Temer \u00e9 muito melhor hoje do que ontem. A cada dia a sua afli\u00e7\u00e3o.<\/p>\n<p>\u2026 apesar dos pesares<br \/>\nA coluna quis saber dos ministros e l\u00edderes aliados do presidente qual o maior imponder\u00e1vel que Temer precisa enfrentar hoje para atravessar esse per\u00edodo. A maioria n\u00e3o tem d\u00favidas. \u00c9 o ex-deputado Rodrigo Rocha Loures, filmado carregando uma mala com<br \/>\nR$ 500 mil.<\/p>\n<p>Distrit\u00e3o<br \/>\nEnquanto a Comiss\u00e3o de Constitui\u00e7\u00e3o e Justi\u00e7a do Senado faz andar a elei\u00e7\u00e3o direta em caso de vac\u00e2ncia da presid\u00eancia da Rep\u00fablica, a C\u00e2mara realiza consultas sobre a reforma pol\u00edtica. Come\u00e7a a se formar um consenso entre os deputados de que a melhor sa\u00edda para eles hoje \u00e9 o distrit\u00e3o (onde os mais votados s\u00e3o eleitos). \u00c9 mais f\u00e1cil de o eleitor entender e, para completar, h\u00e1 quem jure que ajudar\u00e1 muitos congressistas hoje, por causa dos votos do interior.<\/p>\n<p>Aposta<br \/>\nRepresentantes de peso do mercado financeiro apostavam ontem \u00e0 tarde na queda de um ponto percentual nos juros. E por um motivo muito simples: 0,75 e 1,25 s\u00e3o patamares que podem requerer algum tipo de explica\u00e7\u00e3o. Um ponto ficava no meio termo. Bingo!<\/p>\n<p>Ele n\u00e3o perde o humor\/ Se tem algo que caracteriza o l\u00edder do governo no Senado, Romero Juc\u00e1 (foto), \u00e9 a capacidade de rir de si mesmo. Ele se referiu assim a quem perguntava a ele sobre elei\u00e7\u00e3o direta j\u00e1: \u201c\u00c9 para derrubar o pr\u00f3ximo. Se vier um doidinho, com um vice doido, j\u00e1 teremos a elei\u00e7\u00e3o direta. O Michel, obviamente, vai terminar o mandato\u201d, afirmou Romero.<\/p>\n<p>Por falar em Juc\u00e1&#8230;\/ Numa r\u00e1pida conversa no Planalto, Juc\u00e1 tinha acabado de dizer a um grupo de jornalistas que n\u00e3o mexia \u201ccom essa hist\u00f3ria de cargo\u201d. Eis que um homem se aproxima e vai logo agradecendo: \u201cSenador, obrigado, viu? Aquelas pessoas que o senhor indicou j\u00e1 est\u00e3o trabalhando\u201d.<\/p>\n<p>E em diretas&#8230;\/ O senador Raimundo Lira (PMDB-PB) n\u00e3o titubeou ao explicar por que a CCJ aprovou a elei\u00e7\u00e3o direta em caso de vac\u00e2ncia da Presid\u00eancia da Rep\u00fablica: \u201cSabe como \u00e9, \u00e0s vezes a Casa vota por press\u00e3o popular. Eu defendi elei\u00e7\u00e3o indireta, que \u00e9 a que est\u00e1 na Constitui\u00e7\u00e3o\u201d.<\/p>\n<p>Enquanto isso, no Planalto&#8230;\/ Ministros do Tribunal Superior Eleitoral (TSE) preferiram ficar distantes da solenidade de posse do ministro Torquato Jardim. N\u00e3o \u00e9 momento de desfilar nos sal\u00f5es palacianos.<\/p>\n<p>Olho vivo\/ Deputados enroscados em processos da Lava-Jato acompanharam, da sala de caf\u00e9 do plen\u00e1rio, os votos dos ministros sobre a restri\u00e7\u00e3o do foro privilegiado. \u00c9 a preocupa\u00e7\u00e3o da maioria no momento.<\/p>\n","protected":false},"excerpt":{"rendered":"<p>O grupo J&amp;F pode ter recebido o que os m\u00e9dicos costumam chamar de \u201cvisita da sa\u00fade\u201d, com o vantajoso acordo de leni\u00eancia que ajudou a subir a cota\u00e7\u00e3o das a\u00e7\u00f5es de empresas do grupo na Bolsa de Valores. \u00c9 que procuradores afirmam j\u00e1 ter elementos para dizer que a companhia ter\u00e1 que responder por informa\u00e7\u00e3o privilegiada por ganhos obtidos quando [&hellip;]<\/p>\n","protected":false},"author":29,"featured_media":0,"comment_status":"closed","ping_status":"closed","sticky":false,"template":"","format":"standard","meta":{"footnotes":""},"categories":[4],"tags":[],"class_list":["post-1445","post","type-post","status-publish","format-standard","hentry","category-coluna-brasilia-df"],"_links":{"self":[{"href":"https:\/\/blogs.correiobraziliense.com.br\/denise\/wp-json\/wp\/v2\/posts\/1445","targetHints":{"allow":["GET"]}}],"collection":[{"href":"https:\/\/blogs.correiobraziliense.com.br\/denise\/wp-json\/wp\/v2\/posts"}],"about":[{"href":"https:\/\/blogs.correiobraziliense.com.br\/denise\/wp-json\/wp\/v2\/types\/post"}],"author":[{"embeddable":true,"href":"https:\/\/blogs.correiobraziliense.com.br\/denise\/wp-json\/wp\/v2\/users\/29"}],"replies":[{"embeddable":true,"href":"https:\/\/blogs.correiobraziliense.com.br\/denise\/wp-json\/wp\/v2\/comments?post=1445"}],"version-history":[{"count":1,"href":"https:\/\/blogs.correiobraziliense.com.br\/denise\/wp-json\/wp\/v2\/posts\/1445\/revisions"}],"predecessor-version":[{"id":1446,"href":"https:\/\/blogs.correiobraziliense.com.br\/denise\/wp-json\/wp\/v2\/posts\/1445\/revisions\/1446"}],"wp:attachment":[{"href":"https:\/\/blogs.correiobraziliense.com.br\/denise\/wp-json\/wp\/v2\/media?parent=1445"}],"wp:term":[{"taxonomy":"category","embeddable":true,"href":"https:\/\/blogs.correiobraziliense.com.br\/denise\/wp-json\/wp\/v2\/categories?post=1445"},{"taxonomy":"post_tag","embeddable":true,"href":"https:\/\/blogs.correiobraziliense.com.br\/denise\/wp-json\/wp\/v2\/tags?post=1445"}],"curies":[{"name":"wp","href":"https:\/\/api.w.org\/{rel}","templated":true}]}}