{"id":14087,"date":"2026-09-06T09:28:15","date_gmt":"2026-09-06T12:28:15","guid":{"rendered":"https:\/\/blogs.correiobraziliense.com.br\/denise\/?p=14087"},"modified":"2026-09-06T09:38:09","modified_gmt":"2026-09-06T12:38:09","slug":"enquanto-o-stf-briga","status":"publish","type":"post","link":"https:\/\/blogs.correiobraziliense.com.br\/denise\/enquanto-o-stf-briga\/","title":{"rendered":"Enquanto o STF briga&#8230;"},"content":{"rendered":"\n<figure class=\"wp-block-image size-large\"><a href=\"https:\/\/blogs.correiobraziliense.com.br\/denise\/wp-content\/uploads\/sites\/12\/2026\/09\/brasiliadf-0609-67617698.jpg\"><img loading=\"lazy\" decoding=\"async\" width=\"1024\" height=\"771\" src=\"https:\/\/blogs.correiobraziliense.com.br\/denise\/wp-content\/uploads\/sites\/12\/2026\/09\/brasiliadf-0609-67617698-1024x771.jpg\" alt=\"\" class=\"wp-image-14088\" srcset=\"https:\/\/blogs.correiobraziliense.com.br\/denise\/wp-content\/uploads\/sites\/12\/2026\/09\/brasiliadf-0609-67617698-1024x771.jpg 1024w, https:\/\/blogs.correiobraziliense.com.br\/denise\/wp-content\/uploads\/sites\/12\/2026\/09\/brasiliadf-0609-67617698-300x226.jpg 300w, https:\/\/blogs.correiobraziliense.com.br\/denise\/wp-content\/uploads\/sites\/12\/2026\/09\/brasiliadf-0609-67617698-768x578.jpg 768w, https:\/\/blogs.correiobraziliense.com.br\/denise\/wp-content\/uploads\/sites\/12\/2026\/09\/brasiliadf-0609-67617698-1536x1156.jpg 1536w, https:\/\/blogs.correiobraziliense.com.br\/denise\/wp-content\/uploads\/sites\/12\/2026\/09\/brasiliadf-0609-67617698-2048x1541.jpg 2048w, https:\/\/blogs.correiobraziliense.com.br\/denise\/wp-content\/uploads\/sites\/12\/2026\/09\/brasiliadf-0609-67617698-1440x1084.jpg 1440w, https:\/\/blogs.correiobraziliense.com.br\/denise\/wp-content\/uploads\/sites\/12\/2026\/09\/brasiliadf-0609-67617698-800x602.jpg 800w, https:\/\/blogs.correiobraziliense.com.br\/denise\/wp-content\/uploads\/sites\/12\/2026\/09\/brasiliadf-0609-67617698-550x414.jpg 550w, https:\/\/blogs.correiobraziliense.com.br\/denise\/wp-content\/uploads\/sites\/12\/2026\/09\/brasiliadf-0609-67617698-230x173.jpg 230w\" sizes=\"auto, (max-width: 1024px) 100vw, 1024px\" \/><\/a><\/figure>\n\n\n\n<p class=\"wp-block-paragraph\"><strong><em>Coluna Bras\u00edlia-DF publicada no domingo, 6 de setembro de 2026, por Denise Rothenburg com Eduarda Esposito<\/em><\/strong><\/p>\n\n\n\n<p class=\"wp-block-paragraph\">O ex-banqueiro Daniel Vorcaro espera que as discuss\u00f5es sobre o envolvimento do ministro Alexandre de Moraes e a crise interna no Supremo Tribunal Federal terminem abrindo uma brecha para que ele possa sair da cadeia \u2014 e com dinheiro no bolso, oriundo de fundos de pens\u00e3o e do BRB. Juristas que acompanham o caso perceberam esse perigo, diante da avalanche de nulidades que os advogados come\u00e7am a levantar em rela\u00e7\u00e3o ao processo envolvendo o ex-controlador do Master. E at\u00e9 aqui, a contar pelo que j\u00e1 se sabe a respeito da dela\u00e7\u00e3o premiada de Antonio Carlos Freixo Junior, da Entre Investimentos, que fazia parte do esquema de Daniel Vorcaro, h\u00e1 muito servi\u00e7o a ser feito, uma vez que Freixo Junior teria relatado, inclusive, pagamentos em malas de dinheiro, feitas a pedido do ex-controlador do Master. Toda essa documenta\u00e7\u00e3o est\u00e1 no gabinete de Andr\u00e9 Mendon\u00e7a, \u00e0 espera de an\u00e1lise.<\/p>\n\n\n\n<p class=\"wp-block-paragraph\"><strong>Muito dinheiro fica esquecido<\/strong>\/ Ao que se sabe at\u00e9 aqui, o empres\u00e1rio detalhou que movimentou R$ 1,3 bilh\u00e3o, a fim de efetuar os pagamentos determinados por Vorcaro. Foi a Entre Investimentos, de Freire Junior, que fez as remessas para o Havengate, o fundo com sede no Texas, para o filme Dark Horse, sobre a vida de Jair Bolsonaro. Nas conversas mais reservadas, o receio \u00e9 de que tudo isso fique sob o tapete, por causa das rela\u00e7\u00f5es entre Alexandre de Moraes e o presidi\u00e1rio Daniel Vorcaro.<\/p>\n\n\n\n<p class=\"wp-block-paragraph\"><strong>Corre a\u00ed\u2026<\/strong><\/p>\n\n\n\n<p class=\"wp-block-paragraph\">Em reuni\u00f5es e conversas ao longo dos \u00faltimos dias, ficou patente entre muitos atores da pol\u00edtica que n\u00e3o bastar\u00e1 tirar processos de ministros ou declarar impedimentos, como j\u00e1 foi feito l\u00e1 atr\u00e1s, com Dias Toffoli e o caso Master. Agora, \u00e9 preciso uma reforma profunda.<\/p>\n\n\n\n<p class=\"wp-block-paragraph\"><strong>&#8230;E muda logo<\/strong><\/p>\n\n\n\n<p class=\"wp-block-paragraph\">No embalo das mudan\u00e7as, come\u00e7a a ganhar corpo uma proposta de idade m\u00ednima para ingresso no Supremo Tribunal Federal. Cogita-se, inclusive, algo em torno de 55 ou 60 anos. Nesta idade, a pessoa j\u00e1 demonstrou not\u00f3rio saber jur\u00eddico e j\u00e1 tem uma carreira consolidada no direito.<\/p>\n\n\n\n<p class=\"wp-block-paragraph\"><strong>Vale lembrar<\/strong><\/p>\n\n\n\n<p class=\"wp-block-paragraph\">Se a mudan\u00e7a for feita, o governador do Rio, o desembargador Ricardo Couto, poderia ser indicado. Tem 62 anos. O advogado-geral da Uni\u00e3o, Jorge Messias, estaria fora. Tem 46 anos.<\/p>\n\n\n\n<p class=\"wp-block-paragraph\"><strong>Espere o segundo turno<\/strong><\/p>\n\n\n\n<p class=\"wp-block-paragraph\">O PL aposta que, se houver um segundo turno no Cear\u00e1, o candidato Ciro Gomes (PSDB) ter\u00e1 que dividir o palanque com o senador Fl\u00e1vio Bolsonaro (PL-RJ) no estado. Entretanto, aliados de Ciro avisam que, se houver segundo turno, a neutralidade do candidato a governador deve permanecer, de forma a aglutinar votos de todos os presidenci\u00e1veis.<\/p>\n\n\n\n<p class=\"wp-block-paragraph\"><strong>PL e PT unidos\u2026<\/strong>\/ \u2026 por um contabilista. O presidente Luiz In\u00e1cio Lula da Silva (PT) e o deputado Filipe Barros (PL-PR), candidato ao Senado, est\u00e3o em campos opostos da pol\u00edtica, mas dividem o mesmo representante de contabilidade das campanhas deste ano. A informa\u00e7\u00e3o encontra-se na presta\u00e7\u00e3o de contas do Tribunal Superior Eleitoral (TSE).<\/p>\n\n\n\n<p class=\"wp-block-paragraph\"><strong>Corrida acirrada<\/strong>\/ Em Santa Catarina, a elei\u00e7\u00e3o para o Senado \u00e9 considerada a mais dif\u00edcil de vislumbrar um final, numa disputa embolada entre a deputada Carol de Toni (PL), o senador Esperidi\u00e3o Amin (PP) e o ex-vereador do Rio de Janeiro Carlos Bolsonaro (PL). A \u00faltima pesquisa Quaest por l\u00e1 mostrou Amin na lideran\u00e7a, o Zero Dois de Bolsonaro em segundo, e a deputada, em terceiro. O governador Jorginho Mello (foto) e demais candidatos t\u00eam falado bem dele em eventos, e isso fortaleceu o ex-vereador fluminense.<\/p>\n\n\n\n<p class=\"wp-block-paragraph\"><strong>Enquanto isso, no Paran\u00e1&#8230;<\/strong>\/&nbsp; A direita tem enfrentado uma divis\u00e3o de votos no estado. Dos cinco melhores candidatos avaliados ao Senado nas pesquisas, quatro s\u00e3o desse campo: Filipe Barros (PL), Deltan Dallagnol (Novo), Alexandre Curi (Republicanos) e Cristina Graml (PSD). A outra candidata \u00e9 a deputada e ex-ministra da Secretaria de Rela\u00e7\u00f5es Institucionais (SRI) Gleisi Hoffmann (PT). Esse cen\u00e1rio pode beneficiar Gleisi, porque enquanto eles dividem o mesmo eleitorado, a deputada aglutina os votos da esquerda em torno de um s\u00f3 nome.<\/p>\n\n\n\n<p class=\"wp-block-paragraph\"><strong>Por falar em divis\u00e3o&#8230;<\/strong>\/ Os partidos mais \u00e0 direita fazem quest\u00e3o de marcar diferen\u00e7as, haja vista a convoca\u00e7\u00e3o de duas manifesta\u00e7\u00f5es distintas contra Alexandre de Moraes para o Sete de Setembro. Uma da deputada Bia Kicis (PL) e outra de Sebasti\u00e3o Coelho (Novo). Ambos concorrem ao Senado.<\/p>\n","protected":false},"excerpt":{"rendered":"<p>Coluna Bras\u00edlia-DF publicada no domingo, 6 de setembro de 2026, por Denise Rothenburg com Eduarda Esposito O ex-banqueiro Daniel Vorcaro espera que as discuss\u00f5es sobre o envolvimento do ministro Alexandre de Moraes e a crise interna no Supremo Tribunal Federal terminem abrindo uma brecha para que ele possa sair da cadeia \u2014 e com dinheiro no bolso, oriundo de fundos [&hellip;]<\/p>\n","protected":false},"author":166,"featured_media":14088,"comment_status":"closed","ping_status":"closed","sticky":false,"template":"","format":"standard","meta":{"footnotes":""},"categories":[5],"tags":[],"class_list":["post-14087","post","type-post","status-publish","format-standard","has-post-thumbnail","hentry","category-politica"],"_links":{"self":[{"href":"https:\/\/blogs.correiobraziliense.com.br\/denise\/wp-json\/wp\/v2\/posts\/14087","targetHints":{"allow":["GET"]}}],"collection":[{"href":"https:\/\/blogs.correiobraziliense.com.br\/denise\/wp-json\/wp\/v2\/posts"}],"about":[{"href":"https:\/\/blogs.correiobraziliense.com.br\/denise\/wp-json\/wp\/v2\/types\/post"}],"author":[{"embeddable":true,"href":"https:\/\/blogs.correiobraziliense.com.br\/denise\/wp-json\/wp\/v2\/users\/166"}],"replies":[{"embeddable":true,"href":"https:\/\/blogs.correiobraziliense.com.br\/denise\/wp-json\/wp\/v2\/comments?post=14087"}],"version-history":[{"count":2,"href":"https:\/\/blogs.correiobraziliense.com.br\/denise\/wp-json\/wp\/v2\/posts\/14087\/revisions"}],"predecessor-version":[{"id":14091,"href":"https:\/\/blogs.correiobraziliense.com.br\/denise\/wp-json\/wp\/v2\/posts\/14087\/revisions\/14091"}],"wp:featuredmedia":[{"embeddable":true,"href":"https:\/\/blogs.correiobraziliense.com.br\/denise\/wp-json\/wp\/v2\/media\/14088"}],"wp:attachment":[{"href":"https:\/\/blogs.correiobraziliense.com.br\/denise\/wp-json\/wp\/v2\/media?parent=14087"}],"wp:term":[{"taxonomy":"category","embeddable":true,"href":"https:\/\/blogs.correiobraziliense.com.br\/denise\/wp-json\/wp\/v2\/categories?post=14087"},{"taxonomy":"post_tag","embeddable":true,"href":"https:\/\/blogs.correiobraziliense.com.br\/denise\/wp-json\/wp\/v2\/tags?post=14087"}],"curies":[{"name":"wp","href":"https:\/\/api.w.org\/{rel}","templated":true}]}}