{"id":14075,"date":"2026-09-05T08:36:02","date_gmt":"2026-09-05T11:36:02","guid":{"rendered":"https:\/\/blogs.correiobraziliense.com.br\/denise\/?p=14075"},"modified":"2026-09-05T09:56:25","modified_gmt":"2026-09-05T12:56:25","slug":"o-temor-dos-ministros","status":"publish","type":"post","link":"https:\/\/blogs.correiobraziliense.com.br\/denise\/o-temor-dos-ministros\/","title":{"rendered":"O temor dos ministros"},"content":{"rendered":"\n<p class=\"has-medium-font-size wp-block-paragraph\"><strong><em>Coluna Bras\u00edlia-DF publicada no s\u00e1bado, 5 de setembro de 2026, por Denise Rothenburg com Eduarda Esposito<\/em><\/strong><\/p>\n\n\n<div class=\"wp-block-image\">\n<figure class=\"alignleft size-full is-resized\"><a href=\"https:\/\/blogs.correiobraziliense.com.br\/denise\/wp-content\/uploads\/sites\/12\/2026\/09\/imagem_2026-09-05_094430044.png\"><img loading=\"lazy\" decoding=\"async\" width=\"628\" height=\"486\" src=\"https:\/\/blogs.correiobraziliense.com.br\/denise\/wp-content\/uploads\/sites\/12\/2026\/09\/imagem_2026-09-05_094430044.png\" alt=\"Cr\u00e9dito: Caio Gomez\" class=\"wp-image-14081\" style=\"width:434px;height:auto\" srcset=\"https:\/\/blogs.correiobraziliense.com.br\/denise\/wp-content\/uploads\/sites\/12\/2026\/09\/imagem_2026-09-05_094430044.png 628w, https:\/\/blogs.correiobraziliense.com.br\/denise\/wp-content\/uploads\/sites\/12\/2026\/09\/imagem_2026-09-05_094430044-300x232.png 300w, https:\/\/blogs.correiobraziliense.com.br\/denise\/wp-content\/uploads\/sites\/12\/2026\/09\/imagem_2026-09-05_094430044-550x426.png 550w, https:\/\/blogs.correiobraziliense.com.br\/denise\/wp-content\/uploads\/sites\/12\/2026\/09\/imagem_2026-09-05_094430044-230x178.png 230w\" sizes=\"auto, (max-width: 628px) 100vw, 628px\" \/><\/a><\/figure>\n<\/div>\n\n\n<p class=\"has-medium-font-size wp-block-paragraph\">O posicionamento incisivo do presidente do Supremo Tribunal Federal (STF), Edson Fachin, prometendo uma solu\u00e7\u00e3o &#8220;rigorosa e firme&#8221; para a crise que se abate sobre o topo do Poder Judici\u00e1rio n\u00e3o foi \u00e0 toa. Um dos objetivos dos ministros \u00e9 evitar que esse assunto termine resolvido pelo Senado Federal, num processo de impeachment. A avalia\u00e7\u00e3o geral \u00e9 a de que esses processos s\u00e3o sempre traum\u00e1ticos, do ponto de vista institucional e, al\u00e9m disso, haveria o risco de &#8220;abrir a porteira&#8221;, ou seja, depois de Alexandre de Moraes, que hoje encabe\u00e7a a lista de pedidos, surgiriam novas investidas contra ministros do STF. E essa situa\u00e7\u00e3o ningu\u00e9m quer. \u00c9 hora de a Suprema Corte resolver os seus problemas, antes que outros o fa\u00e7am.<\/p>\n\n\n\n<p class=\"has-text-align-center wp-block-paragraph\"><strong>\u00bb \u00bb \u00bb \u00bb<\/strong><\/p>\n\n\n\n<p class=\"has-medium-font-size wp-block-paragraph\"><strong>Vale lembrar<\/strong>\/ No momento em que saiu o contrato entre o escrit\u00f3rio da esposa de Alexandre de Moraes e o Banco Master foi sugerido aos ministros que resolvessem a crise internamente, de forma contundente para evitar que o STF continuasse exposto. Nada foi feito em termos de uma solu\u00e7\u00e3o negociada. Agora, avaliam muitos, a sa\u00edda para crise ser\u00e1 traum\u00e1tica. Por\u00e9m, melhor o STF agir do que deixar tudo a cargo do Senado.<\/p>\n\n\n\n<h2 class=\"wp-block-heading\"><strong>A paternidade de Xand\u00e3o<\/strong><\/h2>\n\n\n\n<p class=\"has-medium-font-size wp-block-paragraph\">Com a elei\u00e7\u00e3o na ordem do dia, os petistas querem tratar de manter dist\u00e2ncia do ministro Alexandre de Moraes. Para isso, daqui para frente come\u00e7ar\u00e3o a deixar claro em todas as oportunidades que Moraes foi para o STF por indica\u00e7\u00e3o do ent\u00e3o presidente Michel Temer, que assumiu o governo logo depois do impeachment da presidente Dilma Rousseff.<\/p>\n\n\n\n<h2 class=\"wp-block-heading\"><strong>N\u00e3o votou, mas\u2026<\/strong><\/h2>\n\n\n\n<p class=\"has-medium-font-size wp-block-paragraph\">\u2026 saiu do foco. Mesmo sem levar a Proposta de Emenda Constitucional (PEC) do fim da escala 6&#215;1 ao plen\u00e1rio, o presidente do Senado, Davi Alcolumbre (Uni\u00e3o-AP), conseguiu deixar de ser o grande vil\u00e3o da n\u00e3o aprova\u00e7\u00e3o da mat\u00e9ria ao desengavetar o texto. Agora, o adiamento da vota\u00e7\u00e3o ser\u00e1 atribu\u00eddo aos aliados do candidato \u00e0 Presid\u00eancia e senador Fl\u00e1vio Bolsonaro (PL-RJ), que fizeram de tudo para atrapalhar a an\u00e1lise na CCJ e evitar a aprecia\u00e7\u00e3o final. H\u00e1 quem diga que esse movimento foi muito bem calculado como uma forma de limpar a imagem de Alcolumbre.<\/p>\n\n\n\n<h2 class=\"wp-block-heading\"><strong>Saldo positivo<\/strong><\/h2>\n\n\n\n<p class=\"has-medium-font-size wp-block-paragraph\">E com o fim da semana de esfor\u00e7o concentrado, a campanha do presidente Luiz In\u00e1cio Lula da Silva (PT) tem tr\u00eas vit\u00f3rias das cinco que tentou emplacar: aprova\u00e7\u00e3o dos projetos do Redata (sistema tribut\u00e1rio de datacenters), minerais cr\u00edticos e a isen\u00e7\u00e3o da taxa das blusinhas. E ainda poder\u00e3o se vangloriar das vota\u00e7\u00f5es das PECs do fim da escala 6&#215;1 e da seguran\u00e7a p\u00fablica na Comiss\u00e3o de Constitui\u00e7\u00e3o e Justi\u00e7a (CCJ). Vai tudo para o hor\u00e1rio eleitoral na tev\u00ea.<\/p>\n\n\n\n<h2 class=\"wp-block-heading has-medium-font-size\"><strong>CURTIDAS<\/strong><\/h2>\n\n\n\n<p class=\"has-medium-font-size wp-block-paragraph\"><strong>Deixem passar e foquem<\/strong>\/ Dos Estados Unidos, o ex-deputado Eduardo Bolsonaro usou as redes sociais para defender o deputado Nikolas Ferreira (PL-MG), que apareceu em \u00e1udios vazados pedindo favores ao ex-banqueiro Daniel Vorcaro. Eduardo ainda pede nas entrelinhas que esque\u00e7am o caso ou o financiamento do filme Dark Horse. A seus seguidores, pede foco contra Alexandre de Moraes, que &#8220;recebeu dinheiro do cliente&#8221;, no caso, Vorcaro.<\/p>\n\n\n\n<p class=\"has-medium-font-size wp-block-paragraph\"><strong>At\u00e9 aqui, sem explica\u00e7\u00f5es<\/strong>\/ Em nenhum momento, Eduardo esclareceu onde foram parar os recursos que Vorcaro destinou ao filme da biografia do ex-presidente Jair Bolsonaro (PL) \u2014 ali\u00e1s, inicialmente um repasse previsto quase que no mesmo valor do contrato com o escrit\u00f3rio da mulher de Moraes.<\/p>\n\n\n<div class=\"wp-block-image\">\n<figure class=\"alignleft size-full\"><a href=\"https:\/\/blogs.correiobraziliense.com.br\/denise\/wp-content\/uploads\/sites\/12\/2026\/09\/imagem_2026-09-05_094510459.png\"><img loading=\"lazy\" decoding=\"async\" width=\"302\" height=\"230\" src=\"https:\/\/blogs.correiobraziliense.com.br\/denise\/wp-content\/uploads\/sites\/12\/2026\/09\/imagem_2026-09-05_094510459.png\" alt=\"Cr\u00e9dito: Ed Alves\/CB\/D.A Press\" class=\"wp-image-14082\" srcset=\"https:\/\/blogs.correiobraziliense.com.br\/denise\/wp-content\/uploads\/sites\/12\/2026\/09\/imagem_2026-09-05_094510459.png 302w, https:\/\/blogs.correiobraziliense.com.br\/denise\/wp-content\/uploads\/sites\/12\/2026\/09\/imagem_2026-09-05_094510459-300x228.png 300w, https:\/\/blogs.correiobraziliense.com.br\/denise\/wp-content\/uploads\/sites\/12\/2026\/09\/imagem_2026-09-05_094510459-230x175.png 230w\" sizes=\"auto, (max-width: 302px) 100vw, 302px\" \/><\/a><\/figure>\n<\/div>\n\n\n<p class=\"has-medium-font-size wp-block-paragraph\"><strong>Por falar em Nikolas<\/strong>&#8230;\/ Parlamentares de direita se mostram constrangidos ao comentar o \u00e1udio que o deputado Nikolas Ferreira (<em>foto<\/em>) enviou a Daniel Vorcaro. Mesmo em conversas reservadas, senadores e deputados evitam atacar diretamente Nikolas, mas demonstram desconforto e constrangimento ao responder que Vorcaro sabia como &#8220;encantar&#8221; e &#8220;corromper&#8221; excel\u00eancias da Rep\u00fablica.<\/p>\n\n\n\n<p class=\"has-medium-font-size wp-block-paragraph\"><strong>Campanhas solteiras<\/strong>\/ Candidatos a deputados estaduais do PSD do Rio de Janeiro t\u00eam feito campanha casada apenas com Eduardo Paes, que concorre ao governo estadual. Para os demais cargos, o &#8220;santinho&#8221; distribu\u00eddo aos eleitores vai em branco. Ou seja, o eleitor que decide em quem votar\u00e1 para presidente da Rep\u00fablica, senador ou deputado federal.<\/p>\n\n\n\n<p class=\"wp-block-paragraph\"><\/p>\n","protected":false},"excerpt":{"rendered":"<p>O posicionamento incisivo do presidente do Supremo Tribunal Federal (STF), Edson Fachin, prometendo uma solu\u00e7\u00e3o &#8220;rigorosa e firme&#8221; para a crise que se abate sobre o topo do Poder Judici\u00e1rio n\u00e3o foi \u00e0 toa. <\/p>\n","protected":false},"author":29,"featured_media":14081,"comment_status":"closed","ping_status":"closed","sticky":false,"template":"","format":"standard","meta":{"footnotes":""},"categories":[1568,1559,4,78,725,10,1448,804,684,1571,5,580,281,299],"tags":[388,138,1625,852,40,34],"class_list":["post-14075","post","type-post","status-publish","format-standard","has-post-thumbnail","hentry","category-6x1","category-banco-master","category-coluna-brasilia-df","category-congresso","category-economia","category-eleicoes","category-eleicoes-2026","category-governo-lula","category-michel-temer","category-pl","category-politica","category-seguranca-publica","category-senado","category-stf","tag-alexandre-de-moraes","tag-eduardo-bolsonaro","tag-impeachment-de-ministro-do-stf","tag-nikolas-ferreira","tag-senado","tag-stf"],"_links":{"self":[{"href":"https:\/\/blogs.correiobraziliense.com.br\/denise\/wp-json\/wp\/v2\/posts\/14075","targetHints":{"allow":["GET"]}}],"collection":[{"href":"https:\/\/blogs.correiobraziliense.com.br\/denise\/wp-json\/wp\/v2\/posts"}],"about":[{"href":"https:\/\/blogs.correiobraziliense.com.br\/denise\/wp-json\/wp\/v2\/types\/post"}],"author":[{"embeddable":true,"href":"https:\/\/blogs.correiobraziliense.com.br\/denise\/wp-json\/wp\/v2\/users\/29"}],"replies":[{"embeddable":true,"href":"https:\/\/blogs.correiobraziliense.com.br\/denise\/wp-json\/wp\/v2\/comments?post=14075"}],"version-history":[{"count":4,"href":"https:\/\/blogs.correiobraziliense.com.br\/denise\/wp-json\/wp\/v2\/posts\/14075\/revisions"}],"predecessor-version":[{"id":14086,"href":"https:\/\/blogs.correiobraziliense.com.br\/denise\/wp-json\/wp\/v2\/posts\/14075\/revisions\/14086"}],"wp:featuredmedia":[{"embeddable":true,"href":"https:\/\/blogs.correiobraziliense.com.br\/denise\/wp-json\/wp\/v2\/media\/14081"}],"wp:attachment":[{"href":"https:\/\/blogs.correiobraziliense.com.br\/denise\/wp-json\/wp\/v2\/media?parent=14075"}],"wp:term":[{"taxonomy":"category","embeddable":true,"href":"https:\/\/blogs.correiobraziliense.com.br\/denise\/wp-json\/wp\/v2\/categories?post=14075"},{"taxonomy":"post_tag","embeddable":true,"href":"https:\/\/blogs.correiobraziliense.com.br\/denise\/wp-json\/wp\/v2\/tags?post=14075"}],"curies":[{"name":"wp","href":"https:\/\/api.w.org\/{rel}","templated":true}]}}