{"id":14069,"date":"2026-09-04T11:37:57","date_gmt":"2026-09-04T14:37:57","guid":{"rendered":"https:\/\/blogs.correiobraziliense.com.br\/denise\/?p=14069"},"modified":"2026-09-04T11:37:58","modified_gmt":"2026-09-04T14:37:58","slug":"com-stf-na-roda-vorcaro-fica-sem-delacao","status":"publish","type":"post","link":"https:\/\/blogs.correiobraziliense.com.br\/denise\/com-stf-na-roda-vorcaro-fica-sem-delacao\/","title":{"rendered":"Com STF na roda, Vorcaro fica sem dela\u00e7\u00e3o"},"content":{"rendered":"\n<p class=\"has-medium-font-size wp-block-paragraph\"><strong><em>Coluna Bras\u00edlia-DF publicada na sexta-feira, 4 de setembro de 2026, por Denise Rothenburg com Eduarda Esposito<\/em><\/strong><\/p>\n\n\n<div class=\"wp-block-image\">\n<figure class=\"alignleft size-full is-resized\"><a href=\"https:\/\/blogs.correiobraziliense.com.br\/denise\/wp-content\/uploads\/sites\/12\/2026\/09\/imagem_2026-09-04_112600688.png\"><img loading=\"lazy\" decoding=\"async\" width=\"522\" height=\"487\" src=\"https:\/\/blogs.correiobraziliense.com.br\/denise\/wp-content\/uploads\/sites\/12\/2026\/09\/imagem_2026-09-04_112600688.png\" alt=\"\" class=\"wp-image-14070\" style=\"width:383px;height:auto\" srcset=\"https:\/\/blogs.correiobraziliense.com.br\/denise\/wp-content\/uploads\/sites\/12\/2026\/09\/imagem_2026-09-04_112600688.png 522w, https:\/\/blogs.correiobraziliense.com.br\/denise\/wp-content\/uploads\/sites\/12\/2026\/09\/imagem_2026-09-04_112600688-300x280.png 300w, https:\/\/blogs.correiobraziliense.com.br\/denise\/wp-content\/uploads\/sites\/12\/2026\/09\/imagem_2026-09-04_112600688-230x215.png 230w\" sizes=\"auto, (max-width: 522px) 100vw, 522px\" \/><\/a><figcaption class=\"wp-element-caption\">Cr\u00e9dito: Caio Gomez<\/figcaption><\/figure>\n<\/div>\n\n\n<p class=\"has-medium-font-size wp-block-paragraph\">Enquanto o Supremo Tribunal Federal (STF) n\u00e3o decidir o que far\u00e1 diante da crise aberta com as rela\u00e7\u00f5es entre o ministro Alexandre de Moraes e o ex-controlador do Master, Daniel Vorcaro, qualquer perspectiva de dela\u00e7\u00e3o premiada do ex-banqueiro ficar\u00e1 congelada. Entre subprocuradores, h\u00e1 quem considere que se Vorcaro, o empres\u00e1rio, quiser fazer uma dela\u00e7\u00e3o premiada, n\u00e3o poder\u00e1 proteger ningu\u00e9m nem mirar num \u00fanico alvo. N\u00e3o d\u00e1 para ele escolher quem ser\u00e1 exposto e quem ficar\u00e1 \u00e0 sombra. E nem dizer que n\u00e3o fez nada de errado no caso do BRB, conforme vem insistindo.<\/p>\n\n\n\n<p class=\"has-medium-font-size wp-block-paragraph\"><strong>Por falar em Vorcaro&#8230;\/<\/strong> Muitos procuradores classificaram o \u00faltimo depoimento de Vorcaro \u00e0 equipe do ministro Andr\u00e9 Mendon\u00e7a, do STF, como uma tentativa de tirar da frente o diretor-geral da Pol\u00edcia Federal, Andrei Rodrigues. Por\u00e9m, o ex-banqueiro do Master n\u00e3o apresentou qualquer prova concreta contra o policial \u2014 apenas o fato de estarem em eventos. Vale lembrar que, nos idos de 2023 e 2024, o Master patrocinava semin\u00e1rios internacionais de think-tanks brasileiros, nos quais Andrei esteve entre os palestrantes. Da\u00ed a dizer que s\u00e3o \u201camigos ou pr\u00f3ximos\u201d, a dist\u00e2ncia \u00e9 grande. Por essas e outras, a ideia \u00e9 ir com muita calma. Vorcaro ainda \u00e9 considerado um personagem perigoso, que tenta manipular a situa\u00e7\u00e3o a seu favor. At\u00e9 aqui, deu errado.<\/p>\n\n\n\n<h2 class=\"wp-block-heading has-medium-font-size\"><strong>Moraes joga gasolina na crise<\/strong><\/h2>\n\n\n\n<p class=\"has-medium-font-size wp-block-paragraph\">A decis\u00e3o de Moraes contra Mendon\u00e7a, acusando o ministro relator do caso Master de ilegalidades em opera\u00e7\u00f5es \u2014 como a Compliance Zero \u2014, aumenta a press\u00e3o sobre o presidente do STF, Edson Fachin. \u00c9 ele quem dever\u00e1 assumir o inqu\u00e9rito do banco de Vorcaro ou designar um ministro para faz\u00ea-lo. O gesto de Moraes \u00e9 prova deque a guerra est\u00e1 longe do fim.<\/p>\n\n\n\n<h2 class=\"wp-block-heading has-medium-font-size\"><strong>Os intranquilos<\/strong><\/h2>\n\n\n\n<p class=\"has-medium-font-size wp-block-paragraph\">O STF refor\u00e7ou a seguran\u00e7a da Corte desde o in\u00edcio da crise entre Moraes e Mendon\u00e7a. Mais seguran\u00e7as foram alocados no pr\u00e9dio principal, especialmente nas sa\u00eddas e entradas da Corte. Moraes tamb\u00e9m refor\u00e7ou a seguran\u00e7a pessoal. Fontes consultadas pela coluna disseram que o temor \u00e9 de eventuais atos hostis mirando o Supremo em raz\u00e3o da repercuss\u00e3o do caso.<\/p>\n\n\n\n<h2 class=\"wp-block-heading has-medium-font-size\"><strong>A Igreja se posiciona<\/strong><\/h2>\n\n\n\n<p class=\"has-medium-font-size wp-block-paragraph\">Durante duas horas, os oito cardeais expuseram suas preocupa\u00e7\u00f5es e opini\u00f5es sobre as elei\u00e7\u00f5es, no evento \u201cIgreja e Pol\u00edtica \u2014 Di\u00e1logo dos Cardeais do Brasil\u201d, transmitido pela Rede Vida de Televis\u00e3o. Com todo cuidado, todos deixaram claro que a Igreja n\u00e3o tem candidato, mas, sim, valores. E que \u00e9 preciso respeito e propostas por parte daqueles que desejam governar o Brasil. Todos est\u00e3o muito apreensivos com a agressividade e divis\u00e3o do pa\u00eds neste pleito.<\/p>\n\n\n\n<h2 class=\"wp-block-heading has-medium-font-size\"><strong>E a CMO, hein?<\/strong><\/h2>\n\n\n\n<p class=\"has-medium-font-size wp-block-paragraph\">A Comiss\u00e3o Mista de Or\u00e7amento (CMO) est\u00e1 parada desde antes do recesso parlamentar, em julho. Foi instalada apenas com o presidente, deputado Domingos Neto (PSDCE), e aguarda a indica\u00e7\u00e3o para os relatores da Lei de Diretrizes Or\u00e7ament\u00e1rias (LDO) e da Lei Or\u00e7ament\u00e1ria Anual (LOA). O que se diz entre t\u00e9cnicos da CMO \u00e9 que o l\u00edder do MDB no Senado, Eduardo Braga (AM), ficar\u00e1 com a relatoria do Or\u00e7amento este ano.<\/p>\n\n\n\n<h2 class=\"wp-block-heading has-medium-font-size\"><strong>CURTIDAS<\/strong><\/h2>\n\n\n\n<p class=\"has-medium-font-size wp-block-paragraph\"><strong>O recado de Alcolumbre\/<\/strong> Tem nome e endere\u00e7o o desabafo que o presidente do Senado, Davi Alcolumbre (Uni\u00e3o-AP), fez no plen\u00e1rio esta semana. O primeiro foi para Carlos Viana (PSD-MG) que, enquanto era filmado por um integrante de sua equipe, cobrou \u201ccoragem\u201d de Alcolumbre para pautar o pedido de impeachment do ministro Alexandre de Moraes. \u201cSe eu fosse s\u00f3 mais um senador, ia falar muita coisa naquele microfone ali, inclusive para colegas nossos que se acham no direito de fazer um v\u00eddeo agredindo as pessoas para o assessor, ao lado, estar filmando para ganhar curtida na rede social e, talvez, para querer ganhar a elei\u00e7\u00e3o dia 4 de outubro\u201d.<\/p>\n\n\n\n<p class=\"has-medium-font-size wp-block-paragraph\"><strong>6 x 1 e os c\u00e1lculos\/<\/strong> A base governista pretende votar o fim da escala 6 x 1em uma prov\u00e1vel semana de esfor\u00e7o concentrado, entre o primeiro e o segundo turno. Na hip\u00f3tese de segundo turno entre Lula e Fl\u00e1vio Bolsonaro, ser\u00e1 mais uma tentativa de levar a oposi\u00e7\u00e3o ao desgaste de apostar contra uma medida que tem a chancela da maioria dos trabalhadores.<\/p>\n\n\n<div class=\"wp-block-image\">\n<figure class=\"alignleft size-full is-resized\"><a href=\"https:\/\/blogs.correiobraziliense.com.br\/denise\/wp-content\/uploads\/sites\/12\/2026\/09\/imagem_2026-09-04_113357521.png\"><img loading=\"lazy\" decoding=\"async\" width=\"461\" height=\"287\" src=\"https:\/\/blogs.correiobraziliense.com.br\/denise\/wp-content\/uploads\/sites\/12\/2026\/09\/imagem_2026-09-04_113357521.png\" alt=\"\" class=\"wp-image-14071\" style=\"width:419px;height:auto\" srcset=\"https:\/\/blogs.correiobraziliense.com.br\/denise\/wp-content\/uploads\/sites\/12\/2026\/09\/imagem_2026-09-04_113357521.png 461w, https:\/\/blogs.correiobraziliense.com.br\/denise\/wp-content\/uploads\/sites\/12\/2026\/09\/imagem_2026-09-04_113357521-300x187.png 300w, https:\/\/blogs.correiobraziliense.com.br\/denise\/wp-content\/uploads\/sites\/12\/2026\/09\/imagem_2026-09-04_113357521-230x143.png 230w\" sizes=\"auto, (max-width: 461px) 100vw, 461px\" \/><\/a><figcaption class=\"wp-element-caption\">Cr\u00e9dito: Marcelo Ferreira\/CB\/D.A Press<\/figcaption><\/figure>\n<\/div>\n\n\n<p class=\"has-medium-font-size wp-block-paragraph\"><strong>Onda Cury chega ao DF\/<\/strong> Os dois d\u00edgitos que Ronaldo Caiado (PSD) apresentava na pesquisa <strong>Correio\/Opini\u00e3o<\/strong>, no m\u00eas passado, aparecem agora redistribu\u00eddos entre ele e o candidato do Avante, Augusto Cury (<em>foto<\/em>) \u2014 que aparecena frente de Caiado. Os n\u00fameros do levantamento est\u00e3o no site e impresso do <strong>Correio Braziliense<\/strong>.<\/p>\n\n\n\n<p class=\"has-medium-font-size wp-block-paragraph\"><strong>At\u00e9 aqui&#8230;\/ <\/strong>Esta primeira semana de campanha eleitoral de r\u00e1dio e tev\u00ea colocou Cury na terceira posi\u00e7\u00e3o, mas n\u00e3o ao ponto de mexer totalmente no cen\u00e1rio onde predominam Lula e Fl\u00e1vio.<\/p>\n","protected":false},"excerpt":{"rendered":"<p>Enquanto o Supremo Tribunal Federal (STF) n\u00e3o decidir o que far\u00e1 diante da crise aberta com as rela\u00e7\u00f5es entre o ministro Alexandre de Moraes e o ex-controlador do Master, Daniel Vorcaro, qualquer perspectiva de dela\u00e7\u00e3o premiada do ex-banqueiro ficar\u00e1 congelada.<\/p>\n","protected":false},"author":29,"featured_media":14070,"comment_status":"closed","ping_status":"closed","sticky":false,"template":"","format":"standard","meta":{"footnotes":""},"categories":[1568,1559,4,78,618,725,10,1448,566,281,299],"tags":[388,129,1167,1498,20,222,40,34],"class_list":["post-14069","post","type-post","status-publish","format-standard","has-post-thumbnail","hentry","category-6x1","category-banco-master","category-coluna-brasilia-df","category-congresso","category-crise-entre-os-poderes","category-economia","category-eleicoes","category-eleicoes-2026","category-orcamento","category-senado","category-stf","tag-alexandre-de-moraes","tag-andre-mendonca","tag-banco-master","tag-daniel-vorcaro","tag-eleicoes","tag-orcamento","tag-senado","tag-stf"],"_links":{"self":[{"href":"https:\/\/blogs.correiobraziliense.com.br\/denise\/wp-json\/wp\/v2\/posts\/14069","targetHints":{"allow":["GET"]}}],"collection":[{"href":"https:\/\/blogs.correiobraziliense.com.br\/denise\/wp-json\/wp\/v2\/posts"}],"about":[{"href":"https:\/\/blogs.correiobraziliense.com.br\/denise\/wp-json\/wp\/v2\/types\/post"}],"author":[{"embeddable":true,"href":"https:\/\/blogs.correiobraziliense.com.br\/denise\/wp-json\/wp\/v2\/users\/29"}],"replies":[{"embeddable":true,"href":"https:\/\/blogs.correiobraziliense.com.br\/denise\/wp-json\/wp\/v2\/comments?post=14069"}],"version-history":[{"count":1,"href":"https:\/\/blogs.correiobraziliense.com.br\/denise\/wp-json\/wp\/v2\/posts\/14069\/revisions"}],"predecessor-version":[{"id":14072,"href":"https:\/\/blogs.correiobraziliense.com.br\/denise\/wp-json\/wp\/v2\/posts\/14069\/revisions\/14072"}],"wp:featuredmedia":[{"embeddable":true,"href":"https:\/\/blogs.correiobraziliense.com.br\/denise\/wp-json\/wp\/v2\/media\/14070"}],"wp:attachment":[{"href":"https:\/\/blogs.correiobraziliense.com.br\/denise\/wp-json\/wp\/v2\/media?parent=14069"}],"wp:term":[{"taxonomy":"category","embeddable":true,"href":"https:\/\/blogs.correiobraziliense.com.br\/denise\/wp-json\/wp\/v2\/categories?post=14069"},{"taxonomy":"post_tag","embeddable":true,"href":"https:\/\/blogs.correiobraziliense.com.br\/denise\/wp-json\/wp\/v2\/tags?post=14069"}],"curies":[{"name":"wp","href":"https:\/\/api.w.org\/{rel}","templated":true}]}}