{"id":14061,"date":"2026-09-03T10:58:55","date_gmt":"2026-09-03T13:58:55","guid":{"rendered":"https:\/\/blogs.correiobraziliense.com.br\/denise\/?p=14061"},"modified":"2026-09-03T10:58:56","modified_gmt":"2026-09-03T13:58:56","slug":"institucionalidade-para-ganhar-tempo","status":"publish","type":"post","link":"https:\/\/blogs.correiobraziliense.com.br\/denise\/institucionalidade-para-ganhar-tempo\/","title":{"rendered":"Institucionalidade para ganhar tempo"},"content":{"rendered":"\n<p class=\"has-medium-font-size wp-block-paragraph\"><strong><em>Coluna Bras\u00edlia-DF publicada na quinta-feira, 3 de setembro de 2026, por Denise Rothenburg com Eduarda Esposito<\/em><\/strong><\/p>\n\n\n<div class=\"wp-block-image\">\n<figure class=\"alignleft size-full is-resized\"><a href=\"https:\/\/blogs.correiobraziliense.com.br\/denise\/wp-content\/uploads\/sites\/12\/2026\/09\/imagem_2026-09-03_105515270.png\"><img loading=\"lazy\" decoding=\"async\" width=\"411\" height=\"547\" src=\"https:\/\/blogs.correiobraziliense.com.br\/denise\/wp-content\/uploads\/sites\/12\/2026\/09\/imagem_2026-09-03_105515270.png\" alt=\"\" class=\"wp-image-14064\" style=\"aspect-ratio:0.7513836864762118;width:401px;height:auto\" srcset=\"https:\/\/blogs.correiobraziliense.com.br\/denise\/wp-content\/uploads\/sites\/12\/2026\/09\/imagem_2026-09-03_105515270.png 411w, https:\/\/blogs.correiobraziliense.com.br\/denise\/wp-content\/uploads\/sites\/12\/2026\/09\/imagem_2026-09-03_105515270-225x300.png 225w, https:\/\/blogs.correiobraziliense.com.br\/denise\/wp-content\/uploads\/sites\/12\/2026\/09\/imagem_2026-09-03_105515270-230x306.png 230w\" sizes=\"auto, (max-width: 411px) 100vw, 411px\" \/><\/a><figcaption class=\"wp-element-caption\">Cr\u00e9dito: Kleber Sales<\/figcaption><\/figure>\n<\/div>\n\n\n<p class=\"has-medium-font-size wp-block-paragraph\">As rela\u00e7\u00f5es entre o ministro Alexandre de Moraes e o ex-banqueiro Daniel Vorcaro, e o confronto com o ministro Andr\u00e9 Mendon\u00e7a, ficaram fora da sess\u00e3o do Supremo Tribunal Federal esta semana, num jogo combinado para mostrar que a Corte n\u00e3o deixar\u00e1 de cuidar das suas obriga\u00e7\u00f5es, apesar da crise que se abate sobre o topo do Poder Judici\u00e1rio. O que se diz no STF \u00e9 que se os temas viessem \u00e0 tona no colegiado, sem combina\u00e7\u00e3o pr\u00e9via, ser\u00e1 a terceira guerra mundial. A ordem \u00e9 esperar a poeira decantar e viver cada dia com sua agonia, enquanto o Supremo tenta juntar os cacos.<\/p>\n\n\n\n<p class=\"has-text-align-center has-medium-font-size wp-block-paragraph\"><strong>\u00bb \u00bb \u00bb<\/strong><\/p>\n\n\n\n<p class=\"has-medium-font-size wp-block-paragraph\"><strong>P\u00e9s no ch\u00e3o\/<\/strong> O fato de adiar as decis\u00f5es n\u00e3o significa apatia. Os ministros sabem que ser\u00e1 dif\u00edcil preservar todo o colegiado. E dada a press\u00e3o sobre o presidente do Senado, Davi Alcolumbre (Uni\u00e3o-AP), para avaliar os pedidos de impeachment contra ministros do STF \u2014 em especial Moraes \u2014, a Corte tem plena consci\u00eancia de que n\u00e3o pode mais desconhecer as rela\u00e7\u00f5es entre Moraes e Vorcaro e de Vorcaro com outros. Sabe que ter\u00e1 que tomar atitudes, especialmente, diante das press\u00f5es para a ren\u00fancia de Moraes. O problema, agora, \u00e9 buscar a melhor forma de sair dessa crise, preservando a institui\u00e7\u00e3o. Essa ferramenta ainda est\u00e1 em constru\u00e7\u00e3o.<\/p>\n\n\n\n<h2 class=\"wp-block-heading has-medium-font-size\"><strong>\u00c9 s\u00f3 o come\u00e7o&#8230; <\/strong><\/h2>\n\n\n\n<p class=\"has-medium-font-size wp-block-paragraph\">Nos bastidores do debate do Correio Braziliense\/TV Bras\u00edlia com os candidatos ao Governo do Distrito Federal, o que mais se comentava eram as dela\u00e7\u00f5es que v\u00eam por a\u00ed. A prometida pelo dono da Reag, Jo\u00e3o Carlos Mansur, que geria fundos de investimentos relacionados a Vorcaro, \u00e9 no atual momento a que tem mais potencial para \u201cquebrar a banca\u201d.<\/p>\n\n\n\n<h2 class=\"wp-block-heading has-medium-font-size\"><strong>&#8230; e vem mais<\/strong><\/h2>\n\n\n\n<p class=\"has-medium-font-size wp-block-paragraph\">A avalia\u00e7\u00e3o geral dos atores no DF \u00e9 de que o ministro Mendon\u00e7a se precipitou ao tratar das den\u00fancias envolvendo o ministro Moraes. Por\u00e9m, para que tenha feito isso, estava muito pressionado. E amea\u00e7ado.<\/p>\n\n\n\n<h2 class=\"wp-block-heading has-medium-font-size\"><strong>Mais uma vaga no TCU<\/strong><\/h2>\n\n\n\n<p class=\"has-medium-font-size wp-block-paragraph\">A C\u00e2mara dos Deputados deve indicar mais um deputado para o Tribunal de Contas da Uni\u00e3o, em novembro. Fontes ligadas ao TCU afirmam, em conversas reservadas, que o ministro Augusto Nardes deve se aposentarem 13 de novembro, antecipando a sa\u00edda em um m\u00eas. O que se comenta \u00e9 que a vaga ser\u00e1 do Progressistas e o partido n\u00e3o descarta indicar o ex-presidente da C\u00e2mara Arthur Lira (AL).<\/p>\n\n\n\n<h2 class=\"wp-block-heading has-medium-font-size\"><strong>Planos eprojetos<\/strong><\/h2>\n\n\n\n<p class=\"has-medium-font-size wp-block-paragraph\">Lira, por\u00e9m, tem outros planos para 2027. \u00c9 candidato ao Senado em Alagoas e, se vencer, n\u00e3o deixar\u00e1 os tapetes azuis para assumir uma vaga no TCU. O que Lira almeja, obtido o mandato de senador, \u00e9 uma cadeira no clube que comanda a Casa.<\/p>\n\n\n\n<h2 class=\"wp-block-heading has-medium-font-size\"><strong>CURTIDAS<\/strong><\/h2>\n\n\n\n<p class=\"has-medium-font-size wp-block-paragraph\"><strong>Perguntem para o Fl\u00e1vio\/ <\/strong>Parlamentares do PL n\u00e3o conseguem esconder a irrita\u00e7\u00e3o quando algu\u00e9m lhes pergunta sobre a presta\u00e7\u00e3o de contas do filme sobre a vida do ex-presidente Jair Bolsonaro, o Dark Horse. Afirmam que h\u00e1 uma presta\u00e7\u00e3o de contas e n\u00e3o comentam mais a atua\u00e7\u00e3o do senador e candidato \u00e0 Presid\u00eancia Fl\u00e1vio Bolsonaro nessa busca por investimento junto a Daniel Vorcaro. O senador que se vire para responder.<\/p>\n\n\n\n<p class=\"has-medium-font-size wp-block-paragraph\"><strong>Absten\u00e7\u00e3o e vantagem\/<\/strong> Aliados de Fl\u00e1vio avaliam que dois dos tr\u00eas segmentos que apoiam majoritariamente o presidente Luiz In\u00e1cio Lula da Silva em sua reelei\u00e7\u00e3o ter\u00e3o uma alta taxa de absten\u00e7\u00e3o: os mais pobres e idosos. Com isso, a campanha projeta que os n\u00fameros das pesquisas n\u00e3o est\u00e3o captando algo em torno de 3% a 4% a mais de inten\u00e7\u00f5es para o filho 01.<\/p>\n\n\n\n<p class=\"has-medium-font-size wp-block-paragraph\"><strong>Vis\u00f5es diferentes\/ <\/strong>Enquanto a oposi\u00e7\u00e3o reclamava da falta de audi\u00eancias p\u00fablicas na Comiss\u00e3o de Constitui\u00e7\u00e3o e Justi\u00e7a (CCJ) do Senado para discutir o fim da escala 6 x 1, o presidente da CCJ, Otto Alencar (PSD-BA), divergiu, citando um projeto do senador Paulo Paim (PT-RS) para o mesmo fim: &#8220;Fizemos duas audi\u00eancias p\u00fablicas no ano passado e s\u00f3 compareceram o autor, o relator e eu&#8221;, argumentou.<\/p>\n\n\n<div class=\"wp-block-image\">\n<figure class=\"alignleft size-full\"><a href=\"https:\/\/blogs.correiobraziliense.com.br\/denise\/wp-content\/uploads\/sites\/12\/2026\/06\/imagem_2026-06-04_095344228.png\"><img loading=\"lazy\" decoding=\"async\" width=\"425\" height=\"274\" src=\"https:\/\/blogs.correiobraziliense.com.br\/denise\/wp-content\/uploads\/sites\/12\/2026\/06\/imagem_2026-06-04_095344228.png\" alt=\"\" class=\"wp-image-13600\" srcset=\"https:\/\/blogs.correiobraziliense.com.br\/denise\/wp-content\/uploads\/sites\/12\/2026\/06\/imagem_2026-06-04_095344228.png 425w, https:\/\/blogs.correiobraziliense.com.br\/denise\/wp-content\/uploads\/sites\/12\/2026\/06\/imagem_2026-06-04_095344228-300x193.png 300w, https:\/\/blogs.correiobraziliense.com.br\/denise\/wp-content\/uploads\/sites\/12\/2026\/06\/imagem_2026-06-04_095344228-230x148.png 230w\" sizes=\"auto, (max-width: 425px) 100vw, 425px\" \/><\/a><figcaption class=\"wp-element-caption\">Cr\u00e9dito: Fernando Fraz\u00e3o\/Ag\u00eancia Brasil<\/figcaption><\/figure>\n<\/div>\n\n\n<p class=\"has-medium-font-size wp-block-paragraph\"><strong>Enquanto isso, no Rio de Janeiro&#8230;\/<\/strong> A esquerda fluminense est\u00e1 bem animada com a campanha no estado. Candidatos avaliam que, ap\u00f3s as investiga\u00e7\u00f5es que retiraram o ex-governador Cl\u00e1udio Castro (<em>foto<\/em>) da disputa, o desempenho dos esquerdistas tem sido al\u00e9m do esperado. O campo projeta conseguir eleger a deputada Benedita da Silva (PT) ao Senado e equilibrar as cadeiras na Casa.<\/p>\n\n\n\n<blockquote class=\"wp-block-quote is-layout-flow wp-block-quote-is-layout-flow\">\n<p class=\"has-medium-font-size wp-block-paragraph\"><strong><em>\u201cPolariza\u00e7\u00e3o pode fazer parte da vida, mas n\u00e3o pode conduzir ao \u00f3dio, a olhar ao outro como inimigo. O anormal \u00e9 demonizar quem pensa diferente de voc\u00ea e ver o outro como inimigo\u201d<\/em><\/strong> Dom Paulo Cezar Costa, arcebispo de Bras\u00edlia, ao comentar a import\u00e2ncia do debate Igreja e Politica \u2014 Di\u00e1logos dos Cardeais do Brasil, promovido pela Rede Vida de tev\u00ea, em parceria com outras emissoras cat\u00f3licas<\/p>\n<\/blockquote>\n","protected":false},"excerpt":{"rendered":"<p>As rela\u00e7\u00f5es entre o ministro Alexandre de Moraes e o ex-banqueiro Daniel Vorcaro, e o confronto com o ministro Andr\u00e9 Mendon\u00e7a, ficaram fora da sess\u00e3o do Supremo Tribunal Federal esta semana, num jogo combinado para mostrar que a Corte n\u00e3o deixar\u00e1 de cuidar das suas obriga\u00e7\u00f5es, apesar da crise que se abate sobre o topo do Poder Judici\u00e1rio.<\/p>\n","protected":false},"author":29,"featured_media":14064,"comment_status":"closed","ping_status":"closed","sticky":false,"template":"","format":"standard","meta":{"footnotes":""},"categories":[1568,1559,4,78,725,1448,1566,804,1571,5,1563,281,299,1093],"tags":[388,1498,1674,40,34,277],"class_list":["post-14061","post","type-post","status-publish","format-standard","has-post-thumbnail","hentry","category-6x1","category-banco-master","category-coluna-brasilia-df","category-congresso","category-economia","category-eleicoes-2026","category-flavio-bolsonaro","category-governo-lula","category-pl","category-politica","category-pp","category-senado","category-stf","category-tcu","tag-alexandre-de-moraes","tag-daniel-vorcaro","tag-fim-da-escala-6x1","tag-senado","tag-stf","tag-tcu"],"_links":{"self":[{"href":"https:\/\/blogs.correiobraziliense.com.br\/denise\/wp-json\/wp\/v2\/posts\/14061","targetHints":{"allow":["GET"]}}],"collection":[{"href":"https:\/\/blogs.correiobraziliense.com.br\/denise\/wp-json\/wp\/v2\/posts"}],"about":[{"href":"https:\/\/blogs.correiobraziliense.com.br\/denise\/wp-json\/wp\/v2\/types\/post"}],"author":[{"embeddable":true,"href":"https:\/\/blogs.correiobraziliense.com.br\/denise\/wp-json\/wp\/v2\/users\/29"}],"replies":[{"embeddable":true,"href":"https:\/\/blogs.correiobraziliense.com.br\/denise\/wp-json\/wp\/v2\/comments?post=14061"}],"version-history":[{"count":3,"href":"https:\/\/blogs.correiobraziliense.com.br\/denise\/wp-json\/wp\/v2\/posts\/14061\/revisions"}],"predecessor-version":[{"id":14065,"href":"https:\/\/blogs.correiobraziliense.com.br\/denise\/wp-json\/wp\/v2\/posts\/14061\/revisions\/14065"}],"wp:featuredmedia":[{"embeddable":true,"href":"https:\/\/blogs.correiobraziliense.com.br\/denise\/wp-json\/wp\/v2\/media\/14064"}],"wp:attachment":[{"href":"https:\/\/blogs.correiobraziliense.com.br\/denise\/wp-json\/wp\/v2\/media?parent=14061"}],"wp:term":[{"taxonomy":"category","embeddable":true,"href":"https:\/\/blogs.correiobraziliense.com.br\/denise\/wp-json\/wp\/v2\/categories?post=14061"},{"taxonomy":"post_tag","embeddable":true,"href":"https:\/\/blogs.correiobraziliense.com.br\/denise\/wp-json\/wp\/v2\/tags?post=14061"}],"curies":[{"name":"wp","href":"https:\/\/api.w.org\/{rel}","templated":true}]}}