{"id":14057,"date":"2026-09-02T11:11:17","date_gmt":"2026-09-02T14:11:17","guid":{"rendered":"https:\/\/blogs.correiobraziliense.com.br\/denise\/?p=14057"},"modified":"2026-09-02T11:11:18","modified_gmt":"2026-09-02T14:11:18","slug":"a-hora-de-fachin-assumir","status":"publish","type":"post","link":"https:\/\/blogs.correiobraziliense.com.br\/denise\/a-hora-de-fachin-assumir\/","title":{"rendered":"A hora de Fachin assumir"},"content":{"rendered":"\n<p class=\"has-medium-font-size wp-block-paragraph\"><strong><em>Coluna Bras\u00edlia-DF publicada na quarta-feira, 2 de setembro de 2026, por Denise Rothenburg com Eduarda Esposito<\/em><\/strong><\/p>\n\n\n\n<p class=\"has-medium-font-size wp-block-paragraph\">Quem entende do tra\u00e7ado e \u00e9 do meio jur\u00eddico considera que somente o presidente do Supremo Tribunal Federal possui atribui\u00e7\u00f5es administrativas e compet\u00eancia jurisdicional para abrir sindic\u00e2ncia contra um integrante da Corte, salvo se decidir delegar essa compet\u00eancia a outro colega. Isso significa que o ministro Edson Fachin, o comandante do Supremo, \u00e9 quem tem hoje o poder de investigar o ministro Alexandre de Moraes ou indicar quem deve faz\u00ea-lo. S\u00f3 tem um probleminha a\u00ed: a depender da avalia\u00e7\u00e3o de Fachin, o ministro Andr\u00e9 Mendon\u00e7a perderia toda a relatoria do caso Master. E isso hoje, no STF, passaria a ideia de que querem barrara investiga\u00e7\u00e3o. E diante de uma Suprema Corte t\u00e3o desgastada, fica mais dif\u00edcil.<\/p>\n\n\n<div class=\"wp-block-image\">\n<figure class=\"alignleft size-full\"><a href=\"https:\/\/blogs.correiobraziliense.com.br\/denise\/wp-content\/uploads\/sites\/12\/2026\/09\/imagem_2026-09-02_110608247.png\"><img loading=\"lazy\" decoding=\"async\" width=\"391\" height=\"662\" src=\"https:\/\/blogs.correiobraziliense.com.br\/denise\/wp-content\/uploads\/sites\/12\/2026\/09\/imagem_2026-09-02_110608247.png\" alt=\"\" class=\"wp-image-14058\" srcset=\"https:\/\/blogs.correiobraziliense.com.br\/denise\/wp-content\/uploads\/sites\/12\/2026\/09\/imagem_2026-09-02_110608247.png 391w, https:\/\/blogs.correiobraziliense.com.br\/denise\/wp-content\/uploads\/sites\/12\/2026\/09\/imagem_2026-09-02_110608247-177x300.png 177w, https:\/\/blogs.correiobraziliense.com.br\/denise\/wp-content\/uploads\/sites\/12\/2026\/09\/imagem_2026-09-02_110608247-230x389.png 230w\" sizes=\"auto, (max-width: 391px) 100vw, 391px\" \/><\/a><figcaption class=\"wp-element-caption\">Cr\u00e9dito: Kleber Sales<\/figcaption><\/figure>\n<\/div>\n\n\n<p class=\"has-text-align-center has-medium-font-size wp-block-paragraph\"><strong>\u00bb \u00bb \u00bb \u00bb \u00bb \u00bb<\/strong><\/p>\n\n\n\n<p class=\"has-medium-font-size wp-block-paragraph\"><strong>Um problema para Andr\u00e9\/<\/strong> Dentro da Justi\u00e7a, o que se diz \u00e9 que Andr\u00e9 Mendon\u00e7a, ao esbarrar nos di\u00e1logos suspeitos envolvendo Moraes, deveria suspender todos os seus atos dentro do inqu\u00e9rito do Master e remeter tudo ao presidente do STF para ado\u00e7\u00e3o das provid\u00eancias administrativas e penais. Essa atitude caminha para transformar Fachin em relator de todo o inqu\u00e9rito do Master, salvo se entender que n\u00e3o h\u00e1 conex\u00e3o entre os fatos ora encontrados em rela\u00e7\u00e3o a um ministro e o objeto do inqu\u00e9rito do Master. Esse \u00e9, hoje, o cerne das discuss\u00f5es sobre o futuro do caso Master no STF. \u00c9 hora de enfrentar esse tema que os ministros tentavam contornar, sem expor Moraes. Agora, n\u00e3o d\u00e1 mais.<\/p>\n\n\n\n<h2 class=\"wp-block-heading has-medium-font-size\"><strong>Moraes e a fritura do STF<\/strong><\/h2>\n\n\n\n<p class=\"has-medium-font-size wp-block-paragraph\">Edson Fachin analisa instalar inqu\u00e9rito contra Moraes. Ele est\u00e1 para l\u00e1 de preocupado e considera grave o que foi revelado sobre a rela\u00e7\u00e3o entre o ministro e Daniel Vorcaro. O comandante da Suprema Corte n\u00e3o esperava tamanha crise sob sua gest\u00e3o. Quanto antes o pleno decidir sobre o \u201ccaso Moraes\u201d \u2014 \u00e9 assim que os ministros se referem \u00e0s den\u00fancias \u2014, menos a crise se arrasta. <\/p>\n\n\n\n<h2 class=\"wp-block-heading has-medium-font-size\">Um Sete de Setembro contra Moraes<\/h2>\n\n\n\n<p class=\"has-medium-font-size wp-block-paragraph\">A oposi\u00e7\u00e3o espera aproveitar essas den\u00fancias contra o ministro Moraes como um chamamento para o Sete de Setembro na Avenida Paulista. S\u00f3 tem um probleminha: com a revela\u00e7\u00e3o de outros repasses de dinheiro de Vorcaro para o filme Dark Horse, al\u00e9m do que havia sido divulgado at\u00e9 agora, o senador Fl\u00e1vio Bolsonaro (PL-RJ) tamb\u00e9m ter\u00e1 que se explicar. Afinal, os repasses foram feitos a pedido do presidenci\u00e1vel e, at\u00e9 agora, n\u00e3o h\u00e1 a certeza deque esses valores foram mesmo parar na produ\u00e7\u00e3o do longa-metragem. <\/p>\n\n\n\n<h2 class=\"wp-block-heading has-medium-font-size\"><strong>E os valores s\u00f3 crescem<\/strong><\/h2>\n\n\n\n<p class=\"has-medium-font-size wp-block-paragraph\">A revista Piau\u00ed trouxe \u00e0 tona mais um repasse ao filme, o que eleva de US$ 10 milh\u00f5es para US$ 12,3 milh\u00f5es os valores repassados a um fundo de investimentos para a produ\u00e7\u00e3o. <\/p>\n\n\n\n<h2 class=\"wp-block-heading has-medium-font-size\"><strong>Senado esvaziado<\/strong><\/h2>\n\n\n\n<p class=\"has-medium-font-size wp-block-paragraph\">Com o caso Vorcaro voltando a esquentar o clima seco de Bras\u00edlia, os senadores come\u00e7am a retornar mais cedo do que estava previsto. Afinal, s\u00e3o duas frentes: uma que trata do caso Alexandre de Moraes e outra sobre o financiamento do filme sobre a vida de Jair Bolsonaro.<\/p>\n\n\n\n<h2 class=\"wp-block-heading has-medium-font-size\"><strong>Causa e consequ\u00eancia<\/strong><\/h2>\n\n\n\n<p class=\"has-medium-font-size wp-block-paragraph\">Com as den\u00fancias, as chances de vota\u00e7\u00e3o de projetos importantes s\u00e3o remotas. Os avisos de que muitos voltar\u00e3o aos estados ainda na manh\u00e3 de hoje acendeu um alerta vermelho para a base do governo Lula. S\u00e3o duas propostas de emenda constitucional (PECs) e uma s\u00e9rie de medidas provis\u00f3rias que precisam ser votadas ainda esta semana. Al\u00e9m disso, as PECs t\u00eam de ter qu\u00f3rum qualificado e registro de presen\u00e7a no plen\u00e1rio da Casa.<\/p>\n\n\n\n<h2 class=\"wp-block-heading\"><strong>CURTIDAS<\/strong><\/h2>\n\n\n<div class=\"wp-block-image\">\n<figure class=\"alignleft size-large is-resized\"><a href=\"https:\/\/blogs.correiobraziliense.com.br\/denise\/wp-content\/uploads\/sites\/12\/2026\/09\/55502957717_72b6cf73a0_o.jpg\"><img loading=\"lazy\" decoding=\"async\" width=\"1024\" height=\"683\" src=\"https:\/\/blogs.correiobraziliense.com.br\/denise\/wp-content\/uploads\/sites\/12\/2026\/09\/55502957717_72b6cf73a0_o-1024x683.jpg\" alt=\"\" class=\"wp-image-14059\" style=\"aspect-ratio:1.4992892477398079;width:340px;height:auto\" srcset=\"https:\/\/blogs.correiobraziliense.com.br\/denise\/wp-content\/uploads\/sites\/12\/2026\/09\/55502957717_72b6cf73a0_o-1024x683.jpg 1024w, https:\/\/blogs.correiobraziliense.com.br\/denise\/wp-content\/uploads\/sites\/12\/2026\/09\/55502957717_72b6cf73a0_o-300x200.jpg 300w, https:\/\/blogs.correiobraziliense.com.br\/denise\/wp-content\/uploads\/sites\/12\/2026\/09\/55502957717_72b6cf73a0_o-768x512.jpg 768w, https:\/\/blogs.correiobraziliense.com.br\/denise\/wp-content\/uploads\/sites\/12\/2026\/09\/55502957717_72b6cf73a0_o-1536x1024.jpg 1536w, https:\/\/blogs.correiobraziliense.com.br\/denise\/wp-content\/uploads\/sites\/12\/2026\/09\/55502957717_72b6cf73a0_o-2048x1365.jpg 2048w, https:\/\/blogs.correiobraziliense.com.br\/denise\/wp-content\/uploads\/sites\/12\/2026\/09\/55502957717_72b6cf73a0_o-1440x960.jpg 1440w, https:\/\/blogs.correiobraziliense.com.br\/denise\/wp-content\/uploads\/sites\/12\/2026\/09\/55502957717_72b6cf73a0_o-800x533.jpg 800w, https:\/\/blogs.correiobraziliense.com.br\/denise\/wp-content\/uploads\/sites\/12\/2026\/09\/55502957717_72b6cf73a0_o-550x367.jpg 550w, https:\/\/blogs.correiobraziliense.com.br\/denise\/wp-content\/uploads\/sites\/12\/2026\/09\/55502957717_72b6cf73a0_o-230x153.jpg 230w\" sizes=\"auto, (max-width: 1024px) 100vw, 1024px\" \/><\/a><figcaption class=\"wp-element-caption\">Cr\u00e9dito: Geraldo Magela\/Ag\u00eancia Senado<\/figcaption><\/figure>\n<\/div>\n\n\n<p class=\"has-medium-font-size wp-block-paragraph\"><strong>Haja press\u00e3o\/ <\/strong>O l\u00edder da oposi\u00e7\u00e3o no Senado, Rog\u00e9rio Marinho (PL-RN), conversou com o presidente da Casa, Davi Alcolumbre (Uni\u00e3o-AP), refor\u00e7ando o pedido para que n\u00e3o votasse a PEC do fim da escala 6 x 1 no plen\u00e1rio hoje. Marinho espera que Alcolumbre mantenha o que foi dito anteriormente \u2014 que n\u00e3o haveria aprecia\u00e7\u00e3o da mat\u00e9ria antes das elei\u00e7\u00f5es.<\/p>\n\n\n\n<p class=\"has-medium-font-size wp-block-paragraph\"><strong>Falte, mas responda por isso\/<\/strong> O relator da PEC do fim da escala 6 x 1 na Comiss\u00e3o de Constitui\u00e7\u00e3o e Justi\u00e7a (CCJ) do Senado, Omar Aziz (PSD-AM, <em>foto<\/em>), foi direto: \u201cQuem faltar \u00e0 sess\u00e3o \u00e9 porque n\u00e3o quer votar o fim da 6 x 1. E a imprensa vai mostrar quem s\u00e3o\u201d.<\/p>\n\n\n\n<p class=\"has-medium-font-size wp-block-paragraph\"><strong>As diferen\u00e7as s\u00f3 cresceram\/ <\/strong>Em agosto de 2025, os ministros Moraes e Mendon\u00e7a foram destaque no Forum Empresarial Lide, no Rio de Janeiro. Ali, Mendon\u00e7a foi contundente ao dizer que \u201co Estado de Direito fortalecido demandava uma autoconten\u00e7\u00e3o do Poder Judici\u00e1rio\u201d. No mesmo evento, ao falar ao final, Moraes disse \u201cjuiz que n\u00e3o resiste \u00e0 press\u00e3o que mude de profiss\u00e3o\u201d. Se j\u00e1 estavam em campos opostos l\u00e1 atr\u00e1s, agora, ent\u00e3o, \u00e9 que o caldo entornou de vez.<\/p>\n\n\n\n<p class=\"has-medium-font-size wp-block-paragraph\"><strong>E agora&#8230;\/<\/strong> Vejamos como estar\u00e3o daqui a um ano, depois de divulgada no inqu\u00e9rito uma frase, dita pelo ex-ministro das Comunica\u00e7\u00f5es do governo Bolsonaro, F\u00e1bio Faria, a Daniel Vorcaro, referindo-se a um contrato do ex-banqueiro com o escrit\u00f3rio de advocacia da mulher de Moraes, Viviane Barci: \u201cO careca n\u00e3o pode atrasar\u201d.<\/p>\n\n\n\n<p class=\"has-medium-font-size wp-block-paragraph\"><strong><em>Colaborou Renato Souza<\/em><\/strong><\/p>\n","protected":false},"excerpt":{"rendered":"<p>Quem entende do tra\u00e7ado e \u00e9 do meio jur\u00eddico considera que somente o presidente do Supremo Tribunal Federal possui atribui\u00e7\u00f5es administrativas e compet\u00eancia jurisdicional para abrir sindic\u00e2ncia contra um integrante da Corte, salvo se decidir delegar essa compet\u00eancia a outro colega.<\/p>\n","protected":false},"author":29,"featured_media":14058,"comment_status":"closed","ping_status":"closed","sticky":false,"template":"","format":"standard","meta":{"footnotes":""},"categories":[1568,1559,4,78,725,10,1448,1566,281,299],"tags":[388,1167,1498,1659,1730,34],"class_list":["post-14057","post","type-post","status-publish","format-standard","has-post-thumbnail","hentry","category-6x1","category-banco-master","category-coluna-brasilia-df","category-congresso","category-economia","category-eleicoes","category-eleicoes-2026","category-flavio-bolsonaro","category-senado","category-stf","tag-alexandre-de-moraes","tag-banco-master","tag-daniel-vorcaro","tag-dark-horse","tag-pec-da-fim-da-escala-6x1","tag-stf"],"_links":{"self":[{"href":"https:\/\/blogs.correiobraziliense.com.br\/denise\/wp-json\/wp\/v2\/posts\/14057","targetHints":{"allow":["GET"]}}],"collection":[{"href":"https:\/\/blogs.correiobraziliense.com.br\/denise\/wp-json\/wp\/v2\/posts"}],"about":[{"href":"https:\/\/blogs.correiobraziliense.com.br\/denise\/wp-json\/wp\/v2\/types\/post"}],"author":[{"embeddable":true,"href":"https:\/\/blogs.correiobraziliense.com.br\/denise\/wp-json\/wp\/v2\/users\/29"}],"replies":[{"embeddable":true,"href":"https:\/\/blogs.correiobraziliense.com.br\/denise\/wp-json\/wp\/v2\/comments?post=14057"}],"version-history":[{"count":1,"href":"https:\/\/blogs.correiobraziliense.com.br\/denise\/wp-json\/wp\/v2\/posts\/14057\/revisions"}],"predecessor-version":[{"id":14060,"href":"https:\/\/blogs.correiobraziliense.com.br\/denise\/wp-json\/wp\/v2\/posts\/14057\/revisions\/14060"}],"wp:featuredmedia":[{"embeddable":true,"href":"https:\/\/blogs.correiobraziliense.com.br\/denise\/wp-json\/wp\/v2\/media\/14058"}],"wp:attachment":[{"href":"https:\/\/blogs.correiobraziliense.com.br\/denise\/wp-json\/wp\/v2\/media?parent=14057"}],"wp:term":[{"taxonomy":"category","embeddable":true,"href":"https:\/\/blogs.correiobraziliense.com.br\/denise\/wp-json\/wp\/v2\/categories?post=14057"},{"taxonomy":"post_tag","embeddable":true,"href":"https:\/\/blogs.correiobraziliense.com.br\/denise\/wp-json\/wp\/v2\/tags?post=14057"}],"curies":[{"name":"wp","href":"https:\/\/api.w.org\/{rel}","templated":true}]}}