{"id":14049,"date":"2026-09-01T09:28:08","date_gmt":"2026-09-01T12:28:08","guid":{"rendered":"https:\/\/blogs.correiobraziliense.com.br\/denise\/?p=14049"},"modified":"2026-09-01T09:33:34","modified_gmt":"2026-09-01T12:33:34","slug":"a-economia-e-as-narrativas-sobre-o-funcionalismo","status":"publish","type":"post","link":"https:\/\/blogs.correiobraziliense.com.br\/denise\/a-economia-e-as-narrativas-sobre-o-funcionalismo\/","title":{"rendered":"A economia e as narrativas sobre o funcionalismo"},"content":{"rendered":"\n<p class=\"has-medium-font-size wp-block-paragraph\"><strong><em>Coluna Bras\u00edlia-DF publicada na ter\u00e7a-feira, 1\u2070 de setembro de 2026, por Denise Rothenburg com Eduarda Esposito<\/em><\/strong><\/p>\n\n\n<div class=\"wp-block-image\">\n<figure class=\"alignleft size-large is-resized\"><a href=\"https:\/\/blogs.correiobraziliense.com.br\/denise\/wp-content\/uploads\/sites\/12\/2026\/09\/Screenshot_20260901_090716_ReadEra-scaled.jpg\"><img loading=\"lazy\" decoding=\"async\" width=\"1024\" height=\"685\" src=\"https:\/\/blogs.correiobraziliense.com.br\/denise\/wp-content\/uploads\/sites\/12\/2026\/09\/Screenshot_20260901_090716_ReadEra-1024x685.jpg\" alt=\"Cr\u00e9dito: Maurenilson Freire\" class=\"wp-image-14051\" style=\"aspect-ratio:1.4948954618558143;width:293px;height:auto\" srcset=\"https:\/\/blogs.correiobraziliense.com.br\/denise\/wp-content\/uploads\/sites\/12\/2026\/09\/Screenshot_20260901_090716_ReadEra-1024x685.jpg 1024w, https:\/\/blogs.correiobraziliense.com.br\/denise\/wp-content\/uploads\/sites\/12\/2026\/09\/Screenshot_20260901_090716_ReadEra-300x201.jpg 300w, https:\/\/blogs.correiobraziliense.com.br\/denise\/wp-content\/uploads\/sites\/12\/2026\/09\/Screenshot_20260901_090716_ReadEra-768x514.jpg 768w, https:\/\/blogs.correiobraziliense.com.br\/denise\/wp-content\/uploads\/sites\/12\/2026\/09\/Screenshot_20260901_090716_ReadEra-1536x1028.jpg 1536w, https:\/\/blogs.correiobraziliense.com.br\/denise\/wp-content\/uploads\/sites\/12\/2026\/09\/Screenshot_20260901_090716_ReadEra-2048x1371.jpg 2048w, https:\/\/blogs.correiobraziliense.com.br\/denise\/wp-content\/uploads\/sites\/12\/2026\/09\/Screenshot_20260901_090716_ReadEra-1440x964.jpg 1440w, https:\/\/blogs.correiobraziliense.com.br\/denise\/wp-content\/uploads\/sites\/12\/2026\/09\/Screenshot_20260901_090716_ReadEra-800x535.jpg 800w, https:\/\/blogs.correiobraziliense.com.br\/denise\/wp-content\/uploads\/sites\/12\/2026\/09\/Screenshot_20260901_090716_ReadEra-550x368.jpg 550w, https:\/\/blogs.correiobraziliense.com.br\/denise\/wp-content\/uploads\/sites\/12\/2026\/09\/Screenshot_20260901_090716_ReadEra-230x154.jpg 230w\" sizes=\"auto, (max-width: 1024px) 100vw, 1024px\" \/><\/a><figcaption class=\"wp-element-caption\">Cr\u00e9dito: Maurenilson Freire <\/figcaption><\/figure>\n<\/div>\n\n\n<p class=\"has-medium-font-size wp-block-paragraph\">Com a entrega do Or\u00e7amento da Uni\u00e3o ao Congresso esta semana e os projetos em pauta, o presidente Lula se prepara para dizer, no hor\u00e1rio eleitoral, que seu governo acena com responsabilidade fiscal sem tirar de cena os programas sociais. Encaixar\u00e1 nesse discurso pontos levantados pelo senador Rog\u00e9rio Marinho (PL-RN), coordenador da campanha do senador Fl\u00e1vio Bolsonaro (PL-RJ), sobre uma reforma administrativa que \u201cenfrente as corpora\u00e7\u00f5es\u201d . Durante a participa\u00e7\u00e3o no Macro Day, do BTG Pactual em S\u00e3o Paulo, Marinho n\u00e3o esmiu\u00e7ou a proposta de reforma administrativa, mas disse que \u00e9 preciso enfrentar as corpora\u00e7\u00f5es, algo que, na vis\u00e3o dele, o atual governo n\u00e3o far\u00e1. H\u00e1 um receio, no poder p\u00fablico de forma geral, de que essa reforma administrativa reduza o ingresso por concurso em alguns cargos e que isso represente um afrouxamento nos mecanismos de controle. Inclu\u00eddos a\u00ed a Receita Federal, a Pol\u00edcia Federal, o Minist\u00e9rio P\u00fablico, o pr\u00f3prio Coaf \u2014 o Conselho de Controle de Atividades Financeiras, que, hoje, alerta todas essas institui\u00e7\u00f5es a respeito das transa\u00e7\u00f5es financeiras at\u00edpicas. <\/p>\n\n\n\n<p class=\"has-medium-font-size wp-block-paragraph\"><strong>Retorno ao passado\/<\/strong> Um grupo pensa, inclusive, em recuperar a frase do ent\u00e3o presidente Jair Bolsonaro, numa reuni\u00e3o em 2020, quando ele foi direto ao dizer que n\u00e3o esperaria \u201cf.. a fam\u00edlia\u201d , para trocar algu\u00e9m de seguran\u00e7a na ponta. \u201cSe n\u00e3o puder trocar, troca o chefe, se n\u00e3o puder trocar, troca o ministro\u201d . Ali\u00e1s, com a campanha esquentando, as frases antigas de Bolsonaro ser\u00e3o revisitadas por todos os advers\u00e1rios.<\/p>\n\n\n\n<h2 class=\"wp-block-heading has-medium-font-size\"><strong>Lula e Alcolumbre I<\/strong> <\/h2>\n\n\n\n<p class=\"has-medium-font-size wp-block-paragraph\">Ao indicar o senador Rodrigo Pacheco (PSB-MG) para a vaga de Bruno Dantas no Tribunal de Contas da Uni\u00e3o (TCU), o presidente do Senado, Davi Alcolumbre, garante um lugar de peso para o seu aliado, mas n\u00e3o sela a sua pacifica\u00e7\u00e3o com Lula, uma vez que este posto j\u00e1 \u00e9 de indica\u00e7\u00e3o dos senadores. O que falta para dar os 100% entre Lula e o senador amapaense \u00e9 Alcolumbre desmontar as travas para a aprova\u00e7\u00e3o de Jorge Messias para ministro do Supremo Tribunal Federal. <\/p>\n\n\n\n<h2 class=\"wp-block-heading has-medium-font-size\"><strong>Lula e Alcolumbre II <\/strong><\/h2>\n\n\n\n<p class=\"has-medium-font-size wp-block-paragraph\">Como o leitor da coluna j\u00e1 sabe, o presidente Lula n\u00e3o desistiu de indicar o Advogado-Geral da Uni\u00e3o, Jorge Messias, para a vaga do ministro Lu\u00eds Roberto Barroso no Supremo Tribunal Federal (STF) e planeja fazer isso depois da elei\u00e7\u00e3o. Por\u00e9m, j\u00e1 tem gente apostando que Bruno Dantas n\u00e3o teria deixado o cargo sem a promessa de uma indica\u00e7\u00e3o ao STF. Com isso, duas das poss\u00edveis quatro novas vagas na Suprema Corte seriam destinadas a homens.<\/p>\n\n\n\n<h2 class=\"wp-block-heading has-medium-font-size\"><strong>V\u00e3o dificultar <\/strong><\/h2>\n\n\n\n<p class=\"has-medium-font-size wp-block-paragraph\">A oposi\u00e7\u00e3o no Senado promete uma vota\u00e7\u00e3o demorada da PEC do fim da escala 6&#215;1 na Comiss\u00e3o de Constitui\u00e7\u00e3o e Justi\u00e7a (CCJ). Para isso, preparou um kit obstru\u00e7\u00e3o robusto para comiss\u00e3o e plen\u00e1rio, caso necess\u00e1rio, e garante que votar\u00e1 contra o texto, diferentemente do que ocorreu na C\u00e2mara. De acordo com senadores ouvidos pela coluna, a oposi\u00e7\u00e3o n\u00e3o ir\u00e1 se \u201cfurtar\u201d do compromisso com o Brasil e com quem gera emprego no pa\u00eds, diferente dos deputados que n\u00e3o bancaram o voto contr\u00e1rio. \u201cLula est\u00e1 buscando a bala de prata, que n\u00e3o ocorrer\u00e1\u201d , diz o senador Rog\u00e9rio Marinho. <\/p>\n\n\n\n<h2 class=\"wp-block-heading has-medium-font-size\"><strong>Convoca\u00e7\u00e3o geral<\/strong> <\/h2>\n\n\n\n<p class=\"has-medium-font-size wp-block-paragraph\">Parlamentares da base do governo Lula est\u00e3o a caminho de Bras\u00edlia nesta semana para a poss\u00edvel vota\u00e7\u00e3o da Proposta de Emenda Constitucional (PEC) do fim da escala 6&#215;1 no Senado. Mesmo em per\u00edodo eleitoral, deputados e senadores est\u00e3o confirmando presen\u00e7a no Congresso Nacional hoje e, principalmente, amanh\u00e3. A expectativa no Parlamento \u00e9 a de que o texto seja aprovado na Comiss\u00e3o de Constitui\u00e7\u00e3o e Justi\u00e7a (CCJ) amanh\u00e3.<\/p>\n\n\n\n<h2 class=\"wp-block-heading has-medium-font-size\"><strong>CURTIDAS<\/strong><\/h2>\n\n\n\n<p class=\"has-medium-font-size wp-block-paragraph\"><strong>Efeito Cury\/<\/strong> Se as futuras pesquisas confirmarem o crescimento de Augusto Cury nas pesquisas, o senador Fl\u00e1vio Bolsonaro (PL-RJ) ter\u00e1 que rever a sua disposi\u00e7\u00e3o de n\u00e3o participar de debates. Pelo menos essa \u00e9 a opini\u00e3o de deputados que apoiam a candidatura do senador. \u00c9 que, com v\u00e1rios representantes mais conservadores no p\u00e1reo, quem n\u00e3o se apresentar corre o risco de perder a torcida. <\/p>\n\n\n\n<p class=\"has-medium-font-size wp-block-paragraph\"><strong>O entusiasmo fala\/<\/strong> Se algu\u00e9m tinha alguma d\u00favida sobre para que lado pende o cora\u00e7\u00e3o de, pelo menos, parte dos bar\u00f5es do mercado financeiro nesta elei\u00e7\u00e3o, agora n\u00e3o tem mais. Na plateia do Macro Day, do BTG Pactual, o senador Rog\u00e9rio Marinho (PL-RN), que coordena a campanha de Fl\u00e1vio Bolsonaro, foi ovacionado ao dizer que era preciso tirar o PT. <\/p>\n\n\n\n<p class=\"has-medium-font-size wp-block-paragraph\"><strong>Novos tempos\/<\/strong> Para a mesma plateia do BTG, o vice-presidente Geraldo Alckmin havia dito antes do senador potiguar que h\u00e1 uma tend\u00eancia natural no mundo de redu\u00e7\u00e3o da jornada (e\/ou escala) de trabalho e que era poss\u00edvel a aprova\u00e7\u00e3o da PEC esta semana. Teve gente se remexendo na cadeira. <\/p>\n\n\n<div class=\"wp-block-image\">\n<figure class=\"alignleft size-large is-resized\"><a href=\"https:\/\/blogs.correiobraziliense.com.br\/denise\/wp-content\/uploads\/sites\/12\/2026\/09\/349823-1-scaled.jpg\"><img loading=\"lazy\" decoding=\"async\" width=\"696\" height=\"1024\" src=\"https:\/\/blogs.correiobraziliense.com.br\/denise\/wp-content\/uploads\/sites\/12\/2026\/09\/349823-1-696x1024.jpg\" alt=\"\" class=\"wp-image-14054\" style=\"aspect-ratio:0.6796858855135358;width:242px;height:auto\" srcset=\"https:\/\/blogs.correiobraziliense.com.br\/denise\/wp-content\/uploads\/sites\/12\/2026\/09\/349823-1-696x1024.jpg 696w, https:\/\/blogs.correiobraziliense.com.br\/denise\/wp-content\/uploads\/sites\/12\/2026\/09\/349823-1-204x300.jpg 204w, https:\/\/blogs.correiobraziliense.com.br\/denise\/wp-content\/uploads\/sites\/12\/2026\/09\/349823-1-768x1129.jpg 768w, https:\/\/blogs.correiobraziliense.com.br\/denise\/wp-content\/uploads\/sites\/12\/2026\/09\/349823-1-1045x1536.jpg 1045w, https:\/\/blogs.correiobraziliense.com.br\/denise\/wp-content\/uploads\/sites\/12\/2026\/09\/349823-1-1393x2048.jpg 1393w, https:\/\/blogs.correiobraziliense.com.br\/denise\/wp-content\/uploads\/sites\/12\/2026\/09\/349823-1-1440x2118.jpg 1440w, https:\/\/blogs.correiobraziliense.com.br\/denise\/wp-content\/uploads\/sites\/12\/2026\/09\/349823-1-800x1176.jpg 800w, https:\/\/blogs.correiobraziliense.com.br\/denise\/wp-content\/uploads\/sites\/12\/2026\/09\/349823-1-550x809.jpg 550w, https:\/\/blogs.correiobraziliense.com.br\/denise\/wp-content\/uploads\/sites\/12\/2026\/09\/349823-1-230x338.jpg 230w, https:\/\/blogs.correiobraziliense.com.br\/denise\/wp-content\/uploads\/sites\/12\/2026\/09\/349823-1-scaled.jpg 1741w\" sizes=\"auto, (max-width: 696px) 100vw, 696px\" \/><\/a><figcaption class=\"wp-element-caption\">Cr\u00e9dito: Washington Costa<\/figcaption><\/figure>\n<\/div>\n\n\n<p class=\"has-medium-font-size wp-block-paragraph\"><strong>E a seguran\u00e7a, hein?<\/strong>\/ Logo depois de se referir \u00e0 seguran\u00e7a p\u00fablica como algo que a Constitui\u00e7\u00e3o atribui aos estados e n\u00e3o \u00e0 Uni\u00e3o, o ministro da Fazenda, Dario Durigan (<em>foto<\/em>), se referiu ao anivers\u00e1rio de um ano da Opera\u00e7\u00e3o Carbono Oculto, que desbaratou um esquema do crime organizado para lavar dinheiro usando postos de combust\u00edveis e fundos de investimentos. E foi al\u00e9m, ao dizer que est\u00e1-se montando um sistema de IA para a realiza\u00e7\u00e3o de uma Carbono Oculto a cada dois meses. Se for por a\u00ed, avaliam governistas, Lula pode ter um passe para entrar com o p\u00e9 certo no discurso de combate ao crime organizado. <\/p>\n\n\n\n<p class=\"has-medium-font-size wp-block-paragraph\"><strong><em>Colaborou Luiza Alto\u00e9<\/em><\/strong><\/p>\n\n\n\n<p class=\"has-medium-font-size wp-block-paragraph\"><\/p>\n\n\n\n<p class=\"has-medium-font-size wp-block-paragraph\"><\/p>\n\n\n\n<p class=\"wp-block-paragraph\"><\/p>\n","protected":false},"excerpt":{"rendered":"<p>Com a entrega do Or\u00e7amento da Uni\u00e3o ao Congresso esta semana e os projetos em pauta, o presidente Lula se prepara para dizer, no hor\u00e1rio eleitoral, que seu governo acena com responsabilidade fiscal sem tirar de cena os programas sociais.<\/p>\n","protected":false},"author":29,"featured_media":14051,"comment_status":"closed","ping_status":"closed","sticky":false,"template":"","format":"standard","meta":{"footnotes":""},"categories":[1568,505,4,78,725,10,1448,1566,804,1651,566,1571,5,421,580,281,299,1093],"tags":[20,222,1579,40,34,277],"class_list":["post-14049","post","type-post","status-publish","format-standard","has-post-thumbnail","hentry","category-6x1","category-camara-dos-deputados","category-coluna-brasilia-df","category-congresso","category-economia","category-eleicoes","category-eleicoes-2026","category-flavio-bolsonaro","category-governo-lula","category-ia","category-orcamento","category-pl","category-politica","category-reforma-administrativa","category-seguranca-publica","category-senado","category-stf","category-tcu","tag-eleicoes","tag-orcamento","tag-pec-do-fim-da-escala-6x1","tag-senado","tag-stf","tag-tcu"],"_links":{"self":[{"href":"https:\/\/blogs.correiobraziliense.com.br\/denise\/wp-json\/wp\/v2\/posts\/14049","targetHints":{"allow":["GET"]}}],"collection":[{"href":"https:\/\/blogs.correiobraziliense.com.br\/denise\/wp-json\/wp\/v2\/posts"}],"about":[{"href":"https:\/\/blogs.correiobraziliense.com.br\/denise\/wp-json\/wp\/v2\/types\/post"}],"author":[{"embeddable":true,"href":"https:\/\/blogs.correiobraziliense.com.br\/denise\/wp-json\/wp\/v2\/users\/29"}],"replies":[{"embeddable":true,"href":"https:\/\/blogs.correiobraziliense.com.br\/denise\/wp-json\/wp\/v2\/comments?post=14049"}],"version-history":[{"count":4,"href":"https:\/\/blogs.correiobraziliense.com.br\/denise\/wp-json\/wp\/v2\/posts\/14049\/revisions"}],"predecessor-version":[{"id":14056,"href":"https:\/\/blogs.correiobraziliense.com.br\/denise\/wp-json\/wp\/v2\/posts\/14049\/revisions\/14056"}],"wp:featuredmedia":[{"embeddable":true,"href":"https:\/\/blogs.correiobraziliense.com.br\/denise\/wp-json\/wp\/v2\/media\/14051"}],"wp:attachment":[{"href":"https:\/\/blogs.correiobraziliense.com.br\/denise\/wp-json\/wp\/v2\/media?parent=14049"}],"wp:term":[{"taxonomy":"category","embeddable":true,"href":"https:\/\/blogs.correiobraziliense.com.br\/denise\/wp-json\/wp\/v2\/categories?post=14049"},{"taxonomy":"post_tag","embeddable":true,"href":"https:\/\/blogs.correiobraziliense.com.br\/denise\/wp-json\/wp\/v2\/tags?post=14049"}],"curies":[{"name":"wp","href":"https:\/\/api.w.org\/{rel}","templated":true}]}}