{"id":13934,"date":"2026-08-13T19:22:36","date_gmt":"2026-08-13T22:22:36","guid":{"rendered":"https:\/\/blogs.correiobraziliense.com.br\/denise\/?p=13934"},"modified":"2026-08-13T19:31:21","modified_gmt":"2026-08-13T22:31:21","slug":"jhc-ao-senado-e-marina-a-camara","status":"publish","type":"post","link":"https:\/\/blogs.correiobraziliense.com.br\/denise\/jhc-ao-senado-e-marina-a-camara\/","title":{"rendered":"JHC ao Senado e Marina \u00e0 C\u00e2mara"},"content":{"rendered":"<figure id=\"attachment_13940\" aria-describedby=\"caption-attachment-13940\" style=\"width: 300px\" class=\"wp-caption alignleft\"><a href=\"https:\/\/blogs.correiobraziliense.com.br\/denise\/wp-content\/uploads\/sites\/12\/2026\/08\/jhc-e-marina.png\"><img loading=\"lazy\" decoding=\"async\" class=\"size-medium wp-image-13940\" src=\"https:\/\/blogs.correiobraziliense.com.br\/denise\/wp-content\/uploads\/sites\/12\/2026\/08\/jhc-e-marina-300x184.png\" alt=\"\" width=\"300\" height=\"184\" srcset=\"https:\/\/blogs.correiobraziliense.com.br\/denise\/wp-content\/uploads\/sites\/12\/2026\/08\/jhc-e-marina-300x184.png 300w, https:\/\/blogs.correiobraziliense.com.br\/denise\/wp-content\/uploads\/sites\/12\/2026\/08\/jhc-e-marina-550x338.png 550w, https:\/\/blogs.correiobraziliense.com.br\/denise\/wp-content\/uploads\/sites\/12\/2026\/08\/jhc-e-marina-230x141.png 230w, https:\/\/blogs.correiobraziliense.com.br\/denise\/wp-content\/uploads\/sites\/12\/2026\/08\/jhc-e-marina.png 701w\" sizes=\"auto, (max-width: 300px) 100vw, 300px\" \/><\/a><figcaption id=\"caption-attachment-13940\" class=\"wp-caption-text\">Cr\u00e9dito: divulga\u00e7\u00e3o<\/figcaption><\/figure>\n<p class=\"p1\">\n<p class=\"p1\">\u00a0 \u00a0 O ex-prefeito de Macei\u00f3 Jo\u00e3o Henrique Caldas (JHC), que est\u00e1 filiado ao PSDB, ainda n\u00e3o anunciou oficialmente, mas seus aliados garantem que a decis\u00e3o de concorrer ao Senado est\u00e1 praticamente tomada, conforme apurou o blog. Na \u00faltima segunda-feira, o ex-prefeito esteve no Planalto para um encontro com o presidente Lula, levado pelo ex-prefeito de Recife Jo\u00e3o Campos (PSB). Os dois s\u00e3o amigos e administravam capitais de estados vizinhos. A decis\u00e3o de concorrer ao Senado tem o respaldo da fam\u00edlia. Como o registro da candidatura vai at\u00e9 s\u00e1bado, tem muita gente dizendo que \u00e9 melhor esperar o an\u00fancio oficial, porque a press\u00e3o para que ele dispute o governo continua forte.<\/p>\n<p>\u00a0 \u00a0 A conversa com Lula ocorreu o mesmo dia em que uma opera\u00e7\u00e3o da Pol\u00edcia Federal teve como alvo ex-gestores do Instituto de Previd\u00eancia dos Servidores P\u00fablicos de Macei\u00f3 (Iprev). O prefeito n\u00e3o \u00e9 investigado, mas seus advers\u00e1rios pol\u00edticos planejam usar o esc\u00e2ndalo no instituto para desgastar a imagem do prefeito. Ele, embora tenha uma boa avalia\u00e7\u00e3o na capital, se fosse concorrer ao governo teria que enfrentar o senador Renan Filho (MDB), detentor do apoio da maioria dos prefeitos dos munic\u00edpios alagoanos, e a quem Lula considera um filho.<\/p>\n<p>O movimento de JHC embaralhou ainda mais o cen\u00e1rio pol\u00edtico em Alagoas. A federa\u00e7\u00e3o Uni\u00e3o Progressistas e o PL esperavam que o ex-prefeito confirmasse sua candidatura ao governo do estado e fizesse campanha ao lado do candidato do PP ao Senado, o ex-presidente da C\u00e2mara, Arthur Lira. O senador Fl\u00e1vio Bolsonaro (PL-RJ) chegou a compartilhar uma imagem com o nome de Marina Candida (PSDB), esposa de JHC, como pr\u00e9-candidata ao Senado por Alagoas. A ex-primeira-dama de Macei\u00f3, no entanto, deve concorrer \u00e0 C\u00e2mara dos Deputados, de forma a puxar votos para o PSDB.<\/p>\n<p class=\"p1\">\u00a0 \u00a0 Agora, se JHC registrar uma candidatura ao Senado, tanto a federa\u00e7\u00e3o quanto o PL precisam reajustar a rota, uma vez que Jo\u00e3o Henrique Caldas n\u00e3o definiu se far\u00e1 uma parceria com Lira ou com o senador Renan Calheiros, candidato \u00e0 reelei\u00e7\u00e3o. Quem o conhece diz que o desejo dele \u00e9 ser o segundo voto dos Calheiros e da turma de Arthur Lira. Enquanto embola a disputa para o Senado, o partido de Fl\u00e1vio, que foi buscar em Alagoas o deputado Alfredo Gaspar para ser seu vice, cogitava lan\u00e7ar o nome do vereador de Macei\u00f3 Leonardo Dias (PL) como plano B para o governo caso JHC n\u00e3o concorresse. Nos pr\u00f3ximos dois dias, ainda tem muita conversa em Alagoas.<\/p>\n<p><strong>Com Eduarda Esposito<\/strong><\/p>\n","protected":false},"excerpt":{"rendered":"<p>\u00a0 \u00a0 O ex-prefeito de Macei\u00f3 Jo\u00e3o Henrique Caldas (JHC), que est\u00e1 filiado ao PSDB, ainda n\u00e3o anunciou oficialmente, mas seus aliados garantem que a decis\u00e3o de concorrer ao Senado est\u00e1 praticamente tomada, conforme apurou o blog. Na \u00faltima segunda-feira, o ex-prefeito esteve no Planalto para um encontro com o presidente Lula, levado pelo ex-prefeito de Recife Jo\u00e3o Campos (PSB). [&hellip;]<\/p>\n","protected":false},"author":29,"featured_media":13936,"comment_status":"closed","ping_status":"closed","sticky":false,"template":"","format":"standard","meta":{"footnotes":""},"categories":[10,1448,5,281],"tags":[1154,381,1601,12,40],"class_list":["post-13934","post","type-post","status-publish","format-standard","has-post-thumbnail","hentry","category-eleicoes","category-eleicoes-2026","category-politica","category-senado","tag-alagoas","tag-arthur-lira","tag-jhc","tag-renan-calheiros","tag-senado"],"_links":{"self":[{"href":"https:\/\/blogs.correiobraziliense.com.br\/denise\/wp-json\/wp\/v2\/posts\/13934","targetHints":{"allow":["GET"]}}],"collection":[{"href":"https:\/\/blogs.correiobraziliense.com.br\/denise\/wp-json\/wp\/v2\/posts"}],"about":[{"href":"https:\/\/blogs.correiobraziliense.com.br\/denise\/wp-json\/wp\/v2\/types\/post"}],"author":[{"embeddable":true,"href":"https:\/\/blogs.correiobraziliense.com.br\/denise\/wp-json\/wp\/v2\/users\/29"}],"replies":[{"embeddable":true,"href":"https:\/\/blogs.correiobraziliense.com.br\/denise\/wp-json\/wp\/v2\/comments?post=13934"}],"version-history":[{"count":4,"href":"https:\/\/blogs.correiobraziliense.com.br\/denise\/wp-json\/wp\/v2\/posts\/13934\/revisions"}],"predecessor-version":[{"id":13941,"href":"https:\/\/blogs.correiobraziliense.com.br\/denise\/wp-json\/wp\/v2\/posts\/13934\/revisions\/13941"}],"wp:featuredmedia":[{"embeddable":true,"href":"https:\/\/blogs.correiobraziliense.com.br\/denise\/wp-json\/wp\/v2\/media\/13936"}],"wp:attachment":[{"href":"https:\/\/blogs.correiobraziliense.com.br\/denise\/wp-json\/wp\/v2\/media?parent=13934"}],"wp:term":[{"taxonomy":"category","embeddable":true,"href":"https:\/\/blogs.correiobraziliense.com.br\/denise\/wp-json\/wp\/v2\/categories?post=13934"},{"taxonomy":"post_tag","embeddable":true,"href":"https:\/\/blogs.correiobraziliense.com.br\/denise\/wp-json\/wp\/v2\/tags?post=13934"}],"curies":[{"name":"wp","href":"https:\/\/api.w.org\/{rel}","templated":true}]}}