{"id":13928,"date":"2026-08-13T10:55:47","date_gmt":"2026-08-13T13:55:47","guid":{"rendered":"https:\/\/blogs.correiobraziliense.com.br\/denise\/?p=13928"},"modified":"2026-08-13T10:55:47","modified_gmt":"2026-08-13T13:55:47","slug":"mdb-em-sintonia-com-lula","status":"publish","type":"post","link":"https:\/\/blogs.correiobraziliense.com.br\/denise\/mdb-em-sintonia-com-lula\/","title":{"rendered":"MDB em sintonia com Lula"},"content":{"rendered":"<p><em><strong>Coluna Bras\u00edlia-DF publicada na quinta-feira, 13 de agosto de 2026, por Denise Rothenburg com Eduarda Esposito<\/strong><\/em><\/p>\n<figure id=\"attachment_13930\" aria-describedby=\"caption-attachment-13930\" style=\"width: 300px\" class=\"wp-caption alignleft\"><a href=\"https:\/\/blogs.correiobraziliense.com.br\/denise\/wp-content\/uploads\/sites\/12\/2026\/08\/coluna-13-de-agosto.jpg\"><img loading=\"lazy\" decoding=\"async\" class=\"size-medium wp-image-13930\" src=\"https:\/\/blogs.correiobraziliense.com.br\/denise\/wp-content\/uploads\/sites\/12\/2026\/08\/coluna-13-de-agosto-300x246.jpg\" alt=\"\" width=\"300\" height=\"246\" srcset=\"https:\/\/blogs.correiobraziliense.com.br\/denise\/wp-content\/uploads\/sites\/12\/2026\/08\/coluna-13-de-agosto-300x246.jpg 300w, https:\/\/blogs.correiobraziliense.com.br\/denise\/wp-content\/uploads\/sites\/12\/2026\/08\/coluna-13-de-agosto-768x629.jpg 768w, https:\/\/blogs.correiobraziliense.com.br\/denise\/wp-content\/uploads\/sites\/12\/2026\/08\/coluna-13-de-agosto-1024x839.jpg 1024w, https:\/\/blogs.correiobraziliense.com.br\/denise\/wp-content\/uploads\/sites\/12\/2026\/08\/coluna-13-de-agosto-1440x1180.jpg 1440w, https:\/\/blogs.correiobraziliense.com.br\/denise\/wp-content\/uploads\/sites\/12\/2026\/08\/coluna-13-de-agosto-800x655.jpg 800w, https:\/\/blogs.correiobraziliense.com.br\/denise\/wp-content\/uploads\/sites\/12\/2026\/08\/coluna-13-de-agosto-550x451.jpg 550w, https:\/\/blogs.correiobraziliense.com.br\/denise\/wp-content\/uploads\/sites\/12\/2026\/08\/coluna-13-de-agosto-230x188.jpg 230w\" sizes=\"auto, (max-width: 300px) 100vw, 300px\" \/><\/a><figcaption id=\"caption-attachment-13930\" class=\"wp-caption-text\">Cr\u00e9dito: Caio Gomez<\/figcaption><\/figure>\n<p>Ao anunciar apoio \u00e0 urg\u00eancia para tramita\u00e7\u00e3o de propostas de interesse do governo Lula, o MDB d\u00e1 um passo no sentido de refor\u00e7ar um alinhamento ao presidente da Rep\u00fablica e, de quebra, se apresentar, num ano eleitoral, como defensor de projetos que t\u00eam o apoio da classe trabalhadora \u2014 caso do fim da escala de trabalho 6&#215;1 (seis dias trabalhados para um de folga). O movimento do partido refor\u00e7a o respaldo de uma maioria dos senadores do partido a Luiz In\u00e1cio Lula da Silva. Se levada em conta a foto de Michel Temer e Jos\u00e9 Sarney ao lado de Ronaldo Caiado (PSD), est\u00e1 claro que Fl\u00e1vio Bolsonaro (PL) ter\u00e1 pouco espa\u00e7o entre os caciques do partido e conta apenas com o apoio do prefeito de S\u00e3o Paulo, Ricardo Nunes, que se reelegeu com o apoio do governador Tarc\u00edsio de Freitas (Republicanos).<\/p>\n<p style=\"text-align: center\"><strong>\u00bb \u00bb \u00bb \u00bb <\/strong><\/p>\n<p><strong>A hora do primeiro teste\/<\/strong> O gesto do MDB d\u00e1 ainda um discurso para que o presidente do Senado, Davi Alcolumbre (Uni\u00e3o-AP), coloque as propostas em vota\u00e7\u00e3o. Depois da conversa dele com Lula, espera-se a retomada da normalidade entre os dois Poderes. A ideia \u00e9 aproveitar o pr\u00f3ximo esfor\u00e7o concentrado, na semana de 31 de agosto a 4 de setembro, para tentar votar parte das mat\u00e9rias ainda no per\u00edodo eleitoral.<\/p>\n<h3>Rumo a 2027<\/h3>\n<p>A aproxima\u00e7\u00e3o entre Lula e Alcolumbre vai muito al\u00e9m da vota\u00e7\u00e3o das propostas. Est\u00e3o sobre a mesa para conversas futuras dois assuntos pendentes: o primeiro \u00e9 a escolha do futuro ministro do Supremo Tribunal Federal \u2014 leia-se o advogado da Uni\u00e3o, Jorge Messias \u2014, j\u00e1 rejeitado pelos senadores com a ajuda do presidente do Senado; o segundo \u00e9 a escolha do futuro presidente do Congresso. Conforme o leitor da coluna j\u00e1 sabe, Alcolumbre \u00e9 candidato a mais dois anos no comando do Legislativo e precisar\u00e1 de apoio dos governistas.<\/p>\n<h3>Brasil 2025 x Brasil 2026<\/h3>\n<p>Parlamentares governistas ligados \u00e0 diplomacia afirmam que o novo tarifa\u00e7o de Donald Trump tem menos impacto agora do que em 2025. E isso deve \u00e0 atitude do governo em abrir novos mercados. Dados do governo demonstram que a balan\u00e7a comercial brasileira registrou, at\u00e9 a primeira semana de agosto, um superavit de US$ 51,56 bilh\u00f5es, aumento de 32,2% em rela\u00e7\u00e3o ao mesmo per\u00edodo de 2025.<\/p>\n<h3>Amorim e o teste<\/h3>\n<p>A ida do assessor internacional da Presid\u00eancia da Rep\u00fablica, Celso Amorim, ao Congresso, esta semana, foi aprovada pelos partidos aliados do Planalto. Em suas respostas sobre o crime organizado no pa\u00eds, ele refor\u00e7ou o discurso da soberania e foi incisivo ao dizer que cabe \u00e0s for\u00e7as brasileiras combater as fac\u00e7\u00f5es criminosas. Para completar, disse ter vergonha da \u201cservilidade\u201d aos estrangeiros, sejam americanos, russos ou chineses.<\/p>\n<h3>Renegocia\u00e7\u00e3o volta \u00e0 mesa<\/h3>\n<p>O presidente da Comiss\u00e3o Mista da medida provis\u00f3ria da renegocia\u00e7\u00e3o de d\u00edvidas dos produtores rurais, senador Renan Calheiros (MDB-AL), vai se reunir com o relator, deputado Paulo Pimenta (PT-RS), para negociar o texto. Calheiros defende que a MP editada pelo Minist\u00e9rio da Fazenda deixou de fora o pessoal do Norte e do Nordeste, e isso fere a isonomia. Aliados de Renan afirmam que o senador teme um alinhamento de Pimenta \u00e0 Fazenda. Por isso, vai buscar o relator a fim de garantir o benef\u00edcio aos produtores nortistas e nordestinos.<\/p>\n<h3>CURTIDAS<\/h3>\n<figure id=\"attachment_13931\" aria-describedby=\"caption-attachment-13931\" style=\"width: 300px\" class=\"wp-caption alignleft\"><a href=\"https:\/\/blogs.correiobraziliense.com.br\/denise\/wp-content\/uploads\/sites\/12\/2026\/08\/oab-curtidas.png\"><img loading=\"lazy\" decoding=\"async\" class=\"size-medium wp-image-13931\" src=\"https:\/\/blogs.correiobraziliense.com.br\/denise\/wp-content\/uploads\/sites\/12\/2026\/08\/oab-curtidas-300x184.png\" alt=\"\" width=\"300\" height=\"184\" srcset=\"https:\/\/blogs.correiobraziliense.com.br\/denise\/wp-content\/uploads\/sites\/12\/2026\/08\/oab-curtidas-300x184.png 300w, https:\/\/blogs.correiobraziliense.com.br\/denise\/wp-content\/uploads\/sites\/12\/2026\/08\/oab-curtidas-230x141.png 230w, https:\/\/blogs.correiobraziliense.com.br\/denise\/wp-content\/uploads\/sites\/12\/2026\/08\/oab-curtidas.png 484w\" sizes=\"auto, (max-width: 300px) 100vw, 300px\" \/><\/a><figcaption id=\"caption-attachment-13931\" class=\"wp-caption-text\">Cr\u00e9dito: Divulga\u00e7\u00e3o\/Secom<\/figcaption><\/figure>\n<p><strong>Cai o \u201ctenente coronel\u201d\/<\/strong> O bolsonarista Luciano Zucco (PL-RS) se elegeu para a C\u00e2mara dos Deputados, em 2022, pelo Republicanos com o nome \u201ctenente-coronel Zucco\u201d. Agora, na disputa para o governo do Rio Grande do Sul, o deputado se apresenta apenas como \u201cZucco\u201d. Na C\u00e2mara, muita gente comenta que se trata de uma estrat\u00e9gia para ampliar a vota\u00e7\u00e3o do candidato.<\/p>\n<p><strong>E Alagoas, hein?\/<\/strong> A campanha de Renan Filho ao governo do estado s\u00f3 definir\u00e1 o nome do candidato a vice-governador quando o ex-prefeito de Macei\u00f3, Jo\u00e3o Henrique Caldas (o JHC), resolver se concorrer\u00e1 ao governo, ao Senado ou ficar\u00e1 fora da disputa. No entorno de Renan, h\u00e1 quem duvide que JHC concorra ao governo, uma vez que o senador emedebista tem 95 das 102 prefeituras alagoanas alinhadas \u00e0 sua candidatura.<\/p>\n<p><strong>Se for, vai sozinho\/<\/strong> Membros da c\u00fapula do PL afirmam que n\u00e3o desistir\u00e3o da candidatura de Fl\u00e1vio Roscoe em Minas Gerais para apoiar a candidatura de Cleitinho Azevedo (Republicanos-MG). Interlocutores relembram que o partido esperou at\u00e9 o \u00faltimo momento, mas a indecis\u00e3o do senador n\u00e3o poderia prejudicar os planos do PL no estado.<\/p>\n<p><strong>A hora delas\/<\/strong> Na semana em que se comemora o Dia do Advogado (11 de agosto), as mulheres advogadas especializadas no setor de energia promoveram o I Encontro da Comiss\u00e3o Especial da OAB voltada a esse tema: \u201cQueremos cada vez mais consolidar o espa\u00e7o das mulheres advogadas no setor el\u00e9trico, um dos tantos ambientes de decis\u00e3o historicamente masculinos. \u00c9 fundamental estabelecermos esse di\u00e1logo em um segmento com tanto impacto na sociedade\u201d, diz Fernanda de Paula (ao centro na <em>foto<\/em>), idealizadora do evento.<\/p>\n","protected":false},"excerpt":{"rendered":"<p>Coluna Bras\u00edlia-DF publicada na quinta-feira, 13 de agosto de 2026, por Denise Rothenburg com Eduarda Esposito Ao anunciar apoio \u00e0 urg\u00eancia para tramita\u00e7\u00e3o de propostas de interesse do governo Lula, o MDB d\u00e1 um passo no sentido de refor\u00e7ar um alinhamento ao presidente da Rep\u00fablica e, de quebra, se apresentar, num ano eleitoral, como defensor de projetos que t\u00eam o [&hellip;]<\/p>\n","protected":false},"author":29,"featured_media":13930,"comment_status":"closed","ping_status":"closed","sticky":false,"template":"","format":"standard","meta":{"footnotes":""},"categories":[1568,505,4,78,725,10,1448,804,348,1571,5,281],"tags":[134,20,1713,1163,1579,1714],"class_list":["post-13928","post","type-post","status-publish","format-standard","has-post-thumbnail","hentry","category-6x1","category-camara-dos-deputados","category-coluna-brasilia-df","category-congresso","category-economia","category-eleicoes","category-eleicoes-2026","category-governo-lula","category-mdb","category-pl","category-politica","category-senado","tag-congresso-nacional","tag-eleicoes","tag-minerais-criticos-e-terras-raras","tag-pec-da-seguranca-publica","tag-pec-do-fim-da-escala-6x1","tag-securitizacao-das-dividas"],"_links":{"self":[{"href":"https:\/\/blogs.correiobraziliense.com.br\/denise\/wp-json\/wp\/v2\/posts\/13928","targetHints":{"allow":["GET"]}}],"collection":[{"href":"https:\/\/blogs.correiobraziliense.com.br\/denise\/wp-json\/wp\/v2\/posts"}],"about":[{"href":"https:\/\/blogs.correiobraziliense.com.br\/denise\/wp-json\/wp\/v2\/types\/post"}],"author":[{"embeddable":true,"href":"https:\/\/blogs.correiobraziliense.com.br\/denise\/wp-json\/wp\/v2\/users\/29"}],"replies":[{"embeddable":true,"href":"https:\/\/blogs.correiobraziliense.com.br\/denise\/wp-json\/wp\/v2\/comments?post=13928"}],"version-history":[{"count":2,"href":"https:\/\/blogs.correiobraziliense.com.br\/denise\/wp-json\/wp\/v2\/posts\/13928\/revisions"}],"predecessor-version":[{"id":13932,"href":"https:\/\/blogs.correiobraziliense.com.br\/denise\/wp-json\/wp\/v2\/posts\/13928\/revisions\/13932"}],"wp:featuredmedia":[{"embeddable":true,"href":"https:\/\/blogs.correiobraziliense.com.br\/denise\/wp-json\/wp\/v2\/media\/13930"}],"wp:attachment":[{"href":"https:\/\/blogs.correiobraziliense.com.br\/denise\/wp-json\/wp\/v2\/media?parent=13928"}],"wp:term":[{"taxonomy":"category","embeddable":true,"href":"https:\/\/blogs.correiobraziliense.com.br\/denise\/wp-json\/wp\/v2\/categories?post=13928"},{"taxonomy":"post_tag","embeddable":true,"href":"https:\/\/blogs.correiobraziliense.com.br\/denise\/wp-json\/wp\/v2\/tags?post=13928"}],"curies":[{"name":"wp","href":"https:\/\/api.w.org\/{rel}","templated":true}]}}