{"id":13923,"date":"2026-08-12T11:34:57","date_gmt":"2026-08-12T14:34:57","guid":{"rendered":"https:\/\/blogs.correiobraziliense.com.br\/denise\/?p=13923"},"modified":"2026-08-12T11:34:58","modified_gmt":"2026-08-12T14:34:58","slug":"o-jogo-de-lula","status":"publish","type":"post","link":"https:\/\/blogs.correiobraziliense.com.br\/denise\/o-jogo-de-lula\/","title":{"rendered":"O jogo de Lula"},"content":{"rendered":"<p><em><strong>Coluna Bras\u00edlia-DF publicada na quarta-feira, 12 de agosto de 2026, por Denise Rothenburg com Eduarda Esposito<\/strong><\/em><\/p>\n<figure id=\"attachment_13925\" aria-describedby=\"caption-attachment-13925\" style=\"width: 300px\" class=\"wp-caption alignleft\"><a href=\"https:\/\/blogs.correiobraziliense.com.br\/denise\/wp-content\/uploads\/sites\/12\/2026\/08\/coluna-12-de-agosto.jpg\"><img loading=\"lazy\" decoding=\"async\" class=\"size-medium wp-image-13925\" src=\"https:\/\/blogs.correiobraziliense.com.br\/denise\/wp-content\/uploads\/sites\/12\/2026\/08\/coluna-12-de-agosto-300x210.jpg\" alt=\"\" width=\"300\" height=\"210\" srcset=\"https:\/\/blogs.correiobraziliense.com.br\/denise\/wp-content\/uploads\/sites\/12\/2026\/08\/coluna-12-de-agosto-300x210.jpg 300w, https:\/\/blogs.correiobraziliense.com.br\/denise\/wp-content\/uploads\/sites\/12\/2026\/08\/coluna-12-de-agosto-768x537.jpg 768w, https:\/\/blogs.correiobraziliense.com.br\/denise\/wp-content\/uploads\/sites\/12\/2026\/08\/coluna-12-de-agosto-1024x717.jpg 1024w, https:\/\/blogs.correiobraziliense.com.br\/denise\/wp-content\/uploads\/sites\/12\/2026\/08\/coluna-12-de-agosto-1440x1008.jpg 1440w, https:\/\/blogs.correiobraziliense.com.br\/denise\/wp-content\/uploads\/sites\/12\/2026\/08\/coluna-12-de-agosto-800x560.jpg 800w, https:\/\/blogs.correiobraziliense.com.br\/denise\/wp-content\/uploads\/sites\/12\/2026\/08\/coluna-12-de-agosto-550x385.jpg 550w, https:\/\/blogs.correiobraziliense.com.br\/denise\/wp-content\/uploads\/sites\/12\/2026\/08\/coluna-12-de-agosto-230x161.jpg 230w\" sizes=\"auto, (max-width: 300px) 100vw, 300px\" \/><\/a><figcaption id=\"caption-attachment-13925\" class=\"wp-caption-text\">Cr\u00e9dito: Caio Gomez<\/figcaption><\/figure>\n<p>O presidente Luiz In\u00e1cio Lula da Silva tirou, aos poucos, os partidos de centro da campanha de Fl\u00e1vio Bolsonaro (PL-RJ), inclusive o PP de Ciro Nogueira. Agora, vem a segunda fase: apoios ostensivos. Na segunda-feira, foi o dia de o presidente da C\u00e2mara, Hugo Motta (Republicanos-PB), declarar o apoio \u00e0 reelei\u00e7\u00e3o. Agora, os petistas aguardam gestos semelhantes do presidente do Senado, Davi Alcolumbre (Uni\u00e3o-AP). Alcolumbre chegou pela primeira vez ao comando da Casa pelas m\u00e3os dos bolsonaristas e pela proximidade com o ex-ministro Onyx Lorenzoni. Naquela \u00e9poca, Bolsonaro acabara de ser eleito presidente da Rep\u00fablica e o candidato apoiado pelo PT para Presid\u00eancia do Senado era Renan Calheiros (MDB-AL). Agora, com os bolsonaristas dispostos a eleger um nome mais fiel a Bolsonaro, Alcolumbre se v\u00ea obrigado a buscar uma reaproxima\u00e7\u00e3o com o Pal\u00e1cio do Planalto.<\/p>\n<p style=\"text-align: center\"><strong>\u00bb \u00bb \u00bb <\/strong><\/p>\n<p><strong>Perdas e danos\/<\/strong> O encontro de Lula e Alcolumbre, com a presen\u00e7a do ministro Alexandre de Moraes, do Supremo Tribunal Federal (STF), foi considerado positivo. Do ponto de vista pol\u00edtico, por\u00e9m, esse convescote ainda ser\u00e1 muito explorado por Fl\u00e1vio Bolsonaro, que se referiu, ontem, ao magistrado como \u201co grande articulador pol\u00edtico de Lula\u201d. Dentro do PL, essa aproxima\u00e7\u00e3o \u00e9 mais um motivo para promover o impeachment do ministro, um assunto que esta semana o PL colocou de vez na campanha, com a reuni\u00e3o entre o filho 01 e os senadores.<\/p>\n<h3>Siameses<\/h3>\n<p>A decis\u00e3o de Fl\u00e1vio de n\u00e3o participar de debates depender\u00e1 sempre da presen\u00e7a de Lula. Se o petista n\u00e3o for, o senador tamb\u00e9m n\u00e3o ir\u00e1. A campanha avalia que se expor para potenciais aliados de segundo turno seria prejudicial para o candidato do PL, uma vez que ele se tornaria o alvo com a aus\u00eancia do presidente da Rep\u00fablica. Afinal, tanto Ronaldo Caiado (PSD) quanto Romeu Zema (Novo) e Renan Santos (Miss\u00e3o) atacariam Fl\u00e1vio de olho no segundo lugar que o filho 01 apresenta nas pesquisas.<\/p>\n<h3>S\u00f3 tem um probleminha<\/h3>\n<p>A fuga dos debates, por\u00e9m, pode ser uma faca de dois gumes. Embora Fl\u00e1vio tenha um ex\u00e9rcito nas redes sociais, alguns aliados temem que ele passe a impress\u00e3o de despreparo para tais eventos, algo que n\u00e3o ocorre com Lula, que disputou seis elei\u00e7\u00f5es e participou de v\u00e1rios embates presidenciais.<\/p>\n<h3>Carimbo<\/h3>\n<p>Ao longo da sabatina do Correio Braziliense com os 11 candidatos ao governo do Distrito Federal homologados nas conven\u00e7\u00f5es partid\u00e1rias, todos os 10 advers\u00e1rios da governadora-candidata Celina Le\u00e3o se referiram \u00e0 atual administra\u00e7\u00e3o do GDF como \u201cIbaneis-Celina\u201d ou \u201cCelina-Ibaneis\u201d. Todos querem colar a imagem da governadora no desgaste pol\u00edtico do antecessor, depois do esc\u00e2ndalo Master-BRB e da desist\u00eancia da candidatura ao Senado.<\/p>\n<figure id=\"attachment_13926\" aria-describedby=\"caption-attachment-13926\" style=\"width: 300px\" class=\"wp-caption alignleft\"><a href=\"https:\/\/blogs.correiobraziliense.com.br\/denise\/wp-content\/uploads\/sites\/12\/2026\/08\/N\u00e3o-\u00e9-todo-dia-que-temos-o-privil\u00e9gio-de-tirar-uma-foto-com-dois-ex-presidentes-e-um-futuro-presidente-da-Rep\u00fablica_HEIC.jpg\"><img loading=\"lazy\" decoding=\"async\" class=\"size-medium wp-image-13926\" src=\"https:\/\/blogs.correiobraziliense.com.br\/denise\/wp-content\/uploads\/sites\/12\/2026\/08\/N\u00e3o-\u00e9-todo-dia-que-temos-o-privil\u00e9gio-de-tirar-uma-foto-com-dois-ex-presidentes-e-um-futuro-presidente-da-Rep\u00fablica_HEIC-300x227.jpg\" alt=\"\" width=\"300\" height=\"227\" srcset=\"https:\/\/blogs.correiobraziliense.com.br\/denise\/wp-content\/uploads\/sites\/12\/2026\/08\/N\u00e3o-\u00e9-todo-dia-que-temos-o-privil\u00e9gio-de-tirar-uma-foto-com-dois-ex-presidentes-e-um-futuro-presidente-da-Rep\u00fablica_HEIC-300x227.jpg 300w, https:\/\/blogs.correiobraziliense.com.br\/denise\/wp-content\/uploads\/sites\/12\/2026\/08\/N\u00e3o-\u00e9-todo-dia-que-temos-o-privil\u00e9gio-de-tirar-uma-foto-com-dois-ex-presidentes-e-um-futuro-presidente-da-Rep\u00fablica_HEIC-768x581.jpg 768w, https:\/\/blogs.correiobraziliense.com.br\/denise\/wp-content\/uploads\/sites\/12\/2026\/08\/N\u00e3o-\u00e9-todo-dia-que-temos-o-privil\u00e9gio-de-tirar-uma-foto-com-dois-ex-presidentes-e-um-futuro-presidente-da-Rep\u00fablica_HEIC-1024x774.jpg 1024w, https:\/\/blogs.correiobraziliense.com.br\/denise\/wp-content\/uploads\/sites\/12\/2026\/08\/N\u00e3o-\u00e9-todo-dia-que-temos-o-privil\u00e9gio-de-tirar-uma-foto-com-dois-ex-presidentes-e-um-futuro-presidente-da-Rep\u00fablica_HEIC.jpg 1440w, https:\/\/blogs.correiobraziliense.com.br\/denise\/wp-content\/uploads\/sites\/12\/2026\/08\/N\u00e3o-\u00e9-todo-dia-que-temos-o-privil\u00e9gio-de-tirar-uma-foto-com-dois-ex-presidentes-e-um-futuro-presidente-da-Rep\u00fablica_HEIC-800x605.jpg 800w, https:\/\/blogs.correiobraziliense.com.br\/denise\/wp-content\/uploads\/sites\/12\/2026\/08\/N\u00e3o-\u00e9-todo-dia-que-temos-o-privil\u00e9gio-de-tirar-uma-foto-com-dois-ex-presidentes-e-um-futuro-presidente-da-Rep\u00fablica_HEIC-550x416.jpg 550w, https:\/\/blogs.correiobraziliense.com.br\/denise\/wp-content\/uploads\/sites\/12\/2026\/08\/N\u00e3o-\u00e9-todo-dia-que-temos-o-privil\u00e9gio-de-tirar-uma-foto-com-dois-ex-presidentes-e-um-futuro-presidente-da-Rep\u00fablica_HEIC-230x174.jpg 230w\" sizes=\"auto, (max-width: 300px) 100vw, 300px\" \/><\/a><figcaption id=\"caption-attachment-13926\" class=\"wp-caption-text\">Cr\u00e9dito: Reprodu\u00e7\u00e3o redes sociais<\/figcaption><\/figure>\n<h3>Por quem o MDB raiz torce<\/h3>\n<p>Enquanto o prefeito de S\u00e3o Paulo, Ricardo Nunes, tece loas a Fl\u00e1vio Bolsonaro, os dois emedebistas que j\u00e1 ocuparam a Presid\u00eancia da Rep\u00fablica, Jos\u00e9 Sarney e Michel Temer, posam para fotos ao lado do candidato do PSD, Ronaldo Caiado, na casa (<em>foto<\/em>) do candidato a vice-presidente, Gilberto Kassab (PSD). Caiado, que est\u00e1 morando em S\u00e3o Paulo, tem o apoio ainda de Aldo Rebelo, Her\u00e1clito Fortes, Jorge Bornhausen e Roberto Brant. Todos ex-parlamentares de um tempo em que a pol\u00edtica era feita com mais respeito e di\u00e1logo entre os advers\u00e1rios.<\/p>\n<h3>CURTIDAS<\/h3>\n<p><strong>Nem perguntou\/<\/strong> O PT e a base governista cogitaram o nome do senador Eduardo Braga (MDB-AM) para a relatoria da medida provis\u00f3ria da taxa das blusinhas na comiss\u00e3o mista. O parlamentar sequer foi consultado. Ele concorre \u00e0 reelei\u00e7\u00e3o no Amazonas e o per\u00edodo de campanha se inicia domingo.<\/p>\n<p><strong>Mais um\/<\/strong> O deputado Jadyel Alencar (Republicanos-PI) \u00e9 um dos indicados para a presid\u00eancia da comiss\u00e3o mista da MP da taxa das blusinhas. \u00c9 mais uma indica\u00e7\u00e3o de peso da C\u00e2mara dos Deputados entregue ao partido do presidente da Casa, Hugo Motta (Republicanos-PB). Entretanto, o PT escolheu Reginaldo Lopes (MG) e planeja brigar pelo posto.<\/p>\n<p><strong>Vote sim\/<\/strong> Movimentos sociais ligados \u00e0 prote\u00e7\u00e3o das mulheres marcaram presen\u00e7a na C\u00e2mara dos Deputados, na ter\u00e7a-feira, para pressionar Hugo Motta a colocar o projeto de lei que criminaliza a misoginia em vota\u00e7\u00e3o. As volunt\u00e1rias distribu\u00edram adesivos de apoio \u00e0 mat\u00e9ria, escrito \u201cEu Voto Sim\u201d.<\/p>\n<p><strong>Por falar em Motta&#8230;\/<\/strong> O PL n\u00e3o gostou nada da afirma\u00e7\u00e3o do presidente da C\u00e2mara de que votaria em Lula. Para membros do partido, fica clara a inclina\u00e7\u00e3o de Motta para ajudar o governo com pautas na Casa<\/p>\n","protected":false},"excerpt":{"rendered":"<p>Coluna Bras\u00edlia-DF publicada na quarta-feira, 12 de agosto de 2026, por Denise Rothenburg com Eduarda Esposito O presidente Luiz In\u00e1cio Lula da Silva tirou, aos poucos, os partidos de centro da campanha de Fl\u00e1vio Bolsonaro (PL-RJ), inclusive o PP de Ciro Nogueira. Agora, vem a segunda fase: apoios ostensivos. Na segunda-feira, foi o dia de o presidente da C\u00e2mara, Hugo [&hellip;]<\/p>\n","protected":false},"author":29,"featured_media":13925,"comment_status":"closed","ping_status":"closed","sticky":false,"template":"","format":"standard","meta":{"footnotes":""},"categories":[1559,505,4,78,725,10,1448,1566,804,205,348,684,1571,5,1516,281],"tags":[1166,1712,484,555,134,20,47,234,98,1558,74,1686,340,1602],"class_list":["post-13923","post","type-post","status-publish","format-standard","has-post-thumbnail","hentry","category-banco-master","category-camara-dos-deputados","category-coluna-brasilia-df","category-congresso","category-economia","category-eleicoes","category-eleicoes-2026","category-flavio-bolsonaro","category-governo-lula","category-lula","category-mdb","category-michel-temer","category-pl","category-politica","category-psd","category-senado","tag-brb","tag-caiado","tag-celina-leao","tag-centro","tag-congresso-nacional","tag-eleicoes","tag-flavio-bolsonaro","tag-ibaneis-rocha","tag-lula","tag-master","tag-mdb","tag-misoginia","tag-pl","tag-taxa-das-blusinhas"],"_links":{"self":[{"href":"https:\/\/blogs.correiobraziliense.com.br\/denise\/wp-json\/wp\/v2\/posts\/13923","targetHints":{"allow":["GET"]}}],"collection":[{"href":"https:\/\/blogs.correiobraziliense.com.br\/denise\/wp-json\/wp\/v2\/posts"}],"about":[{"href":"https:\/\/blogs.correiobraziliense.com.br\/denise\/wp-json\/wp\/v2\/types\/post"}],"author":[{"embeddable":true,"href":"https:\/\/blogs.correiobraziliense.com.br\/denise\/wp-json\/wp\/v2\/users\/29"}],"replies":[{"embeddable":true,"href":"https:\/\/blogs.correiobraziliense.com.br\/denise\/wp-json\/wp\/v2\/comments?post=13923"}],"version-history":[{"count":2,"href":"https:\/\/blogs.correiobraziliense.com.br\/denise\/wp-json\/wp\/v2\/posts\/13923\/revisions"}],"predecessor-version":[{"id":13927,"href":"https:\/\/blogs.correiobraziliense.com.br\/denise\/wp-json\/wp\/v2\/posts\/13923\/revisions\/13927"}],"wp:featuredmedia":[{"embeddable":true,"href":"https:\/\/blogs.correiobraziliense.com.br\/denise\/wp-json\/wp\/v2\/media\/13925"}],"wp:attachment":[{"href":"https:\/\/blogs.correiobraziliense.com.br\/denise\/wp-json\/wp\/v2\/media?parent=13923"}],"wp:term":[{"taxonomy":"category","embeddable":true,"href":"https:\/\/blogs.correiobraziliense.com.br\/denise\/wp-json\/wp\/v2\/categories?post=13923"},{"taxonomy":"post_tag","embeddable":true,"href":"https:\/\/blogs.correiobraziliense.com.br\/denise\/wp-json\/wp\/v2\/tags?post=13923"}],"curies":[{"name":"wp","href":"https:\/\/api.w.org\/{rel}","templated":true}]}}