{"id":13917,"date":"2026-08-11T09:25:43","date_gmt":"2026-08-11T12:25:43","guid":{"rendered":"https:\/\/blogs.correiobraziliense.com.br\/denise\/?p=13917"},"modified":"2026-08-11T09:25:43","modified_gmt":"2026-08-11T12:25:43","slug":"master-e-inss-balancam-campanhas","status":"publish","type":"post","link":"https:\/\/blogs.correiobraziliense.com.br\/denise\/master-e-inss-balancam-campanhas\/","title":{"rendered":"Master e INSS balan\u00e7am campanhas"},"content":{"rendered":"<p><em><strong>Coluna Bras\u00edlia-DF publicada na ter\u00e7a-feira, 11 de agosto de 2026, por Denise Rothenburg com Eduarda Esposito<\/strong><\/em><\/p>\n<figure id=\"attachment_13920\" aria-describedby=\"caption-attachment-13920\" style=\"width: 300px\" class=\"wp-caption alignleft\"><a href=\"https:\/\/blogs.correiobraziliense.com.br\/denise\/wp-content\/uploads\/sites\/12\/2026\/08\/coluna-11-de-agosto.jpg\"><img loading=\"lazy\" decoding=\"async\" class=\"size-medium wp-image-13920\" src=\"https:\/\/blogs.correiobraziliense.com.br\/denise\/wp-content\/uploads\/sites\/12\/2026\/08\/coluna-11-de-agosto-300x278.jpg\" alt=\"\" width=\"300\" height=\"278\" srcset=\"https:\/\/blogs.correiobraziliense.com.br\/denise\/wp-content\/uploads\/sites\/12\/2026\/08\/coluna-11-de-agosto-300x278.jpg 300w, https:\/\/blogs.correiobraziliense.com.br\/denise\/wp-content\/uploads\/sites\/12\/2026\/08\/coluna-11-de-agosto-768x711.jpg 768w, https:\/\/blogs.correiobraziliense.com.br\/denise\/wp-content\/uploads\/sites\/12\/2026\/08\/coluna-11-de-agosto-1024x948.jpg 1024w, https:\/\/blogs.correiobraziliense.com.br\/denise\/wp-content\/uploads\/sites\/12\/2026\/08\/coluna-11-de-agosto-1440x1333.jpg 1440w, https:\/\/blogs.correiobraziliense.com.br\/denise\/wp-content\/uploads\/sites\/12\/2026\/08\/coluna-11-de-agosto-800x740.jpg 800w, https:\/\/blogs.correiobraziliense.com.br\/denise\/wp-content\/uploads\/sites\/12\/2026\/08\/coluna-11-de-agosto-550x509.jpg 550w, https:\/\/blogs.correiobraziliense.com.br\/denise\/wp-content\/uploads\/sites\/12\/2026\/08\/coluna-11-de-agosto-230x213.jpg 230w\" sizes=\"auto, (max-width: 300px) 100vw, 300px\" \/><\/a><figcaption id=\"caption-attachment-13920\" class=\"wp-caption-text\">Cr\u00e9dito: Caio Gomez<\/figcaption><\/figure>\n<p>A opera\u00e7\u00e3o da Pol\u00edcia Federal de ontem, em Alagoas, foi recebida no meio pol\u00edtico como mais um sinal de que o esc\u00e2ndalo do Banco Master ainda tem muito potencial para colocar candidaturas na berlinda. Dessa vez, a opera\u00e7\u00e3o teve como alvo principal o secret\u00e1rio de Fazenda de Macei\u00f3, Jo\u00e3o Felipe Alves Borges, que est\u00e1 no cargo desde o in\u00edcio da gest\u00e3o de Jo\u00e3o Henrique Caldas na prefeitura, em 2021. Agora j\u00e1 fora do Executivo municipal e disposto a concorrer a um mandato eletivo, seja governo estadual, seja Senado, JHC, embora n\u00e3o seja alvo da opera\u00e7\u00e3o, ser\u00e1 chamado pelos advers\u00e1rios a explicar por que n\u00e3o evitou a aplica\u00e7\u00e3o de R$ 97 milh\u00f5es do Instituto de Previd\u00eancia de Macei\u00f3 no Master.<\/p>\n<p style=\"text-align: center\"><strong>\u00bb \u00bb \u00bb \u00bb<\/strong><\/p>\n<p><strong>At\u00e9 aqui&#8230;\/<\/strong> O imbr\u00f3glio alagoano \u00e9 mais um em meio aos que j\u00e1 surgiram no rastro do Master e do roubo dos aposentados e pensionistas do INSS. Na semana passada, foi o senador Weverton Rocha (PDT-MA), alvo de mais uma fase da Opera\u00e7\u00e3o Sem Desconto \u2014 sobre o esc\u00e2ndalo da Previd\u00eancia \u2014, que ainda se mant\u00e9m candidato, mas obrigado a se explicar. No DF, Ibaneis Rocha desistiu do Senado. No Rio de Janeiro, o ex-governador Cl\u00e1udio Castro tamb\u00e9m se afastou da disputa eleitoral, depois que veio a p\u00fablico sua liga\u00e7\u00e3o com Daniel Vorcaro. Quem continua firme fazendo campanha no Piau\u00ed e sem mencionar o caso \u00e9 o presidente do PP, o senador Ciro Nogueira. At\u00e9 s\u00e1bado, data-limite para registro das candidaturas, muita coisa ainda vai mudar Brasil afora.<\/p>\n<h3>Ponto central<\/h3>\n<p>A tomar pelo discurso dos candidatos a senador pelo PL Brasil afora, o Supremo Tribunal Federal ir\u00e1 dominar os debates para o Senado. A maioria deles, sem exce\u00e7\u00e3o, menciona a necessidade de colocar os pedidos de impeachment dos ministros para tramitar. E hoje, na reuni\u00e3o de Fl\u00e1vio Bolsonaro com os candidatos, ficar\u00e1 decidido que esses ataques ao STF ter\u00e3o que estar presentes no discurso.<\/p>\n<h3>Alcolumbre que se cuide<\/h3>\n<p>Para cumprir seu objetivo, os bolsonaristas esperam eleger, no m\u00ednimo, 30 senadores. Se atingir esse n\u00famero, um bolsonarista ser\u00e1 guindado ao comando do Senado com a miss\u00e3o de colocar os processos em andamento. E j\u00e1 est\u00e1 decidido que este candidato para comandar\u00a0a Casa n\u00e3o ser\u00e1 Davi Alcolumbre (Uni\u00e3o-AP).<\/p>\n<h3>Por falar em Fl\u00e1vio&#8230;<\/h3>\n<p>Candidato ao governo de S\u00e3o Paulo, o ex-minsitro Fernando Haddad (PT) aproveitou a entrevista \u00e0 CNN para se referir ao patrim\u00f4nio de Fl\u00e1vio Bolsonaro e aos im\u00f3veis comprados com dinheiro vivo. Ainda se referiu ao dinheiro obtido com Daniel Vorcaro para o filme Dark Horse, sobre o ex-presidente Jair Bolsonaro.<\/p>\n<h3>E o Congresso, hein?<\/h3>\n<p>A semana ser\u00e1 de esfor\u00e7o concentrado, mas nem tanto. \u00c9 que foi aberta a possibilidade de vota\u00e7\u00e3o pelo sistema Infoleg, em que o parlamentar pode votar de forma remota. Vai ter muito candidato que n\u00e3o pisar\u00e1 em Brasilia.<\/p>\n<h3>CURTIDA<\/h3>\n<figure id=\"attachment_13921\" aria-describedby=\"caption-attachment-13921\" style=\"width: 300px\" class=\"wp-caption alignleft\"><a href=\"https:\/\/blogs.correiobraziliense.com.br\/denise\/wp-content\/uploads\/sites\/12\/2026\/08\/anthony_garotinho-28535300.jpg\"><img loading=\"lazy\" decoding=\"async\" class=\"size-medium wp-image-13921\" src=\"https:\/\/blogs.correiobraziliense.com.br\/denise\/wp-content\/uploads\/sites\/12\/2026\/08\/anthony_garotinho-28535300-300x179.jpg\" alt=\"\" width=\"300\" height=\"179\" srcset=\"https:\/\/blogs.correiobraziliense.com.br\/denise\/wp-content\/uploads\/sites\/12\/2026\/08\/anthony_garotinho-28535300-300x179.jpg 300w, https:\/\/blogs.correiobraziliense.com.br\/denise\/wp-content\/uploads\/sites\/12\/2026\/08\/anthony_garotinho-28535300-768x459.jpg 768w, https:\/\/blogs.correiobraziliense.com.br\/denise\/wp-content\/uploads\/sites\/12\/2026\/08\/anthony_garotinho-28535300-1024x612.jpg 1024w, https:\/\/blogs.correiobraziliense.com.br\/denise\/wp-content\/uploads\/sites\/12\/2026\/08\/anthony_garotinho-28535300-800x478.jpg 800w, https:\/\/blogs.correiobraziliense.com.br\/denise\/wp-content\/uploads\/sites\/12\/2026\/08\/anthony_garotinho-28535300-550x329.jpg 550w, https:\/\/blogs.correiobraziliense.com.br\/denise\/wp-content\/uploads\/sites\/12\/2026\/08\/anthony_garotinho-28535300-230x137.jpg 230w, https:\/\/blogs.correiobraziliense.com.br\/denise\/wp-content\/uploads\/sites\/12\/2026\/08\/anthony_garotinho-28535300.jpg 1200w\" sizes=\"auto, (max-width: 300px) 100vw, 300px\" \/><\/a><figcaption id=\"caption-attachment-13921\" class=\"wp-caption-text\">Cr\u00e9dito: Renato Ara\u00fajo\/Ag\u00eancia Brasil<\/figcaption><\/figure>\n<p><strong>Sem defensor\/<\/strong> O ex-governador do Rio de Janeiro Anthony Garotinho (Republicanos,<em> foto<\/em>) aproveitou o debate da Band com os candidatos ao governo estadual para dar uma cutucada no presidenci\u00e1vel Fl\u00e1vio Bolsonaro. \u201cFl\u00e1vio, vou mandar um recado para voc\u00ea. Que vergonha, teu candidato n\u00e3o te defende\u201d, afirmou.<\/p>\n<p><strong>Cada um por si\/<\/strong> Garotinho referia-se aos ataques a Fl\u00e1vio proferidos pelo candidato William Siri (PSol) durante o debate no estado e a falta de uma palavrinha em prol do Zero Um de Jair Bolsonaro por parte de Douglas Ruas, que concorre ao governo\u00a0fluminense pelo PL.<\/p>\n<p><strong>Esquenta 2030\/<\/strong> Assim os pol\u00edticos est\u00e3o se referindo ao debate entre os candidatos ao governo de S\u00e3o Paulo\u00a0\u2014 Tarc\u00edsio de Freitas (Republicanos), que concorre \u00e0 reelei\u00e7\u00e3o, e o ex-ministro da Fazenda Fernando Haddad. \u00c9 que ambos s\u00e3o considerados apostas para a Presid\u00eancia da Rep\u00fablica na pr\u00f3xima elei\u00e7\u00e3o.<\/p>\n<p><strong>\u00c9 hoje!\/<\/strong> De 7h at\u00e9 17h, o Correio Braziliense entrevistar\u00e1 todos os candidatos ao Governo do Distrito Federal. \u00c9 o compromisso do jornal em manter o eleitor informado sobre projetos e planos para a capital do pa\u00eds. Acompanhe pelas redes sociais do Correio, pelo site do jornal e pela edi\u00e7\u00e3o impressa de amanh\u00e3.<\/p>\n","protected":false},"excerpt":{"rendered":"<p>Coluna Bras\u00edlia-DF publicada na ter\u00e7a-feira, 11 de agosto de 2026, por Denise Rothenburg com Eduarda Esposito A opera\u00e7\u00e3o da Pol\u00edcia Federal de ontem, em Alagoas, foi recebida no meio pol\u00edtico como mais um sinal de que o esc\u00e2ndalo do Banco Master ainda tem muito potencial para colocar candidaturas na berlinda. Dessa vez, a opera\u00e7\u00e3o teve como alvo principal o secret\u00e1rio [&hellip;]<\/p>\n","protected":false},"author":29,"featured_media":13920,"comment_status":"closed","ping_status":"closed","sticky":false,"template":"","format":"standard","meta":{"footnotes":""},"categories":[1559,505,4,78,1221,10,1448,1566,5,281,299],"tags":[1167,810,134,20,47,1203,340,40],"class_list":["post-13917","post","type-post","status-publish","format-standard","has-post-thumbnail","hentry","category-banco-master","category-camara-dos-deputados","category-coluna-brasilia-df","category-congresso","category-crise-no-inss","category-eleicoes","category-eleicoes-2026","category-flavio-bolsonaro","category-politica","category-senado","category-stf","tag-banco-master","tag-bolsonaristas","tag-congresso-nacional","tag-eleicoes","tag-flavio-bolsonaro","tag-inss","tag-pl","tag-senado"],"_links":{"self":[{"href":"https:\/\/blogs.correiobraziliense.com.br\/denise\/wp-json\/wp\/v2\/posts\/13917","targetHints":{"allow":["GET"]}}],"collection":[{"href":"https:\/\/blogs.correiobraziliense.com.br\/denise\/wp-json\/wp\/v2\/posts"}],"about":[{"href":"https:\/\/blogs.correiobraziliense.com.br\/denise\/wp-json\/wp\/v2\/types\/post"}],"author":[{"embeddable":true,"href":"https:\/\/blogs.correiobraziliense.com.br\/denise\/wp-json\/wp\/v2\/users\/29"}],"replies":[{"embeddable":true,"href":"https:\/\/blogs.correiobraziliense.com.br\/denise\/wp-json\/wp\/v2\/comments?post=13917"}],"version-history":[{"count":3,"href":"https:\/\/blogs.correiobraziliense.com.br\/denise\/wp-json\/wp\/v2\/posts\/13917\/revisions"}],"predecessor-version":[{"id":13922,"href":"https:\/\/blogs.correiobraziliense.com.br\/denise\/wp-json\/wp\/v2\/posts\/13917\/revisions\/13922"}],"wp:featuredmedia":[{"embeddable":true,"href":"https:\/\/blogs.correiobraziliense.com.br\/denise\/wp-json\/wp\/v2\/media\/13920"}],"wp:attachment":[{"href":"https:\/\/blogs.correiobraziliense.com.br\/denise\/wp-json\/wp\/v2\/media?parent=13917"}],"wp:term":[{"taxonomy":"category","embeddable":true,"href":"https:\/\/blogs.correiobraziliense.com.br\/denise\/wp-json\/wp\/v2\/categories?post=13917"},{"taxonomy":"post_tag","embeddable":true,"href":"https:\/\/blogs.correiobraziliense.com.br\/denise\/wp-json\/wp\/v2\/tags?post=13917"}],"curies":[{"name":"wp","href":"https:\/\/api.w.org\/{rel}","templated":true}]}}