{"id":13885,"date":"2026-08-04T19:48:19","date_gmt":"2026-08-04T22:48:19","guid":{"rendered":"https:\/\/blogs.correiobraziliense.com.br\/denise\/?p=13885"},"modified":"2026-08-04T19:51:17","modified_gmt":"2026-08-04T22:51:17","slug":"podemos-anuncia-neutralidade-na-corrida-ao-planalto","status":"publish","type":"post","link":"https:\/\/blogs.correiobraziliense.com.br\/denise\/podemos-anuncia-neutralidade-na-corrida-ao-planalto\/","title":{"rendered":"Podemos anuncia neutralidade na corrida ao Planalto"},"content":{"rendered":"<figure id=\"attachment_13887\" aria-describedby=\"caption-attachment-13887\" style=\"width: 300px\" class=\"wp-caption alignleft\"><a href=\"https:\/\/blogs.correiobraziliense.com.br\/denise\/wp-content\/uploads\/sites\/12\/2026\/08\/img20251216224745652.jpg\"><img loading=\"lazy\" decoding=\"async\" class=\"size-medium wp-image-13887\" src=\"https:\/\/blogs.correiobraziliense.com.br\/denise\/wp-content\/uploads\/sites\/12\/2026\/08\/img20251216224745652-300x185.jpg\" alt=\"\" width=\"300\" height=\"185\" srcset=\"https:\/\/blogs.correiobraziliense.com.br\/denise\/wp-content\/uploads\/sites\/12\/2026\/08\/img20251216224745652-300x185.jpg 300w, https:\/\/blogs.correiobraziliense.com.br\/denise\/wp-content\/uploads\/sites\/12\/2026\/08\/img20251216224745652-768x474.jpg 768w, https:\/\/blogs.correiobraziliense.com.br\/denise\/wp-content\/uploads\/sites\/12\/2026\/08\/img20251216224745652-1024x631.jpg 1024w, https:\/\/blogs.correiobraziliense.com.br\/denise\/wp-content\/uploads\/sites\/12\/2026\/08\/img20251216224745652-1440x888.jpg 1440w, https:\/\/blogs.correiobraziliense.com.br\/denise\/wp-content\/uploads\/sites\/12\/2026\/08\/img20251216224745652-800x493.jpg 800w, https:\/\/blogs.correiobraziliense.com.br\/denise\/wp-content\/uploads\/sites\/12\/2026\/08\/img20251216224745652-550x339.jpg 550w, https:\/\/blogs.correiobraziliense.com.br\/denise\/wp-content\/uploads\/sites\/12\/2026\/08\/img20251216224745652-230x142.jpg 230w\" sizes=\"auto, (max-width: 300px) 100vw, 300px\" \/><\/a><figcaption id=\"caption-attachment-13887\" class=\"wp-caption-text\">Cr\u00e9dito: Bruno Spada\/C\u00e2mara dos Deputados<\/figcaption><\/figure>\n<p><strong>Por Eduarda Esposito \u2014\u00a0<\/strong>A presidente do Podemos, deputada federal Renata Abreu (SP), anunciou a neutralidade da legenda na elei\u00e7\u00e3o para a Presid\u00eancia da Rep\u00fablica deste ano. De acordo com Abreu, o partido ouviu todos os diret\u00f3rios estaduais e decidiu n\u00e3o formalizar apoio a nenhum candidato ao Planalto. &#8220;Depois de ouvir o partido de norte a sul, de construir essa decis\u00e3o de forma coletiva, que o Podemos definiu permanecer neutro na disputa presidencial&#8221;, disse em v\u00eddeo divulgado pela legenda.<\/p>\n<p>O Podemos era uma das legendas procuradas pelo candidato do PL, senador Fl\u00e1vio Bolsonaro (RJ), para compor uma chapa Planalto. A deputada Renata Abreu era cotada para ocupar o cargo, mas com a neutralidade confirmada, o PL dever\u00e1 encontrar outro caminho.<\/p>\n<p>Ao mesmo tempo, o PL chamou uma coletiva para esta quarta-feira (5\/8) \u00e0s 11h na sede nacional do partido em Bras\u00edlia para anunciar a chapa de Fl\u00e1vio ao Planalto.<\/p>\n","protected":false},"excerpt":{"rendered":"<p>Por Eduarda Esposito \u2014\u00a0A presidente do Podemos, deputada federal Renata Abreu (SP), anunciou a neutralidade da legenda na elei\u00e7\u00e3o para a Presid\u00eancia da Rep\u00fablica deste ano. De acordo com Abreu, o partido ouviu todos os diret\u00f3rios estaduais e decidiu n\u00e3o formalizar apoio a nenhum candidato ao Planalto. &#8220;Depois de ouvir o partido de norte a sul, de construir essa decis\u00e3o [&hellip;]<\/p>\n","protected":false},"author":29,"featured_media":13887,"comment_status":"closed","ping_status":"closed","sticky":false,"template":"","format":"standard","meta":{"footnotes":""},"categories":[10,1448,1566,1571,5],"tags":[20,340,818,1404],"class_list":["post-13885","post","type-post","status-publish","format-standard","has-post-thumbnail","hentry","category-eleicoes","category-eleicoes-2026","category-flavio-bolsonaro","category-pl","category-politica","tag-eleicoes","tag-pl","tag-podemos","tag-renata-abreu"],"_links":{"self":[{"href":"https:\/\/blogs.correiobraziliense.com.br\/denise\/wp-json\/wp\/v2\/posts\/13885","targetHints":{"allow":["GET"]}}],"collection":[{"href":"https:\/\/blogs.correiobraziliense.com.br\/denise\/wp-json\/wp\/v2\/posts"}],"about":[{"href":"https:\/\/blogs.correiobraziliense.com.br\/denise\/wp-json\/wp\/v2\/types\/post"}],"author":[{"embeddable":true,"href":"https:\/\/blogs.correiobraziliense.com.br\/denise\/wp-json\/wp\/v2\/users\/29"}],"replies":[{"embeddable":true,"href":"https:\/\/blogs.correiobraziliense.com.br\/denise\/wp-json\/wp\/v2\/comments?post=13885"}],"version-history":[{"count":4,"href":"https:\/\/blogs.correiobraziliense.com.br\/denise\/wp-json\/wp\/v2\/posts\/13885\/revisions"}],"predecessor-version":[{"id":13890,"href":"https:\/\/blogs.correiobraziliense.com.br\/denise\/wp-json\/wp\/v2\/posts\/13885\/revisions\/13890"}],"wp:featuredmedia":[{"embeddable":true,"href":"https:\/\/blogs.correiobraziliense.com.br\/denise\/wp-json\/wp\/v2\/media\/13887"}],"wp:attachment":[{"href":"https:\/\/blogs.correiobraziliense.com.br\/denise\/wp-json\/wp\/v2\/media?parent=13885"}],"wp:term":[{"taxonomy":"category","embeddable":true,"href":"https:\/\/blogs.correiobraziliense.com.br\/denise\/wp-json\/wp\/v2\/categories?post=13885"},{"taxonomy":"post_tag","embeddable":true,"href":"https:\/\/blogs.correiobraziliense.com.br\/denise\/wp-json\/wp\/v2\/tags?post=13885"}],"curies":[{"name":"wp","href":"https:\/\/api.w.org\/{rel}","templated":true}]}}