{"id":13826,"date":"2026-07-24T11:42:32","date_gmt":"2026-07-24T14:42:32","guid":{"rendered":"https:\/\/blogs.correiobraziliense.com.br\/denise\/?p=13826"},"modified":"2026-07-24T11:42:32","modified_gmt":"2026-07-24T14:42:32","slug":"motivos-para-as-desculpas-de-flavio","status":"publish","type":"post","link":"https:\/\/blogs.correiobraziliense.com.br\/denise\/motivos-para-as-desculpas-de-flavio\/","title":{"rendered":"Motivos para as desculpas de Fl\u00e1vio"},"content":{"rendered":"<p><strong><em>Coluna Bras\u00edlia-DF publicada na sexta-feira, 24 de julho de 2026, por Denise Rothenburg com Eduarda Esposito<\/em><\/strong><\/p>\n<figure id=\"attachment_13828\" aria-describedby=\"caption-attachment-13828\" style=\"width: 300px\" class=\"wp-caption alignleft\"><a href=\"https:\/\/blogs.correiobraziliense.com.br\/denise\/wp-content\/uploads\/sites\/12\/2026\/07\/imagem_2026-07-24_113933069.png\"><img loading=\"lazy\" decoding=\"async\" class=\"size-medium wp-image-13828\" src=\"https:\/\/blogs.correiobraziliense.com.br\/denise\/wp-content\/uploads\/sites\/12\/2026\/07\/imagem_2026-07-24_113933069-300x206.png\" alt=\"\" width=\"300\" height=\"206\" srcset=\"https:\/\/blogs.correiobraziliense.com.br\/denise\/wp-content\/uploads\/sites\/12\/2026\/07\/imagem_2026-07-24_113933069-300x206.png 300w, https:\/\/blogs.correiobraziliense.com.br\/denise\/wp-content\/uploads\/sites\/12\/2026\/07\/imagem_2026-07-24_113933069-550x378.png 550w, https:\/\/blogs.correiobraziliense.com.br\/denise\/wp-content\/uploads\/sites\/12\/2026\/07\/imagem_2026-07-24_113933069-230x158.png 230w, https:\/\/blogs.correiobraziliense.com.br\/denise\/wp-content\/uploads\/sites\/12\/2026\/07\/imagem_2026-07-24_113933069.png 570w\" sizes=\"auto, (max-width: 300px) 100vw, 300px\" \/><\/a><figcaption id=\"caption-attachment-13828\" class=\"wp-caption-text\">Cr\u00e9dito: Caio Gomez<\/figcaption><\/figure>\n<p>O senador Fl\u00e1vio Bolsonaro demorou mais de um m\u00eas para pedir desculpas \u00e0 ex-primeira-dama Michelle Bolsonaro pela desconsidera\u00e7\u00e3o com que a tratou quando foi guindado \u00e0 condi\u00e7\u00e3o de pr\u00e9-candidato do PL ao Planalto. Agora, por\u00e9m, diante das in\u00fameras dificuldades que sua campanha atravessa, n\u00e3o teve sa\u00edda, sen\u00e3o buscar a aproxima\u00e7\u00e3o. Coincidentemente, o gesto vem no mesmo dia em que o ministro do Supremo Tribunal Federal Andr\u00e9 Mendon\u00e7a autoriza a abertura de inqu\u00e9rito para investigar o financiamento do filme Dark Horse \u2014 que levou Fl\u00e1vio a pedir dinheiro ao ex-controlador do Master Daniel Vorcaro. A avalia\u00e7\u00e3o de muita gente pr\u00f3xima ao senador \u00e9 a de que Michelle pode ajudar em v\u00e1rias frentes, at\u00e9 no epis\u00f3dio do filme.<\/p>\n<p><strong>Pulinhos\/<\/strong> Quando o nome de Andr\u00e9 Mendon\u00e7a foi aprovado para ministro do Supremo Tribunal Federal, em 2021, Michelle foi ao Senado acompanhar a vota\u00e7\u00e3o ao lado de Mendon\u00e7a. Ali, fizeram ora\u00e7\u00f5es e comemoraram. \u00c0 \u00e9poca, o v\u00eddeo em que Michelle aparece pulando de alegria pela aprova\u00e7\u00e3o do nome fez o maior sucesso nas redes sociais. Tem muita gente avaliando que se tem algu\u00e9m capaz de fazer com que Mendon\u00e7a d\u00ea algum alento a Fl\u00e1vio, \u00e9 a madrasta do senador.<\/p>\n<h3>Nem vem<\/h3>\n<p>O ministro Andr\u00e9 Mendon\u00e7a tem dito a amigos que suas atitudes n\u00e3o t\u00eam nada de deslealdade com os Bolsonaro. Ele tem feito o que foi indicado para fazer: seguir a lei e a Constitui\u00e7\u00e3o. Nesse sentido, qualquer conversa com Michelle Bolsonaro sobre a investiga\u00e7\u00e3o do filme Dark Horse n\u00e3o surtir\u00e1 o efeito desejado pelos aliados de Fl\u00e1vio Bolsonaro.<\/p>\n<h3>Mais urgentes<\/h3>\n<p>Paralelamente \u00e0 lupa que a Pol\u00edcia Federal colocar\u00e1 sobre financiamento do filme Dark Horse, Michelle \u00e9 considerada crucial para ajudar Fl\u00e1vio no eleitorado feminino, especialmente, no segmento evang\u00e9lico. O senador est\u00e1 com dificuldade de conseguir mais espa\u00e7o entre as igrejas pentecostais, onde Michelle fez muita campanha em 2022 em defesa da reelei\u00e7\u00e3o do marido.<\/p>\n<h3>Por falar em dificuldades&#8230;<\/h3>\n<p>Fl\u00e1vio Bolsonaro retomou as lives que o pai dele tinha o h\u00e1bito de comandar. Ali\u00e1s, ele tem estudado tudo o que o pai fez l\u00e1 atr\u00e1s para ver se consegue repetir o feito do ent\u00e3o deputado, vitorioso em 2018. A diferen\u00e7a \u00e9 que, naquela \u00e9poca, os filhos do ent\u00e3o candidato a presidente eram desconhecidos. A receita das lives precisa de alguns ingredientes novos.<\/p>\n<h3>Hora de arrumar a casa<\/h3>\n<p>Interlocutores da campanha de Ciro Gomes (PSDB) ao Governo do Cear\u00e1 afirmam que o pr\u00e9-candidato est\u00e1 muito ocupado com a corrida ao Pal\u00e1cio da Aboli\u00e7\u00e3o para se preocupar com a elei\u00e7\u00e3o nacional. De acordo com a equipe econ\u00f4mica de Ciro, o estado dever\u00e1 ter um d\u00e9ficit fiscal de R$ 2,2 bilh\u00f5es em 2026, considerado uma situa\u00e7\u00e3o \u201cdific\u00edlima de recuperar\u201d. J\u00e1 existe um plano para reduzir o n\u00famero de secretarias. Quando Ciro foi governador, eram 18 pastas. Cid Gomes governou para 21. Elmano de Freitas aumentou para 39.<\/p>\n<h3>CURTIDAS<\/h3>\n<figure id=\"attachment_13829\" aria-describedby=\"caption-attachment-13829\" style=\"width: 169px\" class=\"wp-caption alignleft\"><a href=\"https:\/\/blogs.correiobraziliense.com.br\/denise\/wp-content\/uploads\/sites\/12\/2026\/07\/WhatsApp-Image-2026-07-23-at-19.52.40-e1784904082734.jpeg\"><img loading=\"lazy\" decoding=\"async\" class=\"size-medium wp-image-13829\" src=\"https:\/\/blogs.correiobraziliense.com.br\/denise\/wp-content\/uploads\/sites\/12\/2026\/07\/WhatsApp-Image-2026-07-23-at-19.52.40-e1784904082734-169x300.jpeg\" alt=\"\" width=\"169\" height=\"300\" srcset=\"https:\/\/blogs.correiobraziliense.com.br\/denise\/wp-content\/uploads\/sites\/12\/2026\/07\/WhatsApp-Image-2026-07-23-at-19.52.40-e1784904082734-169x300.jpeg 169w, https:\/\/blogs.correiobraziliense.com.br\/denise\/wp-content\/uploads\/sites\/12\/2026\/07\/WhatsApp-Image-2026-07-23-at-19.52.40-e1784904082734-576x1024.jpeg 576w, https:\/\/blogs.correiobraziliense.com.br\/denise\/wp-content\/uploads\/sites\/12\/2026\/07\/WhatsApp-Image-2026-07-23-at-19.52.40-e1784904082734-550x978.jpeg 550w, https:\/\/blogs.correiobraziliense.com.br\/denise\/wp-content\/uploads\/sites\/12\/2026\/07\/WhatsApp-Image-2026-07-23-at-19.52.40-e1784904082734-230x409.jpeg 230w, https:\/\/blogs.correiobraziliense.com.br\/denise\/wp-content\/uploads\/sites\/12\/2026\/07\/WhatsApp-Image-2026-07-23-at-19.52.40-e1784904082734.jpeg 720w\" sizes=\"auto, (max-width: 169px) 100vw, 169px\" \/><\/a><figcaption id=\"caption-attachment-13829\" class=\"wp-caption-text\">Cr\u00e9dito: Reprodu\u00e7\u00e3o Instagram<\/figcaption><\/figure>\n<p><strong>O agradecimento dela\/<\/strong> No v\u00eddeo em que aceitou o pedido de desculpas de Fl\u00e1vio Bolsonaro, a ex-primeira-dama Michelle Bolsonaro agradece \u00e0 governadora do Distrito Federal, Celina Le\u00e3o (PP), e \u00e0 senadora Damares Alves (RepublicanosDF) pelo trabalho de pacifica\u00e7\u00e3o entre madrasta e enteado. N\u00e3o citou o presidente do PL, Valdemar Costa Neto.<\/p>\n<p><strong>Roseana e a sa\u00fade\/<\/strong> Recuperada do c\u00e2ncer, a ex-governadora, ex-senadora e ex-deputada Roseana Sarney (<em>foto<\/em>) est\u00e1 de volta aos palanques pol\u00edticos maranhenses como candidata ao Senado. \u201cEstou preparando uma s\u00e9rie de projetos para a \u00e1rea de sa\u00fade e a luta contra o c\u00e2ncer\u201d, diz ela \u00e0 coluna. Roseana, que foi uma das musas do impeachment de Fernando Collor de Mello e da defesa da democracia no passado, agora se dedicar\u00e1 de corpo e alma a esses projetos.<\/p>\n<p><strong>Meu pa\u00eds, Piau\u00ed\/<\/strong> O senador e presidente do PP, Ciro Nogueira (PI), est\u00e1 totalmente em modo campanha eleitoral. Menos de 24 horas ap\u00f3s anunciar a neutralidade da federa\u00e7\u00e3o Uni\u00e3o Progressista no pleito nacional e depois de diversas publica\u00e7\u00f5es sobre entregas no estado, o senador postou um v\u00eddeo curto com a filha. Dirigindo, ainda fez dancinha, em clima de \u201czero\u201d preocupa\u00e7\u00e3o.<\/p>\n<p><strong>Para onde vai Leila\/<\/strong> Pr\u00e9-candidato ao governo do Distrito Federal, o ex-interventor na seguran\u00e7a p\u00fablica Ricardo Cappelli n\u00e3o desistiu de ter a senadora Leila Barros compondo a sua chapa como candidata \u00e0 reelei\u00e7\u00e3o. No PDT, por\u00e9m, o que se diz \u00e9 que Leila deve sair alinhada ao PT. A aus\u00eancia do PSB nacional na conven\u00e7\u00e3o do PDT esta semana e a presen\u00e7a em peso do PT no evento foram lidos como um sinal de que Leila sair\u00e1 na chapa petista.<\/p>\n","protected":false},"excerpt":{"rendered":"<p>Coluna Bras\u00edlia-DF publicada na sexta-feira, 24 de julho de 2026, por Denise Rothenburg com Eduarda Esposito O senador Fl\u00e1vio Bolsonaro demorou mais de um m\u00eas para pedir desculpas \u00e0 ex-primeira-dama Michelle Bolsonaro pela desconsidera\u00e7\u00e3o com que a tratou quando foi guindado \u00e0 condi\u00e7\u00e3o de pr\u00e9-candidato do PL ao Planalto. Agora, por\u00e9m, diante das in\u00fameras dificuldades que sua campanha atravessa, n\u00e3o [&hellip;]<\/p>\n","protected":false},"author":29,"featured_media":13828,"comment_status":"closed","ping_status":"closed","sticky":false,"template":"","format":"standard","meta":{"footnotes":""},"categories":[1559,505,4,78,725,10,1448,1566,1685,1571,5,1563,1525,1536,281,299],"tags":[129,1699,257,22,869,20,47,72,1090,18,23],"class_list":["post-13826","post","type-post","status-publish","format-standard","has-post-thumbnail","hentry","category-banco-master","category-camara-dos-deputados","category-coluna-brasilia-df","category-congresso","category-economia","category-eleicoes","category-eleicoes-2026","category-flavio-bolsonaro","category-michelle-bolsonaro","category-pl","category-politica","category-pp","category-psb","category-pt","category-senado","category-stf","tag-andre-mendonca","tag-banco-masterm-stf","tag-ceara","tag-ciro-gomes","tag-df","tag-eleicoes","tag-flavio-bolsonaro","tag-michelle-bolsonaro","tag-pdt","tag-psb","tag-pt"],"_links":{"self":[{"href":"https:\/\/blogs.correiobraziliense.com.br\/denise\/wp-json\/wp\/v2\/posts\/13826","targetHints":{"allow":["GET"]}}],"collection":[{"href":"https:\/\/blogs.correiobraziliense.com.br\/denise\/wp-json\/wp\/v2\/posts"}],"about":[{"href":"https:\/\/blogs.correiobraziliense.com.br\/denise\/wp-json\/wp\/v2\/types\/post"}],"author":[{"embeddable":true,"href":"https:\/\/blogs.correiobraziliense.com.br\/denise\/wp-json\/wp\/v2\/users\/29"}],"replies":[{"embeddable":true,"href":"https:\/\/blogs.correiobraziliense.com.br\/denise\/wp-json\/wp\/v2\/comments?post=13826"}],"version-history":[{"count":2,"href":"https:\/\/blogs.correiobraziliense.com.br\/denise\/wp-json\/wp\/v2\/posts\/13826\/revisions"}],"predecessor-version":[{"id":13830,"href":"https:\/\/blogs.correiobraziliense.com.br\/denise\/wp-json\/wp\/v2\/posts\/13826\/revisions\/13830"}],"wp:featuredmedia":[{"embeddable":true,"href":"https:\/\/blogs.correiobraziliense.com.br\/denise\/wp-json\/wp\/v2\/media\/13828"}],"wp:attachment":[{"href":"https:\/\/blogs.correiobraziliense.com.br\/denise\/wp-json\/wp\/v2\/media?parent=13826"}],"wp:term":[{"taxonomy":"category","embeddable":true,"href":"https:\/\/blogs.correiobraziliense.com.br\/denise\/wp-json\/wp\/v2\/categories?post=13826"},{"taxonomy":"post_tag","embeddable":true,"href":"https:\/\/blogs.correiobraziliense.com.br\/denise\/wp-json\/wp\/v2\/tags?post=13826"}],"curies":[{"name":"wp","href":"https:\/\/api.w.org\/{rel}","templated":true}]}}