{"id":13821,"date":"2026-07-23T11:40:54","date_gmt":"2026-07-23T14:40:54","guid":{"rendered":"https:\/\/blogs.correiobraziliense.com.br\/denise\/?p=13821"},"modified":"2026-07-23T11:40:54","modified_gmt":"2026-07-23T14:40:54","slug":"presidentes-de-partidos-buscam-mandatos","status":"publish","type":"post","link":"https:\/\/blogs.correiobraziliense.com.br\/denise\/presidentes-de-partidos-buscam-mandatos\/","title":{"rendered":"Presidentes de partidos buscam mandatos"},"content":{"rendered":"<p><em><strong>Coluna Bras\u00edlia-DF publicada na quinta-feira, 23 de julho de 2026, por Denise Rothenburg com Eduarda Esposito<\/strong><\/em><\/p>\n<figure id=\"attachment_13823\" aria-describedby=\"caption-attachment-13823\" style=\"width: 300px\" class=\"wp-caption alignleft\"><a href=\"https:\/\/blogs.correiobraziliense.com.br\/denise\/wp-content\/uploads\/sites\/12\/2026\/07\/imagem_2026-07-23_113800096.png\"><img loading=\"lazy\" decoding=\"async\" class=\"size-medium wp-image-13823\" src=\"https:\/\/blogs.correiobraziliense.com.br\/denise\/wp-content\/uploads\/sites\/12\/2026\/07\/imagem_2026-07-23_113800096-300x234.png\" alt=\"\" width=\"300\" height=\"234\" srcset=\"https:\/\/blogs.correiobraziliense.com.br\/denise\/wp-content\/uploads\/sites\/12\/2026\/07\/imagem_2026-07-23_113800096-300x234.png 300w, https:\/\/blogs.correiobraziliense.com.br\/denise\/wp-content\/uploads\/sites\/12\/2026\/07\/imagem_2026-07-23_113800096-550x429.png 550w, https:\/\/blogs.correiobraziliense.com.br\/denise\/wp-content\/uploads\/sites\/12\/2026\/07\/imagem_2026-07-23_113800096-230x179.png 230w, https:\/\/blogs.correiobraziliense.com.br\/denise\/wp-content\/uploads\/sites\/12\/2026\/07\/imagem_2026-07-23_113800096.png 600w\" sizes=\"auto, (max-width: 300px) 100vw, 300px\" \/><\/a><figcaption id=\"caption-attachment-13823\" class=\"wp-caption-text\">Cr\u00e9dito: Caio Gomez<\/figcaption><\/figure>\n<p>Fracassada a tentativa de incluir os presidentes de partidos pol\u00edticos na proposta de emenda \u00e0 Constitui\u00e7\u00e3o (PEC) da Blindagem, projeto que terminou arquivado no Senado, grande parte dos comandantes das agremia\u00e7\u00f5es partid\u00e1rias decidiu concorrer \u00e0s elei\u00e7\u00f5es deste ano. Quase dois ter\u00e7os deles v\u00e3o disputar um mandato eletivo. No Uni\u00e3o Brasil, Antonio Rueda estreia na disputa eleitoral como pr\u00e9-candidato a deputado federal no Rio de Janeiro. As vagas ao Legislativo s\u00e3o as que mais atraem os dirigentes partid\u00e1rios.<\/p>\n<p style=\"text-align: center\"><strong>\u00bb \u00bb \u00bb<\/strong><\/p>\n<p><strong>Veja bem\/<\/strong> Em muitas conversas, quem convive diariamente com eles afirma que presidente departido com mandato consegue indicar emendas ao Or\u00e7amento, ganham foro privilegiado, e o fato de estar no Parlamento d\u00e1 mais poder aos dirigentes, respons\u00e1veis pela distribui\u00e7\u00e3o do fundo eleitoral e partid\u00e1rio.<\/p>\n<h3>Receitas iguais, resultados semelhantes<\/h3>\n<p>As declara\u00e7\u00f5es de Fl\u00e1vio Bolsonaro contra a urna eletr\u00f4nica foram lidas no pr\u00f3prio PL como mais uma repeti\u00e7\u00e3o da estrat\u00e9gia do ex-presidente Jair Bolsonaro, em 2022. Se naquela \u00e9poca, como governo na m\u00e3o, Bolsonaro n\u00e3o conseguiu se reeleger, a reprise desse estratagema tende a levar ao mesmo desfecho.<\/p>\n<h3>Em meio ao tarifa\u00e7o&#8230;<\/h3>\n<p>Nas Filipinas para a reuni\u00e3o de chanceleres da Associa\u00e7\u00e3o dos Pa\u00edses do Sudeste Asi\u00e1tico (Asean), o ministro de Rela\u00e7\u00f5es Exteriores, Mauro Vieira, aproveitou as presen\u00e7as dos chanceleres Wang Yi, da China, e Sergei Lavrov, da R\u00fassia, em Manila, para tratar do fornecimento de fertilizantes. Com o fechamento do Estreito de Ormuz, esses dois pa\u00edses se tornam ainda mais estrat\u00e9gicos como fornecedores.<\/p>\n<h3>&#8230; a China estende a m\u00e3o<\/h3>\n<p>O governo chin\u00eas tem indicado que pode aumentar a oferta de alguns tipos de fertilizantes este ano, diante da crise em Ormuz.<\/p>\n<h3>Incertezas &amp; movimentos eleitorais<\/h3>\n<p>A falta de confian\u00e7a na candidatura de Fl\u00e1vio Bolsonaro foi o que levou a Federa\u00e7\u00e3o Uni\u00e3o Progressista a preferir a carreira solo. O deputado Fausto Pinato (Uni\u00e3o -SP), por exemplo, tem andado pelo estado de S\u00e3o Paulo e n\u00e3o percebe o eleitor entusiasmado com a proximidade do pleito: \u201cN\u00e3o \u00e9 uma elei\u00e7\u00e3o de amor e entusiasmo, e a sorte do Lula \u00e9 que uma parcela do eleitorado votar\u00e1 com responsabilidade, e n\u00e3o com vontade\u201d, afirma.<\/p>\n<h3>&#8230; eles se aproximam<\/h3>\n<p>Pinato considera que Lula teria uma elei\u00e7\u00e3o mais f\u00e1cil se tivesse caminhado para o centro: \u201cFernando Haddad deveria ter sido vice de algu\u00e9m do centro, mas o PT trabalha para manter a polariza\u00e7\u00e3o acirrada, o que n\u00e3o \u00e9 bom para o Lula. Por aqui, a mesma rejei\u00e7\u00e3o que o Fl\u00e1vio tem, o PT tamb\u00e9m tem\u201d.<\/p>\n<h3>CURTIDAS<\/h3>\n<figure id=\"attachment_13824\" aria-describedby=\"caption-attachment-13824\" style=\"width: 255px\" class=\"wp-caption alignleft\"><a href=\"https:\/\/blogs.correiobraziliense.com.br\/denise\/wp-content\/uploads\/sites\/12\/2026\/07\/imagem_2026-07-23_113851604.png\"><img loading=\"lazy\" decoding=\"async\" class=\"size-full wp-image-13824\" src=\"https:\/\/blogs.correiobraziliense.com.br\/denise\/wp-content\/uploads\/sites\/12\/2026\/07\/imagem_2026-07-23_113851604.png\" alt=\"\" width=\"255\" height=\"211\" srcset=\"https:\/\/blogs.correiobraziliense.com.br\/denise\/wp-content\/uploads\/sites\/12\/2026\/07\/imagem_2026-07-23_113851604.png 255w, https:\/\/blogs.correiobraziliense.com.br\/denise\/wp-content\/uploads\/sites\/12\/2026\/07\/imagem_2026-07-23_113851604-230x190.png 230w\" sizes=\"auto, (max-width: 255px) 100vw, 255px\" \/><\/a><figcaption id=\"caption-attachment-13824\" class=\"wp-caption-text\">Cr\u00e9dito: Marcelo Ferreira\/CB\/D.A Press<\/figcaption><\/figure>\n<p><strong>Outro apelido&#8230;\/<\/strong> &#8230; mesmo endere\u00e7o. Enquanto por aqui, os petistas chamam o tarifa\u00e7o a produtos brasileiros de \u201cTarifl\u00e1vio\u201d, os pol\u00edticos democratas nos Estados Unidos chamaram de \u201ctarifas Bolsonaro\u201d. Um v\u00eddeo que o governador da Calif\u00f3rnia, Gavin Newsom, gravou quando das primeiras tarifas, voltou a fazer sucesso nas redes com a vig\u00eancia da nova taxa\u00e7\u00e3o de produtos brasileiros em 25%.<\/p>\n<p><strong>\u201cTarifas ilegais\u201d\/<\/strong> \u201cEstas tarifas contra o seu pa\u00eds s\u00e3o uma piada, uma abomina\u00e7\u00e3o, ou melhor: as \u2018tarifas Bolsonaro\u2019. Vamos apenas deixar claro o que elas s\u00e3o. N\u00f3s estamos em superavit comercial com voc\u00eas, \u00e9 um absurdo. S\u00e3o tarifas ilegais, e est\u00e3o na Suprema Corte dos EUA agora. N\u00f3s fomos um dos primeiros estados a entrar com uma a\u00e7\u00e3o seguindo esse princ\u00edpio. Isso est\u00e1 aumentando os custos dos produtos no meu pa\u00eds\u201d, disse o governador.<\/p>\n<p><strong>Ciro \u00e9 de todos\/<\/strong> O PSDB de Ciro Gomes (<em>foto<\/em>) n\u00e3o destinar\u00e1 seu palanque ao governo do Cear\u00e1 exclusivamente a Fl\u00e1vio Bolsonaro. A contar pelas declara\u00e7\u00f5es de Ciro elogiando Ronaldo Caiado (PSD) e Renan Santos (Miss\u00e3o), eles podem chegar, que tem conversa.<\/p>\n<p><strong>E o PL, hein?\/<\/strong> A tend\u00eancia \u00e9 manter um \u201capoio envergonhado\u201d a Ciro, apenas porque Fl\u00e1vio Bolsonaro sacramentou essa escolha. Nas redes sociais, por\u00e9m, surgem muitas mensagens como \u201cMichelle estava certa\u201d. A ex-primeira-dama defendeu o apoio a Eduardo Gir\u00e3o (Novo).<\/p>\n","protected":false},"excerpt":{"rendered":"<p>Coluna Bras\u00edlia-DF publicada na quinta-feira, 23 de julho de 2026, por Denise Rothenburg com Eduarda Esposito Fracassada a tentativa de incluir os presidentes de partidos pol\u00edticos na proposta de emenda \u00e0 Constitui\u00e7\u00e3o (PEC) da Blindagem, projeto que terminou arquivado no Senado, grande parte dos comandantes das agremia\u00e7\u00f5es partid\u00e1rias decidiu concorrer \u00e0s elei\u00e7\u00f5es deste ano. Quase dois ter\u00e7os deles v\u00e3o disputar [&hellip;]<\/p>\n","protected":false},"author":29,"featured_media":13823,"comment_status":"closed","ping_status":"closed","sticky":false,"template":"","format":"standard","meta":{"footnotes":""},"categories":[505,4,1345,725,10,1448,1343,1566,804,1571,5,1563,1536,281,1342,1524],"tags":[257,102,20,1698,866,210,1697,431,1346],"class_list":["post-13821","post","type-post","status-publish","format-standard","has-post-thumbnail","hentry","category-camara-dos-deputados","category-coluna-brasilia-df","category-crise-com-os-eua","category-economia","category-eleicoes","category-eleicoes-2026","category-eua","category-flavio-bolsonaro","category-governo-lula","category-pl","category-politica","category-pp","category-pt","category-senado","category-tarifaco-de-trump","category-uniao-brasil","tag-ceara","tag-china","tag-eleicoes","tag-fertilizantes","tag-partidos","tag-polarizacao","tag-presidentes-de-partidos","tag-sao-paulo","tag-tarifaco"],"_links":{"self":[{"href":"https:\/\/blogs.correiobraziliense.com.br\/denise\/wp-json\/wp\/v2\/posts\/13821","targetHints":{"allow":["GET"]}}],"collection":[{"href":"https:\/\/blogs.correiobraziliense.com.br\/denise\/wp-json\/wp\/v2\/posts"}],"about":[{"href":"https:\/\/blogs.correiobraziliense.com.br\/denise\/wp-json\/wp\/v2\/types\/post"}],"author":[{"embeddable":true,"href":"https:\/\/blogs.correiobraziliense.com.br\/denise\/wp-json\/wp\/v2\/users\/29"}],"replies":[{"embeddable":true,"href":"https:\/\/blogs.correiobraziliense.com.br\/denise\/wp-json\/wp\/v2\/comments?post=13821"}],"version-history":[{"count":2,"href":"https:\/\/blogs.correiobraziliense.com.br\/denise\/wp-json\/wp\/v2\/posts\/13821\/revisions"}],"predecessor-version":[{"id":13825,"href":"https:\/\/blogs.correiobraziliense.com.br\/denise\/wp-json\/wp\/v2\/posts\/13821\/revisions\/13825"}],"wp:featuredmedia":[{"embeddable":true,"href":"https:\/\/blogs.correiobraziliense.com.br\/denise\/wp-json\/wp\/v2\/media\/13823"}],"wp:attachment":[{"href":"https:\/\/blogs.correiobraziliense.com.br\/denise\/wp-json\/wp\/v2\/media?parent=13821"}],"wp:term":[{"taxonomy":"category","embeddable":true,"href":"https:\/\/blogs.correiobraziliense.com.br\/denise\/wp-json\/wp\/v2\/categories?post=13821"},{"taxonomy":"post_tag","embeddable":true,"href":"https:\/\/blogs.correiobraziliense.com.br\/denise\/wp-json\/wp\/v2\/tags?post=13821"}],"curies":[{"name":"wp","href":"https:\/\/api.w.org\/{rel}","templated":true}]}}