{"id":13816,"date":"2026-07-22T11:49:17","date_gmt":"2026-07-22T14:49:17","guid":{"rendered":"https:\/\/blogs.correiobraziliense.com.br\/denise\/?p=13816"},"modified":"2026-07-22T11:49:17","modified_gmt":"2026-07-22T14:49:17","slug":"procure-outra","status":"publish","type":"post","link":"https:\/\/blogs.correiobraziliense.com.br\/denise\/procure-outra\/","title":{"rendered":"Procure outra"},"content":{"rendered":"<p><em><strong>Coluna Bras\u00edlia-DF publicada na quarta-feira, 22 de julho de 2026, por Denise Rothenburg com Eduarda Esposito<\/strong><\/em><\/p>\n<figure id=\"attachment_13818\" aria-describedby=\"caption-attachment-13818\" style=\"width: 300px\" class=\"wp-caption alignleft\"><a href=\"https:\/\/blogs.correiobraziliense.com.br\/denise\/wp-content\/uploads\/sites\/12\/2026\/07\/imagem_2026-07-22_114727804.png\"><img loading=\"lazy\" decoding=\"async\" class=\"size-medium wp-image-13818\" src=\"https:\/\/blogs.correiobraziliense.com.br\/denise\/wp-content\/uploads\/sites\/12\/2026\/07\/imagem_2026-07-22_114727804-300x199.png\" alt=\"\" width=\"300\" height=\"199\" srcset=\"https:\/\/blogs.correiobraziliense.com.br\/denise\/wp-content\/uploads\/sites\/12\/2026\/07\/imagem_2026-07-22_114727804-300x199.png 300w, https:\/\/blogs.correiobraziliense.com.br\/denise\/wp-content\/uploads\/sites\/12\/2026\/07\/imagem_2026-07-22_114727804-550x365.png 550w, https:\/\/blogs.correiobraziliense.com.br\/denise\/wp-content\/uploads\/sites\/12\/2026\/07\/imagem_2026-07-22_114727804-230x153.png 230w, https:\/\/blogs.correiobraziliense.com.br\/denise\/wp-content\/uploads\/sites\/12\/2026\/07\/imagem_2026-07-22_114727804.png 637w\" sizes=\"auto, (max-width: 300px) 100vw, 300px\" \/><\/a><figcaption id=\"caption-attachment-13818\" class=\"wp-caption-text\">Cr\u00e9dito: Maurenilson Freire<\/figcaption><\/figure>\n<p>A depender do desejo da senadora Tereza Cristina, o pr\u00e9-candidato ao Planalto Fl\u00e1vio Bolsonaro pode buscar outro nome para compor a chapa na vaga de vice. No universo do agro Brasil afora, Tereza \u00e9 citada como uma promissora candidata \u00e0 Presid\u00eancia da Rep\u00fablica e n\u00e3o uma fotografia ao lado do filho do ex-presidente da Rep\u00fablica para tentar atrair o eleitorado feminino. Tereza tem curr\u00edculo de sobra. Foi ministra da Agricultura no desafiador per\u00edodo da pandemia de covid 19 e manteve o setor em pleno funcionamento. No Senado, relatou ainda projetos importantes e de dif\u00edcil acordo e chegou l\u00e1. Ultimamente, fundou o instituto Di\u00e1logos para debate dos problemas nacionais. Se o PL quiser apoi\u00e1-la ao Planalto, muito bem. Por\u00e9m, os Bolsonaro querem apenas quem tenha o sobrenome da fam\u00edlia na cabe\u00e7a de chapa.<\/p>\n<p style=\"text-align: center\"><strong>\u00bb \u00bb \u00bb<\/strong><\/p>\n<p><strong>Um ba\u00fa de dificuldades\/<\/strong> Fl\u00e1vio continua com os mesmos problemas para ampliar o leque de partidos ao seu redor. O Uni\u00e3o Brasil e o Progressistas formam uma federa\u00e7\u00e3o e quer ter liberdade para compor chapa nos estados e, assim, eleger deputados federais. O Republicanos caminha nessa mesma toada, com um grupo fechado com Lula, uma perna com Caiado e um bra\u00e7o com Fl\u00e1vio Bolsonaro.<\/p>\n<h3>Soberania<\/h3>\n<p>O tom do presidente Lula durante a Conven\u00e7\u00e3o Partid\u00e1ria Nacional do PDT foi lido como um \u201cesquenta\u201d da linha a ser usada na campanha \u00e0 reelei\u00e7\u00e3o. Lula criticou o presidente dos Estados Unidos, Donald Trump, e destacou a defesa da sobera nianacional. Os bolsonaristas podem se preparar, porque esse ser\u00e1 um dos eixos da campanha presidencial.<\/p>\n<h3>Por falar em Trump&#8230;<\/h3>\n<p>O Instituto Indexa Pesquisas detectou em seu \u00faltimo levantamento que 30% dos entrevistados culpam o senador Fl\u00e1vio Bolsonaro (PL-RJ) pelas novas tarifas; 28% responsabilizam o presidente Lula; 17% responsabilizam o presidente norte-americano Donald Trump. Apenas 12% entendem que os tr\u00eas compartilham igualmente a responsabilidade; 13% n\u00e3o souberam ou preferiram n\u00e3o responder. A pesquisa est\u00e1 registrada no TSE com o C\u00f3digo BR-02904\/2026.<\/p>\n<h3>Reflexos do tarifa\u00e7o<\/h3>\n<p>Um ter\u00e7o dos entrevistados (33%), por\u00e9m, considera que nem Lula nem Fl\u00e1vio Bolsonaro ter\u00e3o ganhos eleitorais com o epis\u00f3dio das tarifas. Enquanto 25% avaliam que Lula tema ganhar, outros 18% afirmam que a balan\u00e7a pender\u00e1 mais para Fl\u00e1vio. Quanto \u00e0s atitudes de Lula nessa seara, 36% acreditam que Lula agiu corretamente e outros 31% julgam que o presidente n\u00e3o representou adequadamente os interesses nacionais.<\/p>\n<h3>Suspense at\u00e9 o fim<\/h3>\n<p>O ex-prefeito de Macei\u00f3 Jo\u00e3o Henrique Caldas (PSDB) s\u00f3 decidir\u00e1 seu caminho nesta temporada eleitoral em 5 de agosto, \u00faltimo dia para defini\u00e7\u00e3o de candidaturas. N\u00e3o descarta sequer o apoio a Lula. Hoje, transita em todos os campos, do PL ao PT. S\u00f3 tem um probleminha: ao governo de Alagoas, o candidato de Lula \u00e9 Renan Filho (MDB), a quem o presidente trata quase como um filho.<\/p>\n<h3>CURTIDAS<\/h3>\n<figure id=\"attachment_13819\" aria-describedby=\"caption-attachment-13819\" style=\"width: 254px\" class=\"wp-caption alignleft\"><a href=\"https:\/\/blogs.correiobraziliense.com.br\/denise\/wp-content\/uploads\/sites\/12\/2026\/07\/imagem_2026-07-22_114754172.png\"><img loading=\"lazy\" decoding=\"async\" class=\"size-medium wp-image-13819\" src=\"https:\/\/blogs.correiobraziliense.com.br\/denise\/wp-content\/uploads\/sites\/12\/2026\/07\/imagem_2026-07-22_114754172-254x300.png\" alt=\"\" width=\"254\" height=\"300\" srcset=\"https:\/\/blogs.correiobraziliense.com.br\/denise\/wp-content\/uploads\/sites\/12\/2026\/07\/imagem_2026-07-22_114754172-254x300.png 254w, https:\/\/blogs.correiobraziliense.com.br\/denise\/wp-content\/uploads\/sites\/12\/2026\/07\/imagem_2026-07-22_114754172-230x271.png 230w, https:\/\/blogs.correiobraziliense.com.br\/denise\/wp-content\/uploads\/sites\/12\/2026\/07\/imagem_2026-07-22_114754172.png 255w\" sizes=\"auto, (max-width: 254px) 100vw, 254px\" \/><\/a><figcaption id=\"caption-attachment-13819\" class=\"wp-caption-text\">Cr\u00e9dito: Fabio Rodrigues Pozzebom\/Ag\u00eancia Brasil<\/figcaption><\/figure>\n<p><strong>Tal e qual Melania\/<\/strong> A modalidade de green card que o ex-deputado Eduardo Bolsonaro recebeu nos EUA \u00e9 igual \u00e0quele obtido pela primeira-dama Melania Trump. Mrs. Trump, de acordo com reportagem do Washington Post, tem o EB-1 visa desde 2001. Esse visto \u00e9 conhecido como \u201cEinstein Visa\u201d por ser concedido a pessoas com \u201chabilidades extraordin\u00e1rias\u201d. Agora, quem recebe \u00e9 Eduardo, o 03 de Jair Bolsonaro.<\/p>\n<p><strong>Quantos votos isso d\u00e1?\/<\/strong> A avalia\u00e7\u00e3o entre deputados do pr\u00f3prio PL \u00e9 a de que o green card de Eduardo Bolsonaro n\u00e3o rende votos a Fl\u00e1vio Bolsonaro. O que poderia render, avaliam alguns, seria qualquer gesto de defesa das mulheres brasileiras, depois do epis\u00f3dio em que o empres\u00e1rio Paolo Zampolli, enviado especial para neg\u00f3cios globais do governo Donald Trump, chamou as brasileiras de \u201cprogramadas para causar confus\u00e3o\u201d e \u201cra\u00e7a maldita\u201d.<\/p>\n<p><strong>Ficou por isso mesmo\/<\/strong> Zampolli foi casado com a brasileira Amanda Ungaro, que terminou deportada em outubro do ano passado, ap\u00f3s acusar o ex-marido de viol\u00eancia dom\u00e9stica e abuso sexual. Na \u00e9poca das declara\u00e7\u00f5es contra as brasileiras, a C\u00e2mara aprovou uma mo\u00e7\u00e3o, considerando Zampolli <em>persona non grata<\/em>. Os bolsonaristas nos Estados Unidos n\u00e3o fizeram qualquer gesto em defesa das mulheres do Brasil. O Partido Novo votou contra a proposta aprovada na C\u00e2mara.<\/p>\n<p><strong>Ex-ministro na campanha\/\u00a0<\/strong>Aos poucos, os ex-integrantes do minist\u00e9rio de Lula v\u00e3o fechando seus palanques Brasil afora. Celso Sabino (<em>foto<\/em>), ex-ministro do Turismo, teve a candidatura ao Senado confirmada durante a conven\u00e7\u00e3o partid\u00e1ria do PDT esta semana. Sabino apoiar\u00e1 Lula ao Planalto em palanque diferente daquele em que estar\u00e1 o ex-governador Helder Barbalho (MDB).<\/p>\n","protected":false},"excerpt":{"rendered":"<p>Coluna Bras\u00edlia-DF publicada na quarta-feira, 22 de julho de 2026, por Denise Rothenburg com Eduarda Esposito A depender do desejo da senadora Tereza Cristina, o pr\u00e9-candidato ao Planalto Fl\u00e1vio Bolsonaro pode buscar outro nome para compor a chapa na vaga de vice. No universo do agro Brasil afora, Tereza \u00e9 citada como uma promissora candidata \u00e0 Presid\u00eancia da Rep\u00fablica e [&hellip;]<\/p>\n","protected":false},"author":29,"featured_media":0,"comment_status":"closed","ping_status":"closed","sticky":false,"template":"","format":"standard","meta":{"footnotes":""},"categories":[505,4,725,10,1448,1343,1566,804,1571,5,1563,281,1342],"tags":[301,1695,20,47,98,714,340,1696,1346,297,1694],"class_list":["post-13816","post","type-post","status-publish","format-standard","hentry","category-camara-dos-deputados","category-coluna-brasilia-df","category-economia","category-eleicoes","category-eleicoes-2026","category-eua","category-flavio-bolsonaro","category-governo-lula","category-pl","category-politica","category-pp","category-senado","category-tarifaco-de-trump","tag-agro","tag-defesa-das-mulheres","tag-eleicoes","tag-flavio-bolsonaro","tag-lula","tag-pesquisa","tag-pl","tag-soberania","tag-tarifaco","tag-tereza-cristina","tag-vice-presidente"],"_links":{"self":[{"href":"https:\/\/blogs.correiobraziliense.com.br\/denise\/wp-json\/wp\/v2\/posts\/13816","targetHints":{"allow":["GET"]}}],"collection":[{"href":"https:\/\/blogs.correiobraziliense.com.br\/denise\/wp-json\/wp\/v2\/posts"}],"about":[{"href":"https:\/\/blogs.correiobraziliense.com.br\/denise\/wp-json\/wp\/v2\/types\/post"}],"author":[{"embeddable":true,"href":"https:\/\/blogs.correiobraziliense.com.br\/denise\/wp-json\/wp\/v2\/users\/29"}],"replies":[{"embeddable":true,"href":"https:\/\/blogs.correiobraziliense.com.br\/denise\/wp-json\/wp\/v2\/comments?post=13816"}],"version-history":[{"count":2,"href":"https:\/\/blogs.correiobraziliense.com.br\/denise\/wp-json\/wp\/v2\/posts\/13816\/revisions"}],"predecessor-version":[{"id":13820,"href":"https:\/\/blogs.correiobraziliense.com.br\/denise\/wp-json\/wp\/v2\/posts\/13816\/revisions\/13820"}],"wp:attachment":[{"href":"https:\/\/blogs.correiobraziliense.com.br\/denise\/wp-json\/wp\/v2\/media?parent=13816"}],"wp:term":[{"taxonomy":"category","embeddable":true,"href":"https:\/\/blogs.correiobraziliense.com.br\/denise\/wp-json\/wp\/v2\/categories?post=13816"},{"taxonomy":"post_tag","embeddable":true,"href":"https:\/\/blogs.correiobraziliense.com.br\/denise\/wp-json\/wp\/v2\/tags?post=13816"}],"curies":[{"name":"wp","href":"https:\/\/api.w.org\/{rel}","templated":true}]}}