{"id":13810,"date":"2026-07-21T11:44:41","date_gmt":"2026-07-21T14:44:41","guid":{"rendered":"https:\/\/blogs.correiobraziliense.com.br\/denise\/?p=13810"},"modified":"2026-07-21T11:44:41","modified_gmt":"2026-07-21T14:44:41","slug":"onde-mora-a-tensao-desses-16-dias","status":"publish","type":"post","link":"https:\/\/blogs.correiobraziliense.com.br\/denise\/onde-mora-a-tensao-desses-16-dias\/","title":{"rendered":"Onde mora a tens\u00e3o desses 16 dias"},"content":{"rendered":"<p><em><strong>Coluna Bras\u00edlia-DF publicada na ter\u00e7a-feira, 21 de julho de 2026, por Denise Rothenburg com Eduarda Esposito<\/strong><\/em><\/p>\n<figure id=\"attachment_13812\" aria-describedby=\"caption-attachment-13812\" style=\"width: 300px\" class=\"wp-caption alignleft\"><a href=\"https:\/\/blogs.correiobraziliense.com.br\/denise\/wp-content\/uploads\/sites\/12\/2026\/07\/coluna-21-de-julho.jpg\"><img loading=\"lazy\" decoding=\"async\" class=\"size-medium wp-image-13812\" src=\"https:\/\/blogs.correiobraziliense.com.br\/denise\/wp-content\/uploads\/sites\/12\/2026\/07\/coluna-21-de-julho-300x224.jpg\" alt=\"\" width=\"300\" height=\"224\" srcset=\"https:\/\/blogs.correiobraziliense.com.br\/denise\/wp-content\/uploads\/sites\/12\/2026\/07\/coluna-21-de-julho-300x224.jpg 300w, https:\/\/blogs.correiobraziliense.com.br\/denise\/wp-content\/uploads\/sites\/12\/2026\/07\/coluna-21-de-julho-768x574.jpg 768w, https:\/\/blogs.correiobraziliense.com.br\/denise\/wp-content\/uploads\/sites\/12\/2026\/07\/coluna-21-de-julho-1024x765.jpg 1024w, https:\/\/blogs.correiobraziliense.com.br\/denise\/wp-content\/uploads\/sites\/12\/2026\/07\/coluna-21-de-julho-1440x1076.jpg 1440w, https:\/\/blogs.correiobraziliense.com.br\/denise\/wp-content\/uploads\/sites\/12\/2026\/07\/coluna-21-de-julho-800x598.jpg 800w, https:\/\/blogs.correiobraziliense.com.br\/denise\/wp-content\/uploads\/sites\/12\/2026\/07\/coluna-21-de-julho-550x411.jpg 550w, https:\/\/blogs.correiobraziliense.com.br\/denise\/wp-content\/uploads\/sites\/12\/2026\/07\/coluna-21-de-julho-230x172.jpg 230w\" sizes=\"auto, (max-width: 300px) 100vw, 300px\" \/><\/a><figcaption id=\"caption-attachment-13812\" class=\"wp-caption-text\">Cr\u00e9dito: Caio Gomez<\/figcaption><\/figure>\n<p>Qualquer partido com poder de fogo e vontade de vencer nesta temporada eleitoral estar\u00e1 em campo at\u00e9 5 de agosto fechando suas nominatas para deputados federais e estaduais e as coliga\u00e7\u00f5es para as elei\u00e7\u00f5es estaduais e para a presidencial. Quem est\u00e1 com mais dificuldades nessa seara hoje, nos estados, \u00e9 a federa\u00e7\u00e3o Uni\u00e3o Progressista, que uniu PP e Uni\u00e3o Brasil num casamento que virou um cabo de guerra. No Maranh\u00e3o, por exemplo, o presidente do PP, Ciro Nogueira, disse n\u00e3o \u00e0 alian\u00e7a com o MDB, e o do Uni\u00e3o Brasil, Antonio Rueda, disse sim. Logo, o partido estar\u00e1 dividido por l\u00e1. (leia nas notas ao lado) Em estados como S\u00e3o Paulo, por\u00e9m, houve pressa em selar o compromisso com o governador Tarc\u00edsio de Freitas (Republicanos), porque o candidato ao Senado Guilherme Derrite (PP) fez um movimento mais incisivo nessa\u00a0dire\u00e7\u00e3o. H\u00e1, tamb\u00e9m, uma relativa paz em Santa Catarina. Na maioria dos Estados, por\u00e9m, a tens\u00e3o ser\u00e1 grande.<\/p>\n<p style=\"text-align: center\"><strong>\u00bb \u00bb \u00bb<\/strong><\/p>\n<p><strong>O que interessa a eles\/<\/strong> Ciro Nogueira, pr\u00e9-candidato \u00e0 reelei\u00e7\u00e3o para senador no Piau\u00ed, entrincheirou-se no estado, onde j\u00e1 lan\u00e7ou um acordo com o PL para alavancar a sua candidatura, com caso Master e tudo. Antonio Rueda, que n\u00e3o \u00e9 candidato a nada, tenta voar abaixo dos radares da Pol\u00edcia Federal para organizar as chapas de deputados federais pa\u00eds afora. \u00c9 o que mais lhe importa no momento: eleger um n\u00famero de deputados federais capaz de manter o fundo partid\u00e1rio nas alturas.<\/p>\n<h3>S\u00e3o Paulo, o ponto de partida<\/h3>\n<p>Pela terceira vez consecutiva, o PT realizar\u00e1 a conven\u00e7\u00e3o nacional em S\u00e3o Paulo. Na campanha pela reelei\u00e7\u00e3o de Lula, em 2006, e nas duas elei\u00e7\u00f5es de Dilma Rousseff, 2010 e 2014, Bras\u00edlia foi escolhida para sediar as reuni\u00f5es que oficializaram as candidaturas.<\/p>\n<h3>Est\u00e1 explicado<\/h3>\n<p>O estado concentra 21,4% do eleitorado nacional, com 34,1 milh\u00f5es de eleitores, conforme os dados do Tribunal Superior Eleitoral divulgados esta semana. O PL e o PSD tamb\u00e9m realizar\u00e3o as conven\u00e7\u00f5es ali como forma de fortalecer apoios e alian\u00e7as para o pleito de outubro.<\/p>\n<h3>O imbr\u00f3glio do Maranh\u00e3o<\/h3>\n<p>A federa\u00e7\u00e3o Uni\u00e3o Progressista rachou no Maranh\u00e3o. Ex-ministro do Esporte, o deputado Andr\u00e9 Fufuca (PP) \u00e9 pr\u00e9-candidato ao Senado e vai apoiar Eduardo Braide (PSD). Enquanto isso, o deputado Pedro Lucas (Uni\u00e3o Brasil) segue como pr\u00e9-candidato ao Senado ao lado de Orleans Brand\u00e3o (MDB), principal advers\u00e1rio de Braide na disputa ao governo.<\/p>\n<h3>A for\u00e7a dela<\/h3>\n<p>Orleans ter\u00e1 como parceira de chapa, numa das vagas ao Senado, a ex-governadora, ex-deputada e ex-senadora Roseana Sarney (MDB), que, recentemente, venceu uma guerra contra o c\u00e2ncer.<\/p>\n<h3>CURTIDAS<\/h3>\n<figure id=\"attachment_13813\" aria-describedby=\"caption-attachment-13813\" style=\"width: 300px\" class=\"wp-caption alignleft\"><a href=\"https:\/\/blogs.correiobraziliense.com.br\/denise\/wp-content\/uploads\/sites\/12\/2026\/07\/caiado.jpg\"><img loading=\"lazy\" decoding=\"async\" class=\"size-medium wp-image-13813\" src=\"https:\/\/blogs.correiobraziliense.com.br\/denise\/wp-content\/uploads\/sites\/12\/2026\/07\/caiado-300x185.jpg\" alt=\"\" width=\"300\" height=\"185\" srcset=\"https:\/\/blogs.correiobraziliense.com.br\/denise\/wp-content\/uploads\/sites\/12\/2026\/07\/caiado-300x185.jpg 300w, https:\/\/blogs.correiobraziliense.com.br\/denise\/wp-content\/uploads\/sites\/12\/2026\/07\/caiado-768x473.jpg 768w, https:\/\/blogs.correiobraziliense.com.br\/denise\/wp-content\/uploads\/sites\/12\/2026\/07\/caiado-1024x631.jpg 1024w, https:\/\/blogs.correiobraziliense.com.br\/denise\/wp-content\/uploads\/sites\/12\/2026\/07\/caiado-1440x887.jpg 1440w, https:\/\/blogs.correiobraziliense.com.br\/denise\/wp-content\/uploads\/sites\/12\/2026\/07\/caiado-800x493.jpg 800w, https:\/\/blogs.correiobraziliense.com.br\/denise\/wp-content\/uploads\/sites\/12\/2026\/07\/caiado-550x339.jpg 550w, https:\/\/blogs.correiobraziliense.com.br\/denise\/wp-content\/uploads\/sites\/12\/2026\/07\/caiado-230x142.jpg 230w\" sizes=\"auto, (max-width: 300px) 100vw, 300px\" \/><\/a><figcaption id=\"caption-attachment-13813\" class=\"wp-caption-text\">Cr\u00e9dito: Andrea Nalini\/CB\/D.A Press<\/figcaption><\/figure>\n<p><strong>Corre a\u00ed, ministro\/<\/strong> A Pol\u00edcia Federal espera autoriza\u00e7\u00e3o do ministro do Supremo Tribunal Federal (STF) Andr\u00e9 Mendon\u00e7a para uma nova rodada da Opera\u00e7\u00e3o Compliance Zero no Distrito Federal. Em per\u00edodo eleitoral, \u00e9 confus\u00e3o para mais de metro. Mendon\u00e7a, ciente de suas obriga\u00e7\u00f5es, quer estudar tudo muito detalhadamente para n\u00e3o ser acusado de proteger e nem de atacar quem \u00e9 candidato neste pleito e est\u00e1 na mira da PF.<\/p>\n<p><strong>Polariza\u00e7\u00e3o x Caiadismo\/<\/strong> Em Goi\u00e1s, o PT e o PL enfrentam o mesmo problema: vencer a for\u00e7a pol\u00edtica do ex-governador Ronaldo Caiado (PSD, <em>foto<\/em>) no estado. O atual governador, Daniel Vilela (MDB), lidera as pesquisas de inten\u00e7\u00e3o de voto, enquanto os nomes dos partidos de Lula e Jair Bolsonaro enfrentam dificuldades em crescer. O PT, por ter pouca express\u00e3o no estado, e o PL, por lan\u00e7ar uma chapa totalmente pura, apenas com membros da legenda.<\/p>\n<p><strong>Da boca para fora\/<\/strong> Muitas pol\u00edticas de direita t\u00eam relatado \u00e0 coluna irrita\u00e7\u00e3o com as ofertas de vagas para vices nas chapas para estas elei\u00e7\u00f5es. Algumas at\u00e9 questionam: \u201cPor que mulher tem que ser vice?\u201d. O inc\u00f4modo tem aumentado nas \u00faltimas semanas e, principalmente, com a briga entre Michelle Bolsonaro e Fl\u00e1vio Bolsonaro. O sentimento para senadoras e deputadas \u00e9 de que os partidos t\u00eam usado a premissa de eleger mulheres, mas nunca d\u00e3o espa\u00e7o de verdade para elas.<\/p>\n<p><strong>Por falar em vice\u2026 \/<\/strong> Hoje, haver\u00e1 mais uma rodada de conversas capitaneadas pelo presidente do PL, Valdemar Costa Neto, para tentar fazer Tereza Cristina vice de Fl\u00e1vio Bolsonaro. E ela, mais uma vez, dir\u00e1 que tem outros planos.<\/p>\n","protected":false},"excerpt":{"rendered":"<p>Coluna Bras\u00edlia-DF publicada na ter\u00e7a-feira, 21 de julho de 2026, por Denise Rothenburg com Eduarda Esposito Qualquer partido com poder de fogo e vontade de vencer nesta temporada eleitoral estar\u00e1 em campo at\u00e9 5 de agosto fechando suas nominatas para deputados federais e estaduais e as coliga\u00e7\u00f5es para as elei\u00e7\u00f5es estaduais e para a presidencial. Quem est\u00e1 com mais dificuldades [&hellip;]<\/p>\n","protected":false},"author":29,"featured_media":13812,"comment_status":"closed","ping_status":"closed","sticky":false,"template":"","format":"standard","meta":{"footnotes":""},"categories":[4,725,10,804,5,299],"tags":[1167,20,1252,1025,278,340,192,23,11,431,34],"class_list":["post-13810","post","type-post","status-publish","format-standard","has-post-thumbnail","hentry","category-coluna-brasilia-df","category-economia","category-eleicoes","category-governo-lula","category-politica","category-stf","tag-banco-master","tag-eleicoes","tag-goias","tag-maranhao","tag-pf","tag-pl","tag-psd","tag-pt","tag-ronaldo-caiado","tag-sao-paulo","tag-stf"],"_links":{"self":[{"href":"https:\/\/blogs.correiobraziliense.com.br\/denise\/wp-json\/wp\/v2\/posts\/13810","targetHints":{"allow":["GET"]}}],"collection":[{"href":"https:\/\/blogs.correiobraziliense.com.br\/denise\/wp-json\/wp\/v2\/posts"}],"about":[{"href":"https:\/\/blogs.correiobraziliense.com.br\/denise\/wp-json\/wp\/v2\/types\/post"}],"author":[{"embeddable":true,"href":"https:\/\/blogs.correiobraziliense.com.br\/denise\/wp-json\/wp\/v2\/users\/29"}],"replies":[{"embeddable":true,"href":"https:\/\/blogs.correiobraziliense.com.br\/denise\/wp-json\/wp\/v2\/comments?post=13810"}],"version-history":[{"count":2,"href":"https:\/\/blogs.correiobraziliense.com.br\/denise\/wp-json\/wp\/v2\/posts\/13810\/revisions"}],"predecessor-version":[{"id":13814,"href":"https:\/\/blogs.correiobraziliense.com.br\/denise\/wp-json\/wp\/v2\/posts\/13810\/revisions\/13814"}],"wp:featuredmedia":[{"embeddable":true,"href":"https:\/\/blogs.correiobraziliense.com.br\/denise\/wp-json\/wp\/v2\/media\/13812"}],"wp:attachment":[{"href":"https:\/\/blogs.correiobraziliense.com.br\/denise\/wp-json\/wp\/v2\/media?parent=13810"}],"wp:term":[{"taxonomy":"category","embeddable":true,"href":"https:\/\/blogs.correiobraziliense.com.br\/denise\/wp-json\/wp\/v2\/categories?post=13810"},{"taxonomy":"post_tag","embeddable":true,"href":"https:\/\/blogs.correiobraziliense.com.br\/denise\/wp-json\/wp\/v2\/tags?post=13810"}],"curies":[{"name":"wp","href":"https:\/\/api.w.org\/{rel}","templated":true}]}}